{"id":117937,"date":"2025-09-24T01:41:26","date_gmt":"2025-09-24T01:41:26","guid":{"rendered":"https:\/\/www.ole.com.ar\/racing\/marcos-rojo-racing-copa-libertadores_0_mqPs82E2dv.html"},"modified":"2025-09-24T01:41:26","modified_gmt":"2025-09-24T01:41:26","slug":"con-la-sangre-en-el-rojo-la-vuelta-que-espera-todo-racing","status":"publish","type":"post","link":"http:\/\/hoycordobaweb.com\/index.php\/2025\/09\/24\/con-la-sangre-en-el-rojo-la-vuelta-que-espera-todo-racing\/","title":{"rendered":"Con la sangre en el Rojo: la vuelta que espera todo Racing"},"content":{"rendered":"<p><img src=\"http:\/\/hoycordobaweb.com\/wp-content\/uploads\/2025\/09\/con-la-sangre-en-el-rojo-la-vuelta-que-espera-todo-racing.jpg\"><\/p>\n<p><time class=\"createDate\" datetime=\"2025-09-23T22:41:26-03:00\">23\/09\/2025 22:41hs.<\/time><\/p>\n<div id=\"storyBody\">\n<div class=\"custom-text \" readability=\"36.731707317073\">\n<p>Por un error que se cometi\u00f3 al momento de realizar su inscripci\u00f3n, <strong><a href=\"https:\/\/www.ole.com.ar\/tema\/marcos-rojo.html\" title=\"Marcos Rojo\" alt=\"Marcos Rojo\" class=\"slug\">Marcos Rojo<\/a><\/strong> es el \u00fanico refuerzo de <strong><a href=\"https:\/\/www.ole.com.ar\/tema\/racing.html\" title=\"Racing\" alt=\"Racing\" class=\"slug\">Racing<\/a> <\/strong>que no puede sumar minutos en el Torneo Clausura. Aunque solo est\u00e1 autorizado a disputar partidos correspondientes a la Copa Argentina y la Libertadores, el defensor sufri\u00f3 una expulsi\u00f3n en los octavos de final del m\u00e1ximo certamen continental que lo priv\u00f3 de dar el presente en cuartos. Por lo tanto, con la clasificaci\u00f3n a la semi asegurada y la sanci\u00f3n cumplida, volver\u00e1 a estar disponible para <strong><a href=\"https:\/\/www.ole.com.ar\/tema\/gustavo-costas.html\" title=\"Gustavo Costas\" alt=\"Gustavo Costas\" class=\"slug\">Gustavo Costas<\/a><\/strong>.<\/p>\n<\/div>\n<div class=\"sc-e7b891c4-0 ifHnQL image-embed\"><img alt=\"Marcos Rojo en el banco frente a Pe\u00f1arol. \" loading=\"lazy\" width=\"720\" height=\"100\" decoding=\"async\" data-nimg=\"1\" src=\"http:\/\/hoycordobaweb.com\/wp-content\/uploads\/2025\/09\/con-la-sangre-en-el-rojo-la-vuelta-que-espera-todo-racing-2.jpg\"><span class=\"epigraphe\">Marcos Rojo en el banco frente a Pe\u00f1arol. <\/span><\/div>\n<p><h2>\u00bfQu\u00e9 partido tendr\u00e1 Marcos Rojo antes de disputar la semi de la Copa Libertadores?<\/h2>\n<\/p>\n<div class=\"custom-text \" readability=\"35.407894736842\">\n<p>Teniendo en cuenta que la semi de la Copa Libertadores se disputar\u00e1 entre el 21 y el 29 de octubre y que no puede ser parte de la formaci\u00f3n en el campeonato dom\u00e9stico, <strong>Marcos Rojo<\/strong> tendr\u00e1 que aprovechar al m\u00e1ximo el duelo que <strong>Racing <\/strong>tendr\u00e1 contra <strong><a href=\"https:\/\/www.ole.com.ar\/tema\/river-plate.html\" title=\"River Plate\" alt=\"River Plate\" class=\"slug\">River<\/a> <\/strong>por los cuartos de final de la Copa Argentina.<\/p>\n<\/div>\n<div class=\"custom-text \" readability=\"34.434782608696\">\n<p>Dicho partido ser\u00e1 el \u00fanico que el defensor podr\u00e1 utilizar para prepararse. Previamente (e incluso despu\u00e9s) el equipo tendr\u00e1 cuatro compromisos correspondientes al Torneo Clausura, incluido el cl\u00e1sico ante <strong><a href=\"https:\/\/www.ole.com.ar\/tema\/club-atletico-independiente.html\" title=\"Club Atl\u00e9tico Independiente\" alt=\"Club Atl\u00e9tico Independiente\" class=\"slug\">Independiente<\/a> <\/strong>en el Cilindro en la d\u00e9cima fecha. Sin embargo, \u00e9l no podr\u00e1 ser parte.<\/p>\n<\/div>\n<div class=\"custom-text \">\n<ul>\n<li>Racing vs. River (02\/10) con horario y sede a definir.<\/li>\n<\/ul>\n<\/div>\n<p><h2>\u00bfCu\u00e1ntos partidos disput\u00f3 Marcos Rojo desde su llegada a Racing?<\/h2>\n<\/p>\n<div class=\"custom-text \" readability=\"35.603773584906\">\n<p>Hasta el momento, <strong>Marcos Rojo <\/strong>no pudo completar un partido entero con <strong>Racing<\/strong>. De hecho, estuvo cerca de lograrlo en la revancha contra <strong><a href=\"https:\/\/www.ole.com.ar\/tema\/penarol.html\" title=\"Pe\u00f1arol\" alt=\"Pe\u00f1arol\" class=\"slug\">Pe\u00f1arol<\/a> <\/strong>en el Cilindro, pero una expulsi\u00f3n a los 87 minutos se lo impidi\u00f3.<\/p>\n<\/div>\n<div class=\"custom-text \" readability=\"34.194312796209\">\n<p>Su debut lo hizo a los 82&#8242; de la ida, momento en el que ingres\u00f3 por<strong> <a href=\"https:\/\/www.ole.com.ar\/tema\/nazareno-colombo.html\" title=\"Nazareno Colombo\" alt=\"Nazareno Colombo\" class=\"slug\">Nazareno Colombo<\/a><\/strong>. Luego, fue titular en la vuelta, donde le anularon un gol por falta en ataque y lo mandaron al vestuario al sacarle la roja.<\/p>\n<\/div>\n<div class=\"sc-e7b891c4-0 ifHnQL image-embed\"><img alt=\"Marcos Rojo vs. Pe\u00f1arol (FOTOBAIRES) \" loading=\"lazy\" width=\"720\" height=\"100\" decoding=\"async\" data-nimg=\"1\" src=\"http:\/\/hoycordobaweb.com\/wp-content\/uploads\/2025\/09\/con-la-sangre-en-el-rojo-la-vuelta-que-espera-todo-racing-3.jpg\"><span class=\"epigraphe\">Marcos Rojo vs. Pe\u00f1arol (FOTOBAIRES)<br \/>\n<\/span><\/div>\n<p><h2>El rival que podr\u00eda tocarle a Racing en la semifinal de la Copa Libertadores y est\u00e1 vinculado a Marcos Rojo<\/h2>\n<\/p>\n<div class=\"custom-text \" readability=\"36\">\n<p>Con la clasificaci\u00f3n a la semi asegurada, <strong>Racing <\/strong>aguarda por su pr\u00f3ximo rival, que saldr\u00e1 de la llave que protagonizan <strong>Estudiantes <\/strong>(club en el que <strong>Marcos Rojo <\/strong>se form\u00f3 y debut\u00f3 profesionalmente) y <strong>Flamengo<\/strong>.<\/p>\n<\/div>\n<div class=\"custom-text \" readability=\"37\">\n<p>A pesar de que la serie est\u00e1 2-1 a favor del Mengao, el partido est\u00e1 abierto. Por ende, en caso de que el Pincha logre una remontada en La Plata, el defensor enfrentar\u00e1 a su ex equipo en el m\u00e1ximo certamen continental.<\/p>\n<\/div>\n<p><h2>\u00bfCu\u00e1ntas veces lleg\u00f3 Racing a una semifinal de Copa Libertadores?<\/h2>\n<\/p>\n<div class=\"custom-text \" readability=\"40\">\n<p>Sin contar la vigente, la Academia lleg\u00f3 a esta instancia de la competencia en tres ocasiones: <strong>1967<\/strong>, <strong>1968 <\/strong>y <strong>1997<\/strong>. No obstante, no tiene un buen registro en esta fase del certamen. De hecho, solo gan\u00f3 en la primera edici\u00f3n de las antes mencionadas, donde todav\u00eda no exist\u00eda el formato actual y sali\u00f3 campe\u00f3n.<\/p>\n<\/div>\n<div class=\"sc-a7166897-0 eoLsBE\" readability=\"6\">\n<section readability=\"2\"><picture><img alt=\"Video: el gol de la clasificaci\u00f3n de Racing a semifinales y el resumen del partido\" loading=\"lazy\" width=\"290\" height=\"290\" decoding=\"async\" data-nimg=\"1\" src=\"http:\/\/hoycordobaweb.com\/wp-content\/uploads\/2025\/09\/con-la-sangre-en-el-rojo-la-vuelta-que-espera-todo-racing-4.jpg\"><\/picture>\n<p><span>Mir\u00e1 tambi\u00e9n<\/span><\/p>\n<hr>\n<h3>Video: el gol de la clasificaci\u00f3n de Racing a semifinales y el resumen del partido<\/h3>\n<\/p>\n<\/section>\n<\/div>\n<div class=\"sc-a7166897-0 eoLsBE\" readability=\"7.5\">\n<section readability=\"5\"><picture><img alt=\"Gustavo Costas, a la guerra tras clasificar a la semi: &quot;Yo no voy a decir que somos candidatos, la quiero ganar&quot;\" loading=\"lazy\" width=\"290\" height=\"290\" decoding=\"async\" data-nimg=\"1\" src=\"http:\/\/hoycordobaweb.com\/wp-content\/uploads\/2025\/09\/con-la-sangre-en-el-rojo-la-vuelta-que-espera-todo-racing-5.jpg\"><\/picture>\n<p><span>Mir\u00e1 tambi\u00e9n<\/span><\/p>\n<hr>\n<h3>Gustavo Costas, a la guerra tras clasificar a la semi: \u00abYo no voy a decir que somos candidatos, la quiero ganar\u00bb<\/h3>\n<\/p>\n<\/section>\n<\/div>\n<div class=\"sc-a7166897-0 eoLsBE\" readability=\"6.5\">\n<section readability=\"3\"><picture><img alt=\"Maravilla Mart\u00ednez, entre el casancio y la felicidad por pasar a la semi\" loading=\"lazy\" width=\"290\" height=\"290\" decoding=\"async\" data-nimg=\"1\" src=\"http:\/\/hoycordobaweb.com\/wp-content\/uploads\/2025\/09\/con-la-sangre-en-el-rojo-la-vuelta-que-espera-todo-racing-6.jpg\"><\/picture>\n<p><span>Mir\u00e1 tambi\u00e9n<\/span><\/p>\n<hr>\n<h3>Maravilla Mart\u00ednez, entre el casancio y la felicidad por pasar a la semi<\/h3>\n<\/p>\n<\/section>\n<\/div>\n<\/div>\n","protected":false},"excerpt":{"rendered":"<p>23\/09\/2025 22:41hs. Por un error que se cometi\u00f3 al momento de realizar su inscripci\u00f3n, Marcos Rojo es el \u00fanico refuerzo de Racing que no puede sumar minutos en el Torneo Clausura. Aunque solo est\u00e1 autorizado a disputar partidos correspondientes a la Copa Argentina y la Libertadores, el defensor sufri\u00f3 una expulsi\u00f3n en los octavos de [&hellip;]<\/p>\n","protected":false},"author":1,"featured_media":117938,"comment_status":"open","ping_status":"closed","sticky":false,"template":"","format":"standard","meta":[],"categories":[16],"tags":[],"_links":{"self":[{"href":"http:\/\/hoycordobaweb.com\/index.php\/wp-json\/wp\/v2\/posts\/117937"}],"collection":[{"href":"http:\/\/hoycordobaweb.com\/index.php\/wp-json\/wp\/v2\/posts"}],"about":[{"href":"http:\/\/hoycordobaweb.com\/index.php\/wp-json\/wp\/v2\/types\/post"}],"author":[{"embeddable":true,"href":"http:\/\/hoycordobaweb.com\/index.php\/wp-json\/wp\/v2\/users\/1"}],"replies":[{"embeddable":true,"href":"http:\/\/hoycordobaweb.com\/index.php\/wp-json\/wp\/v2\/comments?post=117937"}],"version-history":[{"count":0,"href":"http:\/\/hoycordobaweb.com\/index.php\/wp-json\/wp\/v2\/posts\/117937\/revisions"}],"wp:featuredmedia":[{"embeddable":true,"href":"http:\/\/hoycordobaweb.com\/index.php\/wp-json\/wp\/v2\/media\/117938"}],"wp:attachment":[{"href":"http:\/\/hoycordobaweb.com\/index.php\/wp-json\/wp\/v2\/media?parent=117937"}],"wp:term":[{"taxonomy":"category","embeddable":true,"href":"http:\/\/hoycordobaweb.com\/index.php\/wp-json\/wp\/v2\/categories?post=117937"},{"taxonomy":"post_tag","embeddable":true,"href":"http:\/\/hoycordobaweb.com\/index.php\/wp-json\/wp\/v2\/tags?post=117937"}],"curies":[{"name":"wp","href":"https:\/\/api.w.org\/{rel}","templated":true}]}}