{"id":117933,"date":"2025-09-24T02:21:10","date_gmt":"2025-09-24T02:21:10","guid":{"rendered":"https:\/\/www.ole.com.ar\/informacion-general\/lanus-fluminense-represion-policial-hinchas-brasil_0_q9BKC0xWRZ.html"},"modified":"2025-09-24T02:21:10","modified_gmt":"2025-09-24T02:21:10","slug":"con-lanus-como-nueva-victima-crecen-los-antecedentes-de-represion-policial-contra-los-argentinos-en-brasil","status":"publish","type":"post","link":"http:\/\/hoycordobaweb.com\/index.php\/2025\/09\/24\/con-lanus-como-nueva-victima-crecen-los-antecedentes-de-represion-policial-contra-los-argentinos-en-brasil\/","title":{"rendered":"Con Lan\u00fas como nueva v\u00edctima, crecen los antecedentes de represi\u00f3n policial contra los argentinos en Brasil"},"content":{"rendered":"<p><img src=\"http:\/\/hoycordobaweb.com\/wp-content\/uploads\/2025\/09\/con-lanus-como-nueva-victima-crecen-los-antecedentes-de-represion-policial-contra-los-argentinos-en-brasil.jpg\"><\/p>\n<p><time class=\"createDate\" datetime=\"2025-09-23T23:21:10-03:00\">23\/09\/2025 23:21hs.<\/time><\/p>\n<div id=\"storyBody\">\n<div class=\"custom-text \" readability=\"37.262357414449\">\n<p>Otro repetido episodio de represi\u00f3n policial se hizo presente en Brasil, donde hinchas de <strong><a href=\"https:\/\/www.ole.com.ar\/tema\/lanus.html\" title=\"Lan\u00fas\" alt=\"Lan\u00fas\" class=\"slug\">Lan\u00fas<\/a> <\/strong>fueron atacados durante el entretiempo contra <strong><a href=\"https:\/\/www.ole.com.ar\/tema\/fluminense.html\" title=\"Fluminense\" alt=\"Fluminense\" class=\"slug\">Fluminense<\/a> <\/strong>por el partido de vuelta de los cuartos de final de la Copa Sudamericana. Sin embargo, lamentablemente, los simpatizantes del Granate no fueron los \u00fanicos que sufrieron situaciones de este estilo. De hecho, a lo largo de la historia, gran parte de los clubes locales (e incluso la propia <strong><a href=\"https:\/\/www.ole.com.ar\/tema\/seleccion-argentina.html\" title=\"Selecci\u00f3n Argentina\" alt=\"Selecci\u00f3n Argentina\" class=\"slug\">Selecci\u00f3n Argentina<\/a><\/strong>) vivieron en carne propia momentos de estas caracter\u00edsticas.<\/p>\n<\/div>\n<div class=\"sc-3c5a76cc-1 idjLTd\" readability=\"6\">\n<div class=\"sc-e8b2828-0 fBmEJc vertical\" type=\"embedvertical\">\n<div class=\"sc-e8b2828-1 iPLbWT videoText\" id=\"contentTitleembedverticalmwloolXe\" type=\"embedvertical\"><svg fill=\"#ffffff\"><symbol id=\"play\" viewBox=\"0 0 512 512\"><path d=\"M512 256C512 397.4 397.4 512 256 512C114.6 512 0 397.4 0 256C0 114.6 114.6 0 256 0C397.4 0 512 114.6 512 256zM176 168V344C176 352.7 180.7 360.7 188.3 364.9C195.8 369.2 205.1 369 212.5 364.5L356.5 276.5C363.6 272.1 368 264.4 368 256C368 247.6 363.6 239.9 356.5 235.5L212.5 147.5C205.1 142.1 195.8 142.8 188.3 147.1C180.7 151.3 176 159.3 176 168V168z\" \/><\/symbol><use xlink:href=\"#play\" \/><\/svg><\/p>\n<div class=\"right\">\n<p>Lan\u00fas<!-- --> &#8211; <span>&nbsp;<\/span><\/p>\n<h2 class=\"title-vid\">Incidentes entre los hinchas de Lan\u00fas y la polic\u00eda en el Maracan\u00e1<\/h2>\n<\/div>\n<\/div>\n<p><span class=\"back\" id=\"spanBackembedverticalmwloolXe\"><\/span><\/div>\n<div class=\"JWvideoNota_title\" readability=\"7\">\n<p>En el entretiempo comenzaron las disputas en la tribuna que ocuparon los hinchas de Lan\u00fas.<\/p>\n<\/div>\n<\/div>\n<div class=\"custom-text \" readability=\"34.137535816619\">\n<p>Solo teniendo en cuenta el calendario 2025, la parcialidad de <strong><a href=\"https:\/\/www.ole.com.ar\/tema\/godoy-cruz.html\" title=\"Godoy Cruz\" alt=\"Godoy Cruz\" class=\"slug\">Godoy Cruz<\/a><\/strong> que viaj\u00f3 a Belo Horizonte para enfrentar a <strong><a href=\"https:\/\/www.ole.com.ar\/tema\/atletico-mineiro.html\" title=\"Atletico Mineiro\" alt=\"Atletico Mineiro\" class=\"slug\">Atl\u00e9tico Mineiro<\/a> <\/strong>por el mismo certamen<strong> <\/strong>fue otra de las atacadas. A diferencia de lo que sucedi\u00f3 con el equipo del sur del Conurbano Bonaerense, los del Tomba fueron agredidos a palazos y golpes una vez que finaliz\u00f3 el encuentro.<\/p>\n<\/div>\n<div class=\"sc-3c5a76cc-1 idjLTd\">\n<div class=\"sc-e8b2828-0 fBmEJc\" type=\"embed\">\n<div class=\"sc-e8b2828-1 iPLbWT videoText\" id=\"contentTitleembedpZm6fdVr\" type=\"embed\"><svg fill=\"#ffffff\"><symbol id=\"play\" viewBox=\"0 0 512 512\"><path d=\"M512 256C512 397.4 397.4 512 256 512C114.6 512 0 397.4 0 256C0 114.6 114.6 0 256 0C397.4 0 512 114.6 512 256zM176 168V344C176 352.7 180.7 360.7 188.3 364.9C195.8 369.2 205.1 369 212.5 364.5L356.5 276.5C363.6 272.1 368 264.4 368 256C368 247.6 363.6 239.9 356.5 235.5L212.5 147.5C205.1 142.1 195.8 142.8 188.3 147.1C180.7 151.3 176 159.3 176 168V168z\" \/><\/symbol><use xlink:href=\"#play\" \/><\/svg><\/p>\n<div class=\"right\">\n<p>Godoy Cruz<!-- --> &#8211; <span>&nbsp;<\/span><\/p>\n<h2 class=\"title-vid\">La represi\u00f3n de la polic\u00eda a los hinchas de Godoy Cruz<\/h2>\n<\/div>\n<\/div>\n<p><span class=\"back\" id=\"spanBackembedpZm6fdVr\"><\/span><\/div>\n<div class=\"JWvideoNota_title\">\n<p>Video: @somos_godoycruz<\/p>\n<\/div>\n<\/div>\n<div class=\"custom-text \" readability=\"33.61154855643\">\n<p>Ya m\u00e1s atr\u00e1s en el tiempo, incontable cantidad de veces sucedi\u00f3 lo mismo. <strong><a href=\"https:\/\/www.ole.com.ar\/tema\/boca-juniors.html\" title=\"Boca Juniors\" alt=\"Boca Juniors\" class=\"slug\">Boca<\/a> <\/strong>lo padeci\u00f3 en una playa de R\u00edo de Janeiro antes de la final de la Copa Libertadores 2023, <strong><a href=\"https:\/\/www.ole.com.ar\/tema\/argentinos-juniors.html\" title=\"Argentinos Juniors\" alt=\"Argentinos Juniors\" class=\"slug\">Argentinos Juniors<\/a> <\/strong>y<strong> <a href=\"https:\/\/www.ole.com.ar\/tema\/estudiantes-de-la-plata.html\" title=\"Estudiantes de La Plata\" alt=\"Estudiantes de La Plata\" class=\"slug\">Estudiantes<\/a> <\/strong>en una instancia previa de esa misma edici\u00f3n (donde<strong> <\/strong>las fuerzas policiales dispararon a quemarropa) y <strong><a href=\"https:\/\/www.ole.com.ar\/tema\/san-lorenzo.html\" title=\"San Lorenzo\" alt=\"San Lorenzo\" class=\"slug\">San Lorenzo<\/a><\/strong> en los octavos de 2024. No obstante, no fueron los \u00fanicos.<\/p>\n<\/div>\n<div class=\"sc-3c5a76cc-1 idjLTd\" readability=\"7\">\n<div class=\"sc-e8b2828-0 fBmEJc\" type=\"embed\">\n<div class=\"sc-e8b2828-1 iPLbWT videoText\" id=\"contentTitleembed9XlOHlos\" type=\"embed\"><svg fill=\"#ffffff\"><symbol id=\"play\" viewBox=\"0 0 512 512\"><path d=\"M512 256C512 397.4 397.4 512 256 512C114.6 512 0 397.4 0 256C0 114.6 114.6 0 256 0C397.4 0 512 114.6 512 256zM176 168V344C176 352.7 180.7 360.7 188.3 364.9C195.8 369.2 205.1 369 212.5 364.5L356.5 276.5C363.6 272.1 368 264.4 368 256C368 247.6 363.6 239.9 356.5 235.5L212.5 147.5C205.1 142.1 195.8 142.8 188.3 147.1C180.7 151.3 176 159.3 176 168V168z\" \/><\/symbol><use xlink:href=\"#play\" \/><\/svg><\/p>\n<div class=\"right\">\n<p>Boca Juniors<!-- --> &#8211; <span>&nbsp;<\/span><\/p>\n<h2 class=\"title-vid\">Los testimonios de los hinchas de Boca agredidos en Brasil<\/h2>\n<\/div>\n<\/div>\n<p><span class=\"back\" id=\"spanBackembed9XlOHlos\"><\/span><\/div>\n<p>Video: Ol\u00e9 &#8211; Twitter &#8211; TNT Sports.<\/p>\n<\/div>\n<div class=\"custom-text \" readability=\"28.354430379747\">\n<p><strong><a href=\"https:\/\/www.ole.com.ar\/tema\/river-plate.html\" title=\"River Plate\" alt=\"River Plate\" class=\"slug\">River<\/a> <\/strong>en el Morumb\u00ed en 2005, <strong><a href=\"https:\/\/www.ole.com.ar\/tema\/tigre.html\" title=\"Tigre\" alt=\"Tigre\" class=\"slug\">Tigre<\/a> <\/strong>en 2012, <strong><a href=\"https:\/\/www.ole.com.ar\/tema\/arsenal-de-sarandi.html\" title=\"Arsenal de Sarand\u00ed\" alt=\"Arsenal de Sarand\u00ed\" class=\"slug\">Arsenal<\/a> <\/strong>en 2013 e <strong><a href=\"https:\/\/www.ole.com.ar\/tema\/club-atletico-independiente.html\" title=\"Club Atl\u00e9tico Independiente\" alt=\"Club Atl\u00e9tico Independiente\" class=\"slug\">Independiente<\/a> <\/strong>en 2016 son otros de los muchos y tristes ejemplos que existen en este historial.<\/p>\n<\/div>\n<p><h2>El antecedente de represi\u00f3n policial en Brasil contra los hinchas de la Selecci\u00f3n Argentina<\/h2>\n<\/p>\n<div class=\"custom-text \" readability=\"37\">\n<p>En 2023, el partido entre <strong>Brasil <\/strong>y <strong>Argentina <\/strong>por Eliminatorias Sudamericanas<strong> <\/strong>se demor\u00f3 porque se produjo un incidente entre la polic\u00eda y algunos hinchas en una tribuna cabecera. Hubo represi\u00f3n a bastonazos y golpes de la parcialidad local hacia la visitante. Por lo tanto, el capit\u00e1n y el resto del plantel se acercaron a las tribunas para intentar frenar a los efectivos de seguridad.<\/p>\n<\/div>\n<div class=\"sc-3c5a76cc-1 idjLTd\">\n<div class=\"sc-e8b2828-0 fBmEJc\" type=\"embed\">\n<div class=\"sc-e8b2828-1 iPLbWT videoText\" id=\"contentTitleembedCXqxr8ou\" type=\"embed\" readability=\"56\"><svg fill=\"#ffffff\"><symbol id=\"play\" viewBox=\"0 0 512 512\"><path d=\"M512 256C512 397.4 397.4 512 256 512C114.6 512 0 397.4 0 256C0 114.6 114.6 0 256 0C397.4 0 512 114.6 512 256zM176 168V344C176 352.7 180.7 360.7 188.3 364.9C195.8 369.2 205.1 369 212.5 364.5L356.5 276.5C363.6 272.1 368 264.4 368 256C368 247.6 363.6 239.9 356.5 235.5L212.5 147.5C205.1 142.1 195.8 142.8 188.3 147.1C180.7 151.3 176 159.3 176 168V168z\" \/><\/symbol><use xlink:href=\"#play\" \/><\/svg><\/p>\n<div class=\"right\" readability=\"7\">\n<p>Selecci\u00f3n Argentina<!-- --> &#8211; <span>&nbsp;<\/span><\/p>\n<h2 class=\"title-vid\">M\u00e1s im\u00e1genes del esc\u00e1ndalo en Brasil<\/h2>\n<\/div>\n<\/div>\n<p><span class=\"back\" id=\"spanBackembedCXqxr8ou\"><\/span><\/div>\n<p>Video: Igor Rodrigues<\/p>\n<\/div>\n<div class=\"sc-a7166897-0 eoLsBE\" readability=\"6\">\n<section readability=\"2\"><picture><img alt=\"Otra vez la violencia policial en Brasil: les pegaron a los hinchas de Lan\u00fas\" loading=\"lazy\" width=\"290\" height=\"290\" decoding=\"async\" data-nimg=\"1\" src=\"http:\/\/hoycordobaweb.com\/wp-content\/uploads\/2025\/09\/con-lanus-como-nueva-victima-crecen-los-antecedentes-de-represion-policial-contra-los-argentinos-en-brasil-2.jpg\"><\/picture>\n<p><span>Mir\u00e1 tambi\u00e9n<\/span><\/p>\n<hr>\n<h3>Otra vez la violencia policial en Brasil: les pegaron a los hinchas de Lan\u00fas<\/h3>\n<\/p>\n<\/section>\n<\/div>\n<div class=\"sc-a7166897-0 eoLsBE\" readability=\"6\">\n<section readability=\"2\"><picture><img alt=\"Lan\u00fas hizo historia en el Maracan\u00e1: elimin\u00f3 a Flu y es semifinalista\" loading=\"lazy\" width=\"290\" height=\"290\" decoding=\"async\" data-nimg=\"1\" src=\"http:\/\/hoycordobaweb.com\/wp-content\/uploads\/2025\/09\/con-lanus-como-nueva-victima-crecen-los-antecedentes-de-represion-policial-contra-los-argentinos-en-brasil-3.jpg\"><\/picture>\n<p><span>Mir\u00e1 tambi\u00e9n<\/span><\/p>\n<hr>\n<h3>Lan\u00fas hizo historia en el Maracan\u00e1: elimin\u00f3 a Flu y es semifinalista<\/h3>\n<\/p>\n<\/section>\n<\/div>\n<div class=\"sc-a7166897-0 eoLsBE\" readability=\"6\">\n<section readability=\"2\"><picture><img alt=\"Con la sangre en el Rojo: la vuelta que espera todo Racing\" loading=\"lazy\" width=\"290\" height=\"290\" decoding=\"async\" data-nimg=\"1\" src=\"http:\/\/hoycordobaweb.com\/wp-content\/uploads\/2025\/09\/con-lanus-como-nueva-victima-crecen-los-antecedentes-de-represion-policial-contra-los-argentinos-en-brasil-4.jpg\"><\/picture>\n<p><span>Mir\u00e1 tambi\u00e9n<\/span><\/p>\n<hr>\n<h3>Con la sangre en el Rojo: la vuelta que espera todo Racing<\/h3>\n<\/p>\n<\/section>\n<\/div>\n<\/div>\n","protected":false},"excerpt":{"rendered":"<p>23\/09\/2025 23:21hs. Otro repetido episodio de represi\u00f3n policial se hizo presente en Brasil, donde hinchas de Lan\u00fas fueron atacados durante el entretiempo contra Fluminense por el partido de vuelta de los cuartos de final de la Copa Sudamericana. Sin embargo, lamentablemente, los simpatizantes del Granate no fueron los \u00fanicos que sufrieron situaciones de este estilo. [&hellip;]<\/p>\n","protected":false},"author":1,"featured_media":117934,"comment_status":"open","ping_status":"closed","sticky":false,"template":"","format":"standard","meta":[],"categories":[16],"tags":[],"_links":{"self":[{"href":"http:\/\/hoycordobaweb.com\/index.php\/wp-json\/wp\/v2\/posts\/117933"}],"collection":[{"href":"http:\/\/hoycordobaweb.com\/index.php\/wp-json\/wp\/v2\/posts"}],"about":[{"href":"http:\/\/hoycordobaweb.com\/index.php\/wp-json\/wp\/v2\/types\/post"}],"author":[{"embeddable":true,"href":"http:\/\/hoycordobaweb.com\/index.php\/wp-json\/wp\/v2\/users\/1"}],"replies":[{"embeddable":true,"href":"http:\/\/hoycordobaweb.com\/index.php\/wp-json\/wp\/v2\/comments?post=117933"}],"version-history":[{"count":0,"href":"http:\/\/hoycordobaweb.com\/index.php\/wp-json\/wp\/v2\/posts\/117933\/revisions"}],"wp:featuredmedia":[{"embeddable":true,"href":"http:\/\/hoycordobaweb.com\/index.php\/wp-json\/wp\/v2\/media\/117934"}],"wp:attachment":[{"href":"http:\/\/hoycordobaweb.com\/index.php\/wp-json\/wp\/v2\/media?parent=117933"}],"wp:term":[{"taxonomy":"category","embeddable":true,"href":"http:\/\/hoycordobaweb.com\/index.php\/wp-json\/wp\/v2\/categories?post=117933"},{"taxonomy":"post_tag","embeddable":true,"href":"http:\/\/hoycordobaweb.com\/index.php\/wp-json\/wp\/v2\/tags?post=117933"}],"curies":[{"name":"wp","href":"https:\/\/api.w.org\/{rel}","templated":true}]}}