{"id":117752,"date":"2025-09-22T20:49:21","date_gmt":"2025-09-22T20:49:21","guid":{"rendered":"https:\/\/www.trendencias.com\/hombres\/ousmane-dembele-conquista-balon-oro-2025-premio-al-renacer-su-talento-indomable-cancha"},"modified":"2025-09-22T20:49:21","modified_gmt":"2025-09-22T20:49:21","slug":"ousmane-dembele-conquista-el-balon-de-oro-2025-un-premio-al-renacer-de-su-talento-indomable-en-la-cancha","status":"publish","type":"post","link":"http:\/\/hoycordobaweb.com\/index.php\/2025\/09\/22\/ousmane-dembele-conquista-el-balon-de-oro-2025-un-premio-al-renacer-de-su-talento-indomable-en-la-cancha\/","title":{"rendered":"Ousmane Demb\u00e9l\u00e9 conquista el Bal\u00f3n de Oro 2025: un premio al renacer de su talento indomable en la cancha"},"content":{"rendered":"<p>Desde Par\u00eds, la gala del Bal\u00f3n de Oro de 2025 presenci\u00f3 una sorpresa esperada: <strong>Ousmane Demb\u00e9l\u00e9<\/strong> se alz\u00f3 con el premio m\u00e1s codiciado del f\u00fatbol mundial. Este reconocimiento no lleg\u00f3 de la nada; ha sido el broche de una temporada prodigiosa, tanto a nivel colectivo como individual.&nbsp;<\/p>\n<p><!-- BREAK 1 --> <\/p>\n<p>Tras superar lesiones, cr\u00edticas y altibajos,<a rel=\"noopener, noreferrer\" href=\"https:\/\/www.espn.com.mx\/futbol\/francia\/nota\/_\/id\/14914101\/ousmane-dembele-como-se-convirtio-mejor-futbolista-mundo-francia\">&nbsp;su rendimiento en PSG y con Francia convenci\u00f3 a la prensa<\/a>, a los aficionados\u2026 y, sobre todo, a quienes votaron en este galard\u00f3n.<\/p>\n<p><!-- BREAK 2 --><\/p>\n<div class=\"article-asset article-asset-normal article-asset-center\">\n<div class=\"desvio-container\">\n<div class=\"desvio\">\n<div class=\"desvio-figure js-desvio-figure\"> <a href=\"https:\/\/www.trendencias.com\/belleza\/cinco-cortes-pelo-bonitos-efecto-rejuvenecedor-que-se-llevaran-despues-septiembre\" class=\"pivot-outboundlink\" data-vars-post-title=\"Los cinco cortes de pelo m\u00e1s bonitos y con efecto rejuvenecedor que se llevar\u00e1n despu\u00e9s de septiembre \"> <img loading=\"lazy\" alt=\"Los cinco cortes de pelo m\u00e1s bonitos y con efecto rejuvenecedor que se llevar\u00e1n despu\u00e9s de septiembre \" width=\"375\" height=\"142\" src=\"http:\/\/hoycordobaweb.com\/wp-content\/uploads\/2025\/09\/ousmane-dembele-conquista-el-balon-de-oro-2025-un-premio-al-renacer-de-su-talento-indomable-en-la-cancha.jpg\"> <\/a> <\/div><\/div><\/div>\n<\/div>\n<p>El a\u00f1o futbol\u00edstico ha sido para Demb\u00e9l\u00e9 un viaje de superaci\u00f3n: con el Paris Saint-Germain logr\u00f3 el <strong>triplete hist\u00f3rico<\/strong>, <a rel=\"noopener, noreferrer\" href=\"https:\/\/es.uefa.com\/uefachampionsleague\/news\/0299-1de415d64a74-3b823c95e57a-1000--el-paris-saint-germain-gana-la-champions-league-exhibicion\/\">incluyendo por primera vez<\/a> la <strong>Champions League<\/strong>, aportando goles decisivos y asistencias de fantas\u00eda en momentos clave. Adem\u00e1s, en la Ligue 1 fue pichichi compartido, lo que refleja su capacidad no solo de brillar en torneos europeos sino tambi\u00e9n de mantener una constancia bestial en liga.<\/p>\n<p>El franc\u00e9s no s\u00f3lo dej\u00f3 estad\u00edsticas: dej\u00f3 momentos imborrables. <a rel=\"noopener, noreferrer\" href=\"https:\/\/www.youtube.com\/watch?v=6jsy4VnkZn8\">Hat-tricks consecutivos<\/a>, goles en eliminatorias de Champions, asistencias en finales, jugadas que cambiaban partidos\u2026 esa combinaci\u00f3n de eficiencia goleadora, desequilibrio en banda y compromiso en los minutos m\u00e1s decisivos <strong>le dio ese plus que buscan los votantes<\/strong> para ser acreedor al m\u00e1ximo galard\u00f3n del f\u00fatbol internacional despu\u00e9s de haber sido nombrado como <a rel=\"noopener, noreferrer\" href=\"https:\/\/www.jornada.com.mx\/noticia\/2025\/05\/11\/deportes\/ousmane-dembele-del-psg-es-elegido-como-el-mejor-jugador-de-la-ligue-1\">Mejor Jugador de la Ligue 1<\/a>.<\/p>\n<p><!-- BREAK 3 --> <\/p>\n<div class=\"article-asset-image article-asset-normal article-asset-center\">\n<div class=\"asset-content\"> <img class=\"centro_sinmarco\" height=\"1350\" width=\"1080\" loading=\"lazy\" decoding=\"async\" sizes=\"100vw\" fetchpriority=\"high\" srcset=\"http:\/\/hoycordobaweb.com\/wp-content\/uploads\/2025\/09\/ousmane-dembele-conquista-el-balon-de-oro-2025-un-premio-al-renacer-de-su-talento-indomable-en-la-cancha-1.jpg 450w, http:\/\/hoycordobaweb.com\/wp-content\/uploads\/2025\/09\/ousmane-dembele-conquista-el-balon-de-oro-2025-un-premio-al-renacer-de-su-talento-indomable-en-la-cancha-3.jpg 681w, http:\/\/hoycordobaweb.com\/wp-content\/uploads\/2025\/09\/ousmane-dembele-conquista-el-balon-de-oro-2025-un-premio-al-renacer-de-su-talento-indomable-en-la-cancha-4.jpg 1024w, http:\/\/hoycordobaweb.com\/wp-content\/uploads\/2025\/09\/ousmane-dembele-conquista-el-balon-de-oro-2025-un-premio-al-renacer-de-su-talento-indomable-en-la-cancha-5.jpg 1366w\" src=\"http:\/\/hoycordobaweb.com\/wp-content\/uploads\/2025\/09\/ousmane-dembele-conquista-el-balon-de-oro-2025-un-premio-al-renacer-de-su-talento-indomable-en-la-cancha-1.jpg\" alt=\"Ousmane Dembele Conquista El Balon De Oro 2025 Un Premio Al Renacer De Su Talento Indomable En La Cancha\"> <noscript><img alt=\"Ousmane Dembele Conquista El Balon De Oro 2025 Un Premio Al Renacer De Su Talento Indomable En La Cancha\" class=\"centro_sinmarco\" src=\"http:\/\/hoycordobaweb.com\/wp-content\/uploads\/2025\/09\/ousmane-dembele-conquista-el-balon-de-oro-2025-un-premio-al-renacer-de-su-talento-indomable-en-la-cancha-1.jpg\"><\/noscript> <\/div>\n<\/div>\n<p>Una de las claves de su triunfo ha sido la regularidad. A diferencia de temporadas anteriores en las que las lesiones le frenaban justo cuando empezaba a carburar, <strong>esta vez ha llegado fuerte casi todo el curso<\/strong>. Incluso en partidos complicados, su influencia ha sido perceptible: ya sea generando espacios, asistiendo a compa\u00f1eros <a rel=\"noopener, noreferrer\" href=\"https:\/\/www.transfermarkt.us\/ousmane-dembele\/leistungsdaten\/spieler\/288230\">o definiendo cuando el partido lo exig\u00eda<\/a>.&nbsp;<\/p>\n<p>Otro factor que pesa mucho en un Bal\u00f3n de Oro son los t\u00edtulos. Demb\u00e9l\u00e9 no s\u00f3lo se col\u00f3 en lo colectivo, sino que fue protagonista en ellos. PSG levant\u00f3 no solo el campeonato liguero, tambi\u00e9n la gran copa europea, <a rel=\"noopener, noreferrer\" href=\"https:\/\/www.uefa.com\/uefachampionsleague\/clubs\/players\/250066886--ousmane-dembele\/\">lo que visibiliza al jugador frente al mundo<\/a>.&nbsp;<\/p>\n<p>Hoy, al recoger el Bal\u00f3n de Oro, <strong>Demb\u00e9l\u00e9 celebra no s\u00f3lo un trofeo individual<\/strong>, sino el premio a a\u00f1os de trabajo, exigencia y esfuerzo silencioso. Ahora, queda mantener ese nivel, porque le toca demostrar que no fue una casualidad, sino el comienzo de un reinado que muchos ya esperamos con expectaci\u00f3n.<\/p>\n<p>Fotos de <a rel=\"noopener, noreferrer\" href=\"https:\/\/www.instagram.com\/zegna\/?hl=es\">Zegna<\/a> | Wikimedia<\/p>\n<p>En Trendencias | <a class=\"text-outboundlink\" href=\"https:\/\/www.trendencias.com\/hombres\/fue-quien-me-hizo-amar-barcelona-ousmane-dembele-confiesa-quien-tuvo-mejor-relacion-durante-su-paso-equipo-blaugrana\" data-vars-post-title=\"&quot;Fue quien me hizo amar el Barcelona&quot;: Ousmane Demb\u00e9l\u00e9 confiesa con quien tuvo una mejor relaci\u00f3n durante su paso en el equipo blaugrana \" data-vars-post-url=\"https:\/\/www.trendencias.com\/hombres\/fue-quien-me-hizo-amar-barcelona-ousmane-dembele-confiesa-quien-tuvo-mejor-relacion-durante-su-paso-equipo-blaugrana\" title=\"&quot;Fue quien me hizo amar el Barcelona&quot;: Ousmane Demb\u00e9l\u00e9 confiesa con quien tuvo una mejor relaci\u00f3n durante su paso en el equipo blaugrana \">\u00abFue quien me hizo amar el Barcelona\u00bb: Ousmane Demb\u00e9l\u00e9 confiesa con quien tuvo una mejor relaci\u00f3n durante su paso en el equipo blaugrana<\/a><\/p>\n<p>En Trendencias | <a class=\"text-outboundlink\" href=\"https:\/\/www.trendencias.com\/hombres\/sentimos-lamine-yamal-ousmane-dembele-tiene-camino-allanado-para-balon-oro-al-estadisticamente\" data-vars-post-title=\"Lo sentimos por Lamine Yamal, pero Ousmane Dembel\u00e9 tiene el camino allanado para el Bal\u00f3n de Oro\" data-vars-post-url=\"https:\/\/www.trendencias.com\/hombres\/sentimos-lamine-yamal-ousmane-dembele-tiene-camino-allanado-para-balon-oro-al-estadisticamente\" title=\"Lo sentimos por Lamine Yamal, pero Ousmane Dembel\u00e9 tiene el camino allanado para el Bal\u00f3n de Oro\">Lo sentimos por Lamine Yamal, pero Ousmane Dembel\u00e9 tiene el camino allanado para el Bal\u00f3n de Oro<\/a><\/p>\n<p><!-- BREAK 4 --> <\/p>\n","protected":false},"excerpt":{"rendered":"<p>Desde Par\u00eds, la gala del Bal\u00f3n de Oro de 2025 presenci\u00f3 una sorpresa esperada: Ousmane Demb\u00e9l\u00e9 se alz\u00f3 con el premio m\u00e1s codiciado del f\u00fatbol mundial. Este reconocimiento no lleg\u00f3 de la nada; ha sido el broche de una temporada prodigiosa, tanto a nivel colectivo como individual.&nbsp; Tras superar lesiones, cr\u00edticas y altibajos,&nbsp;su rendimiento en [&hellip;]<\/p>\n","protected":false},"author":1,"featured_media":117753,"comment_status":"closed","ping_status":"closed","sticky":false,"template":"","format":"standard","meta":[],"categories":[],"tags":[],"_links":{"self":[{"href":"http:\/\/hoycordobaweb.com\/index.php\/wp-json\/wp\/v2\/posts\/117752"}],"collection":[{"href":"http:\/\/hoycordobaweb.com\/index.php\/wp-json\/wp\/v2\/posts"}],"about":[{"href":"http:\/\/hoycordobaweb.com\/index.php\/wp-json\/wp\/v2\/types\/post"}],"author":[{"embeddable":true,"href":"http:\/\/hoycordobaweb.com\/index.php\/wp-json\/wp\/v2\/users\/1"}],"replies":[{"embeddable":true,"href":"http:\/\/hoycordobaweb.com\/index.php\/wp-json\/wp\/v2\/comments?post=117752"}],"version-history":[{"count":0,"href":"http:\/\/hoycordobaweb.com\/index.php\/wp-json\/wp\/v2\/posts\/117752\/revisions"}],"wp:featuredmedia":[{"embeddable":true,"href":"http:\/\/hoycordobaweb.com\/index.php\/wp-json\/wp\/v2\/media\/117753"}],"wp:attachment":[{"href":"http:\/\/hoycordobaweb.com\/index.php\/wp-json\/wp\/v2\/media?parent=117752"}],"wp:term":[{"taxonomy":"category","embeddable":true,"href":"http:\/\/hoycordobaweb.com\/index.php\/wp-json\/wp\/v2\/categories?post=117752"},{"taxonomy":"post_tag","embeddable":true,"href":"http:\/\/hoycordobaweb.com\/index.php\/wp-json\/wp\/v2\/tags?post=117752"}],"curies":[{"name":"wp","href":"https:\/\/api.w.org\/{rel}","templated":true}]}}