{"id":117740,"date":"2025-09-22T00:18:22","date_gmt":"2025-09-22T00:18:22","guid":{"rendered":"https:\/\/www.ole.com.ar\/river-plate\/river-palmeiras-libertadores-gallardo-brasil_0_qaTNozEZHG.html"},"modified":"2025-09-22T00:18:22","modified_gmt":"2025-09-22T00:18:22","slug":"las-dudas-en-el-11-de-river-para-la-revancha-ante-palmeiras-en-brasil","status":"publish","type":"post","link":"http:\/\/hoycordobaweb.com\/index.php\/2025\/09\/22\/las-dudas-en-el-11-de-river-para-la-revancha-ante-palmeiras-en-brasil\/","title":{"rendered":"Las dudas en el 11 de River para la revancha ante Palmeiras en Brasil"},"content":{"rendered":"<p><img src=\"http:\/\/hoycordobaweb.com\/wp-content\/uploads\/2025\/09\/las-dudas-en-el-11-de-river-para-la-revancha-ante-palmeiras-en-brasil.jpg\"><\/p>\n<p><time class=\"createDate\" datetime=\"2025-09-21T21:18:22-03:00\">21\/09\/2025 21:18hs.<\/time><\/p>\n<div id=\"storyBody\">\n<div class=\"custom-text \" readability=\"33.995515695067\">\n<p>Si bien <strong><a href=\"https:\/\/www.ole.com.ar\/tema\/marcelo-gallardo.html\" title=\"Marcelo Gallardo\" alt=\"Marcelo Gallardo\" class=\"slug\">Marcelo Gallardo<\/a><\/strong> no dio ning\u00fan indicio sobre la formaci\u00f3n que tiene en mente para la revancha de cuartos de final de la <strong><a href=\"https:\/\/www.ole.com.ar\/tema\/copa-libertadores.html\" title=\"Copa Libertadores\" alt=\"Copa Libertadores\" class=\"slug\">Copa Libertadores<\/a><\/strong> contra el <strong><a href=\"https:\/\/www.ole.com.ar\/tema\/palmeiras.html\" title=\"Palmeiras\" alt=\"Palmeiras\" class=\"slug\">Palmeiras<\/a><\/strong>, este mi\u00e9rcoles en el Allianz Parque de San Pablo, el entrenador de <strong><a href=\"https:\/\/www.ole.com.ar\/tema\/river-plate.html\" title=\"River Plate\" alt=\"River Plate\" class=\"slug\">River<\/a><\/strong> seguramente intentar\u00e1 replicar el funcionamiento del equipo en el segundo tiempo de la ida en el Monumental, ya que esa reacci\u00f3n es justamente la mayor esperanza del det\u00e9 y de los hinchas de la Banda.<\/p>\n<\/div>\n<div class=\"custom-text \" readability=\"30.582887700535\">\n<p><strong>La principal modificaci\u00f3n del Mu\u00f1eco estar\u00eda en la defensa<\/strong>, ya que volver\u00eda a apostar por una tradicional l\u00ednea de cuatro con <strong>Montiel, Mart\u00ednez Quarta, Paulo D\u00edaz y Acu\u00f1a<\/strong> <strong>en lugar del fondo con tres\/ cinco hombres<\/strong> (el chileno y Lautaro Rivero como stoppers y Juan Carlos Portillo de l\u00edbero) <a href=\"https:\/\/www.ole.com.ar\/river-plate\/river-copa-libertadores-palmeiras-puntajes-gallardo-cuartos-final-ida_0_HFjHeLzKAg.html\" target=\"_self\" title=\"que eligi\u00f3 en el primer chico y que hizo agua por todos lados en N\u00fa\u00f1ez\" alt=\"que eligi\u00f3 en el primer chico y que hizo agua por todos lados en N\u00fa\u00f1ez\" rel=\"noopener noreferrer\">que eligi\u00f3 en el primer chico y que hizo agua por todos lados en N\u00fa\u00f1ez<\/a>.<\/p>\n<\/div>\n<div class=\"custom-text \" readability=\"46\">\n<p>En tanto, en el mediocampo se presenta la inc\u00f3gnita de si Enzo P\u00e9rez estar\u00e1 en condiciones f\u00edsicas para ser el \u00fanico volante central, e incluso para jugar desde el inicio, o si MG entiende que el capit\u00e1n de 39 a\u00f1os necesitar\u00e1 un socio como <strong>Casta\u00f1o<\/strong> o Portillo en la funci\u00f3n de contenci\u00f3n. De hecho, el colombiano asoma para estar desde el inicio porque <strong>ni siquiera viaj\u00f3 a Tucum\u00e1n para el partido del s\u00e1bado ante Atl\u00e9tico por el Clausura<\/strong>,<strong> como<\/strong> ocurri\u00f3 con <strong>Franco Armani, Paulo D\u00edaz, Montiel, Mart\u00ednez Quarta, Acu\u00f1a, EP, Nacho Fern\u00e1ndez y Salas.<\/strong><\/p>\n<\/div>\n<div class=\"sc-e7b891c4-0 ifHnQL image-embed\"><img alt=\"Maxi Salas junto a sus compa\u00f1eros en la pr\u00e1ctica de este domingo en el Camp (Prensa River).\" loading=\"lazy\" width=\"720\" height=\"100\" decoding=\"async\" data-nimg=\"1\" src=\"http:\/\/hoycordobaweb.com\/wp-content\/uploads\/2025\/09\/las-dudas-en-el-11-de-river-para-la-revancha-ante-palmeiras-en-brasil-2.jpg\"><span class=\"epigraphe\">Maxi Salas junto a sus compa\u00f1eros en la pr\u00e1ctica de este domingo en el Camp (Prensa River).<\/span><\/div>\n<div class=\"custom-text \" readability=\"37\">\n<p>Con <strong>el regreso de Giuliano Galoppo luego de cumplir la fecha de suspensi\u00f3n en la ida contra el Verdao<\/strong> por su expulsi\u00f3n en la vuelta ante Libertad en los octavos, la otra duda en la zona media pasa por la continuidad de Nacho Fern\u00e1ndez o el ingreso de Juanfer Quintero, el jugador que le cambi\u00f3 la cara a River en el Monumental y que fue titular en Tucum\u00e1n durante 62&#8242; minutos para sumar ritmo de competencia.<\/p>\n<\/div>\n<div class=\"custom-text \" readability=\"38\">\n<p>En una situaci\u00f3n similar est\u00e1 <strong>Facundo Colidio<\/strong>, a priori con m\u00e1s posibilidades que Miguel Borja para ser el socio de ataque de Salas en San Pablo porque el Colibr\u00ed jug\u00f3 los 90 contra el Decano mientras que el rubio fue reemplazado a los 78&#8242;. En este caso, FC11 <strong>le permite a Gallardo ubicarlo como segundo punta en un 4-3-1-2 o como extremo por izquierda en un 4-2-3-1<\/strong>, una funci\u00f3n que el colombiano no puede cumplir por caracter\u00edsticas.<\/p>\n<\/div>\n<p><h2>El posible 11 de River en la vuelta de cuartos ante Palmeiras<\/h2>\n<\/p>\n<div class=\"custom-text \" readability=\"41\">\n<p>De esta manera, a pesar de que el Mu\u00f1eco ensayar\u00e1 variantes en los entrenamientos de este lunes y martes, el problable 11 de River en la visita contra el Palmeiras ser\u00eda con <strong>Armani; Montiel, Mart\u00ednez Quarta, Acu\u00f1a; Casta\u00f1o, Enzo P\u00e9rez \u00f3 Portillo, Galoppo; Nacho Fern\u00e1ndez o Juanfer Quintero; Colidio y Salas.<\/strong><\/p>\n<\/div>\n<\/div>\n","protected":false},"excerpt":{"rendered":"<p>21\/09\/2025 21:18hs. Si bien Marcelo Gallardo no dio ning\u00fan indicio sobre la formaci\u00f3n que tiene en mente para la revancha de cuartos de final de la Copa Libertadores contra el Palmeiras, este mi\u00e9rcoles en el Allianz Parque de San Pablo, el entrenador de River seguramente intentar\u00e1 replicar el funcionamiento del equipo en el segundo tiempo [&hellip;]<\/p>\n","protected":false},"author":1,"featured_media":117741,"comment_status":"open","ping_status":"closed","sticky":false,"template":"","format":"standard","meta":[],"categories":[16],"tags":[],"_links":{"self":[{"href":"http:\/\/hoycordobaweb.com\/index.php\/wp-json\/wp\/v2\/posts\/117740"}],"collection":[{"href":"http:\/\/hoycordobaweb.com\/index.php\/wp-json\/wp\/v2\/posts"}],"about":[{"href":"http:\/\/hoycordobaweb.com\/index.php\/wp-json\/wp\/v2\/types\/post"}],"author":[{"embeddable":true,"href":"http:\/\/hoycordobaweb.com\/index.php\/wp-json\/wp\/v2\/users\/1"}],"replies":[{"embeddable":true,"href":"http:\/\/hoycordobaweb.com\/index.php\/wp-json\/wp\/v2\/comments?post=117740"}],"version-history":[{"count":0,"href":"http:\/\/hoycordobaweb.com\/index.php\/wp-json\/wp\/v2\/posts\/117740\/revisions"}],"wp:featuredmedia":[{"embeddable":true,"href":"http:\/\/hoycordobaweb.com\/index.php\/wp-json\/wp\/v2\/media\/117741"}],"wp:attachment":[{"href":"http:\/\/hoycordobaweb.com\/index.php\/wp-json\/wp\/v2\/media?parent=117740"}],"wp:term":[{"taxonomy":"category","embeddable":true,"href":"http:\/\/hoycordobaweb.com\/index.php\/wp-json\/wp\/v2\/categories?post=117740"},{"taxonomy":"post_tag","embeddable":true,"href":"http:\/\/hoycordobaweb.com\/index.php\/wp-json\/wp\/v2\/tags?post=117740"}],"curies":[{"name":"wp","href":"https:\/\/api.w.org\/{rel}","templated":true}]}}