{"id":117666,"date":"2025-09-22T07:16:45","date_gmt":"2025-09-22T07:16:45","guid":{"rendered":"https:\/\/www.espinof.com\/directores-y-guionistas\/no-se-gestiono-bien-creador-dexter-original-rompe-silencio-su-cancelacion-ve-vaso-medio-vacio-otros-spin-offs"},"modified":"2025-09-22T07:16:45","modified_gmt":"2025-09-22T07:16:45","slug":"no-se-gestiono-bien-el-creador-de-dexter-original-sin-rompe-el-silencio-sobre-su-cancelacion-y-ve-el-vaso-medio-vacio-con-los-otros-spin-offs","status":"publish","type":"post","link":"http:\/\/hoycordobaweb.com\/index.php\/2025\/09\/22\/no-se-gestiono-bien-el-creador-de-dexter-original-sin-rompe-el-silencio-sobre-su-cancelacion-y-ve-el-vaso-medio-vacio-con-los-otros-spin-offs\/","title":{"rendered":"\u00abNo se gestion\u00f3 bien\u00bb. El creador de &#8216;Dexter: Original Sin&#8217; rompe el silencio sobre su cancelaci\u00f3n y ve el vaso medio vac\u00edo con los otros spin-offs"},"content":{"rendered":"<p><strong>Clyde Phillips<\/strong>, el mayor responsable del universo &#8216;<a href=\"https:\/\/www.espinof.com\/tag\/dexter\">Dexter<\/a>&#8216;, lo tiene claro: desde <strong>Paramount no hicieron bien las cosas<\/strong> con la inesperada cancelaci\u00f3n de &#8216;<a class=\"text-outboundlink\" href=\"https:\/\/www.espinof.com\/criticas\/tenia-miedo-a-que-pudiera-salir-precuela-dexter-su-unico-problema-resulta-ser-que-existe-serie-original\" data-vars-post-title=\"No esperaba mucho de la precuela de 'Dexter', pero me he encontrado con un s\u00f3lido drama criminal cuyo mayor pecado es que existe la serie original\" data-vars-post-url=\"https:\/\/www.espinof.com\/criticas\/tenia-miedo-a-que-pudiera-salir-precuela-dexter-su-unico-problema-resulta-ser-que-existe-serie-original\">Dexter: Original Sin<\/a>&#8216;. Recordemos que la <a class=\"text-outboundlink\" href=\"https:\/\/www.espinof.com\/series-de-ficcion\/terremoto-dexter-original-cancelada-a-pesar-ser-renovada-temporada-2-futuro-franquicia-esta-limbo\" data-vars-post-title=\"Terremoto en 'Dexter'. 'Original Sin' es cancelada a pesar de ser renovada por una temporada 2 y el futuro de la franquicia est\u00e1 en el limbo \" data-vars-post-url=\"https:\/\/www.espinof.com\/series-de-ficcion\/terremoto-dexter-original-cancelada-a-pesar-ser-renovada-temporada-2-futuro-franquicia-esta-limbo\">serie fue cancelada por sorpresa<\/a> hace unas semanas despu\u00e9s de haber sido oficialmente renovada.<\/p>\n<p><!-- BREAK 1 --> <\/p>\n<p><em>\u00abNo estoy contento\u00bb<\/em>, asegura el showrunner de la franquicia en una reciente entrega del <a rel=\"noopener, noreferrer\" href=\"https:\/\/dissectingdexter.podbean.com\/e\/post-dexter-resurrection-season-1-finale-in-conversation-with-clyde-phillips\/\">podcast &#8216;Dissecting Dexter&#8217;<\/a>, en el que se adentraron en el final de &#8216;<a class=\"text-outboundlink\" href=\"https:\/\/www.espinof.com\/todo-lo-que-sabemos\/dexter-resurrection-2025-reparto-estreno-historia-todo-que-sabemos-regreso-michael-c-hall\" data-vars-post-title=\"'Dexter: Resurrection'. Todo lo que sabemos de la nueva secuela de la estupenda serie criminal con Michael C. Hall\" data-vars-post-url=\"https:\/\/www.espinof.com\/todo-lo-que-sabemos\/dexter-resurrection-2025-reparto-estreno-historia-todo-que-sabemos-regreso-michael-c-hall\">Dexter: Resurrection<\/a>&#8216; (as\u00ed que si quer\u00e9is escucharlo, avisados qued\u00e1is). <strong>Serie esta que s\u00ed que tendr\u00eda una temporada 2<\/strong>.<\/p>\n<p><!-- BREAK 2 --><\/p>\n<h2>Un mal trago<\/h2>\n<p>Si bien podr\u00eda ser un consuelo, para Phillips la cancelaci\u00f3n fue un mal trago:<\/p>\n<blockquote><p>\u00abEsa noche recib\u00ed una llamada muy dif\u00edcil. Ya hab\u00edan aprobado la serie y yo hab\u00eda informado a todos los guionistas y a todos los actores, y entonces lo suspendieron. No se gestion\u00f3 bien y no estoy contento con ello.\u00bb<\/p><\/blockquote>\n<div class=\"article-asset article-asset-normal article-asset-center\">\n<div class=\"desvio-container\">\n<div class=\"desvio\">\n<div class=\"desvio-figure js-desvio-figure\"> <a href=\"https:\/\/www.espinof.com\/actores-y-actrices\/que-fue-matthew-lillard-asesino-scream-que-acabo-ganandose-vida-gracias-a-scooby-doo\" class=\"pivot-outboundlink\" data-vars-post-title=\"Qu\u00e9 fue de Matthew Lillard, el asesino de 'Scream' que acab\u00f3 gan\u00e1ndose la vida gracias a Scooby Doo\"> <img loading=\"lazy\" alt=\"Qu\u00e9 fue de Matthew Lillard, el asesino de 'Scream' que acab\u00f3 gan\u00e1ndose la vida gracias a Scooby Doo\" width=\"375\" height=\"142\" src=\"http:\/\/hoycordobaweb.com\/wp-content\/uploads\/2025\/09\/no-se-gestiono-bien-el-creador-de-dexter-original-sin-rompe-el-silencio-sobre-su-cancelacion-y-ve-el-vaso-medio-vacio-con-los-otros-spin-offs.jpg\"> <\/a> <\/div><\/div><\/div>\n<\/div>\n<p>Esta cancelaci\u00f3n, que vino despu\u00e9s de una serie de cambios en las altas esferas y entre los productores de Paramount tras la fusi\u00f3n con Skydance, hace que <strong>ya no haya nada sobre seguro con la franquicia<\/strong>, incluyendo los planes para diversos spin-offs.<\/p>\n<p><!-- BREAK 3 --> <\/p>\n<p>En este sentido, Phillips asegura que el que est\u00e1 m\u00e1s avanzado es la precuela dedicada a Trinity, el ic\u00f3nico villano interpretado por John Lithgow. <strong>Ya tendr\u00edan escritos diez episodios<\/strong> de la serie pero, desgraciadamente, el showrunner ve el vaso medio vac\u00edo: <em>\u00abno les veo haci\u00e9ndolo\u00bb<\/em>, concluye.<\/p>\n<p><!-- BREAK 4 --><\/p>\n<p>En Espinof |&nbsp;<a class=\"text-outboundlink\" href=\"https:\/\/www.espinof.com\/listas\/series-esperadas-2025\" data-vars-post-title=\"Las 39 series m\u00e1s esperadas de 2025 y los mejores estrenos del a\u00f1o: 'Alien: Planeta Tierra', 'Daredevil: Born Again', la precuela de 'Outlander' y mucho m\u00e1s \" data-vars-post-url=\"https:\/\/www.espinof.com\/listas\/series-esperadas-2025\">Las series m\u00e1s esperadas de 2025<\/a><\/p>\n<p>En Espinof |&nbsp;<a class=\"text-outboundlink\" href=\"https:\/\/www.espinof.com\/listas\/mejores-series-2025\" data-vars-post-title=\"Las 13 mejores series de 2025 (por ahora)\" data-vars-post-url=\"https:\/\/www.espinof.com\/listas\/mejores-series-2025\">Las mejores series de 2025<\/a><\/p>\n","protected":false},"excerpt":{"rendered":"<p>Clyde Phillips, el mayor responsable del universo &#8216;Dexter&#8216;, lo tiene claro: desde Paramount no hicieron bien las cosas con la inesperada cancelaci\u00f3n de &#8216;Dexter: Original Sin&#8216;. Recordemos que la serie fue cancelada por sorpresa hace unas semanas despu\u00e9s de haber sido oficialmente renovada. \u00abNo estoy contento\u00bb, asegura el showrunner de la franquicia en una reciente [&hellip;]<\/p>\n","protected":false},"author":1,"featured_media":117667,"comment_status":"open","ping_status":"closed","sticky":false,"template":"","format":"standard","meta":[],"categories":[10],"tags":[],"_links":{"self":[{"href":"http:\/\/hoycordobaweb.com\/index.php\/wp-json\/wp\/v2\/posts\/117666"}],"collection":[{"href":"http:\/\/hoycordobaweb.com\/index.php\/wp-json\/wp\/v2\/posts"}],"about":[{"href":"http:\/\/hoycordobaweb.com\/index.php\/wp-json\/wp\/v2\/types\/post"}],"author":[{"embeddable":true,"href":"http:\/\/hoycordobaweb.com\/index.php\/wp-json\/wp\/v2\/users\/1"}],"replies":[{"embeddable":true,"href":"http:\/\/hoycordobaweb.com\/index.php\/wp-json\/wp\/v2\/comments?post=117666"}],"version-history":[{"count":0,"href":"http:\/\/hoycordobaweb.com\/index.php\/wp-json\/wp\/v2\/posts\/117666\/revisions"}],"wp:featuredmedia":[{"embeddable":true,"href":"http:\/\/hoycordobaweb.com\/index.php\/wp-json\/wp\/v2\/media\/117667"}],"wp:attachment":[{"href":"http:\/\/hoycordobaweb.com\/index.php\/wp-json\/wp\/v2\/media?parent=117666"}],"wp:term":[{"taxonomy":"category","embeddable":true,"href":"http:\/\/hoycordobaweb.com\/index.php\/wp-json\/wp\/v2\/categories?post=117666"},{"taxonomy":"post_tag","embeddable":true,"href":"http:\/\/hoycordobaweb.com\/index.php\/wp-json\/wp\/v2\/tags?post=117666"}],"curies":[{"name":"wp","href":"https:\/\/api.w.org\/{rel}","templated":true}]}}