{"id":117594,"date":"2025-09-20T23:38:41","date_gmt":"2025-09-20T23:38:41","guid":{"rendered":"http:\/\/hoycordobaweb.com\/index.php\/2025\/09\/20\/promesa-del-futbol-argentino-fue-condenado-a-pagar-cadena-perpetua-noticias-caracol\/"},"modified":"2025-09-20T23:38:41","modified_gmt":"2025-09-20T23:38:41","slug":"promesa-del-futbol-argentino-fue-condenado-a-pagar-cadena-perpetua-noticias-caracol","status":"publish","type":"post","link":"http:\/\/hoycordobaweb.com\/index.php\/2025\/09\/20\/promesa-del-futbol-argentino-fue-condenado-a-pagar-cadena-perpetua-noticias-caracol\/","title":{"rendered":"Promesa del <b>f\u00fatbol argentino<\/b> fue condenado a pagar cadena perpetua &#8211; Noticias Caracol"},"content":{"rendered":"<p>En <b>Argentina<\/b> todos lo pintaban como un futuro &#39;crack&#39;, sin embargo, la indisciplina lo alej\u00f3 del <b>f\u00fatbol<\/b> y lo puso en la c\u00e1rcel, tras ser acusado&nbsp;&#8230; <\/p>\n","protected":false},"excerpt":{"rendered":"<p>En Argentina todos lo pintaban como un futuro &#39;crack&#39;, sin embargo, la indisciplina lo alej\u00f3 del f\u00fatbol y lo puso en la c\u00e1rcel, tras ser acusado&nbsp;&#8230;<\/p>\n","protected":false},"author":1,"featured_media":0,"comment_status":"closed","ping_status":"closed","sticky":false,"template":"","format":"standard","meta":[],"categories":[22],"tags":[],"_links":{"self":[{"href":"http:\/\/hoycordobaweb.com\/index.php\/wp-json\/wp\/v2\/posts\/117594"}],"collection":[{"href":"http:\/\/hoycordobaweb.com\/index.php\/wp-json\/wp\/v2\/posts"}],"about":[{"href":"http:\/\/hoycordobaweb.com\/index.php\/wp-json\/wp\/v2\/types\/post"}],"author":[{"embeddable":true,"href":"http:\/\/hoycordobaweb.com\/index.php\/wp-json\/wp\/v2\/users\/1"}],"replies":[{"embeddable":true,"href":"http:\/\/hoycordobaweb.com\/index.php\/wp-json\/wp\/v2\/comments?post=117594"}],"version-history":[{"count":0,"href":"http:\/\/hoycordobaweb.com\/index.php\/wp-json\/wp\/v2\/posts\/117594\/revisions"}],"wp:attachment":[{"href":"http:\/\/hoycordobaweb.com\/index.php\/wp-json\/wp\/v2\/media?parent=117594"}],"wp:term":[{"taxonomy":"category","embeddable":true,"href":"http:\/\/hoycordobaweb.com\/index.php\/wp-json\/wp\/v2\/categories?post=117594"},{"taxonomy":"post_tag","embeddable":true,"href":"http:\/\/hoycordobaweb.com\/index.php\/wp-json\/wp\/v2\/tags?post=117594"}],"curies":[{"name":"wp","href":"https:\/\/api.w.org\/{rel}","templated":true}]}}