{"id":117516,"date":"2025-09-19T23:55:21","date_gmt":"2025-09-19T23:55:21","guid":{"rendered":"https:\/\/www.ole.com.ar\/futbol-internacional\/america\/peru-designo-dt-interino-jefe-divisiones-menores-salida-oscar-ibanez_0_uJCOe5snm5.html"},"modified":"2025-09-19T23:55:21","modified_gmt":"2025-09-19T23:55:21","slug":"peru-designo-como-dt-interino-al-jefe-de-las-divisiones-menores-tras-la-salida-de-oscar-ibanez","status":"publish","type":"post","link":"http:\/\/hoycordobaweb.com\/index.php\/2025\/09\/19\/peru-designo-como-dt-interino-al-jefe-de-las-divisiones-menores-tras-la-salida-de-oscar-ibanez\/","title":{"rendered":"Per\u00fa design\u00f3 como DT interino al jefe de las divisiones menores tras la salida de \u00d3scar Ib\u00e1\u00f1ez"},"content":{"rendered":"<p><img src=\"http:\/\/hoycordobaweb.com\/wp-content\/uploads\/2025\/09\/peru-designo-como-dt-interino-al-jefe-de-las-divisiones-menores-tras-la-salida-de-oscar-ibanez.jpg\"><\/p>\n<p><span class=\"createDate\">19\/09\/2025 20:55hs.<\/span><time class=\"modificatedDate\" datetime=\"2025-09-19T21:20:36-03:00\"> Actualizado al 19\/09\/2025 21:20hs.<\/time><\/p>\n<div id=\"storyBody\">\n<div class=\"custom-text \" readability=\"33.208163265306\">\n<p>El jefe de la Unidad T\u00e9cnica de Menores de la Federaci\u00f3n Peruana de F\u00fatbol (FPF), Manuel Barreto, fue designado este viernes <strong>como entrenador interino<\/strong> para los partidos amistosos que jugar\u00e1 la <a href=\"https:\/\/www.ole.com.ar\/tema\/seleccion-de-peru.html\" title=\"Selecci\u00f3n de Per\u00fa\" alt=\"Selecci\u00f3n de Per\u00fa\" class=\"slug\">selecci\u00f3n de Per\u00fa<\/a> en lo que resta de este a\u00f1o.<\/p>\n<\/div>\n<div class=\"custom-text \" readability=\"36\">\n<p><strong>\u00abSu experiencia en procesos de formaci\u00f3n y de desarrollo de talentos constituye un activo clave para esta etapa,<\/strong> en la que la FPF viene trabajando con un enfoque de continuidad y proyecci\u00f3n hacia el futuro\u00bb, inform\u00f3 la Federaci\u00f3n en un comunicado.<\/p>\n<\/div>\n<div class=\"custom-text \" readability=\"33\">\n<p>La FPF tiene el convencimiento de que Barreto \u00abcontribuir\u00e1 <strong>a consolidar una transici\u00f3n ordenada para fortalecer las bases de un modelo competitivo y sostenible para el f\u00fatbol peruano\u00bb.<\/strong><\/p>\n<\/div>\n<div class=\"custom-text \" readability=\"41\">\n<p>Per\u00fa tiene acordado jugar en octubre pr\u00f3ximo un partido amistoso ante Chile, en la ciudad chilena de Concepci\u00f3n, y en noviembre disputar\u00eda otros dos encuentros en Rusia: <strong>uno ante la selecci\u00f3n local justamente, el 12 de noviembre en San Petersburgo, y el 18\/11 frente a La Roja, nuevamente, en Sochi.<\/strong><\/p>\n<\/div>\n<div class=\"custom-text \" readability=\"41\">\n<p>El jefe de menores de la FPF, que asumi\u00f3 el cargo en mayo pasado, <strong>reemplazar\u00e1 en condici\u00f3n de interino entonces al argentino nacionalizado peruano \u00d3scar Ib\u00e1\u00f1ez, <\/strong>quien hab\u00eda asumido en febrero y fue destituido como DT tras el partido de la \u00faltima fecha de las Eliminatorias Sudamericanas del Mundial de 2026, que Paraguay gan\u00f3 por 1-0 en Lima. La Bicolor qued\u00f3 en el pen\u00faltimo puesto de las clasificatorias con 12 puntos, uno m\u00e1s que el \u00faltimo, Chile.<\/p>\n<\/div>\n<div class=\"custom-text \" readability=\"35\">\n<p>Restar\u00e1 ver si, culminado el a\u00f1o, continuar\u00e1 al mando Barreto o si la selecci\u00f3n de Per\u00fa buscar\u00e1 a un nuevo entrenador. <\/p>\n<\/div>\n<div class=\"sc-e7b891c4-0 ifHnQL image-embed\"><img alt=\"Carlos Silvestri y Manuel Barreto en Per\u00fa. (Foto: Prensa selecci\u00f3n de Per\u00fa) \" loading=\"lazy\" width=\"720\" height=\"100\" decoding=\"async\" data-nimg=\"1\" src=\"http:\/\/hoycordobaweb.com\/wp-content\/uploads\/2025\/09\/peru-designo-como-dt-interino-al-jefe-de-las-divisiones-menores-tras-la-salida-de-oscar-ibanez-2.jpg\"><span class=\"epigraphe\">Carlos Silvestri y Manuel Barreto en Per\u00fa. (Foto: Prensa selecci\u00f3n de Per\u00fa) <\/span><\/div>\n<p><h2><strong>La salida de \u00d3scar Ib\u00e1\u00f1ez<\/strong><\/h2>\n<\/p>\n<div class=\"custom-text \" readability=\"40\">\n<p>Ib\u00e1\u00f1ez dirigi\u00f3 los \u00faltimos seis partidos de las Eliminatorias con la ilusi\u00f3n de intentar meter a Per\u00fa al menos en el Repechaje de cara al Mundial 2026, pero no pudo: en esos seis encuentros, logr\u00f3 un balance de una victoria (3-1 vs. Bolivia), dos empates (0-0 frente a Colombia y Ecuador) y tres derrotas (1-0 vs. Venezuela, 3-0 vs. Uruguay y 1-0 vs. Paraguay). Y culminado el partido ante la Albirroja, la FPF comunic\u00f3 que hab\u00eda sido despedido de su cargo.<\/p>\n<\/div>\n<div class=\"custom-text \" readability=\"37\">\n<p>\u201cLa Federaci\u00f3n Peruana de F\u00fatbol (FPF) comunica a la opini\u00f3n p\u00fablica la culminaci\u00f3n del contrato del profesor \u00d3scar Ib\u00e1\u00f1ez como director t\u00e9cnico de la selecci\u00f3n peruana absoluta. Nuestra instituci\u00f3n expresa su m\u00e1s sincero agradecimiento al profesor Ib\u00e1\u00f1ez y a su comando t\u00e9cnico por la responsabilidad y compromiso asumidos en la conducci\u00f3n de la selecci\u00f3n absoluta, durante las \u00faltimas seis fechas del proceso de Eliminatorias Sudamericanas hacia la Copa Mundial de la FIFA 2026\u2033, expresaron en el comunicado.<\/p>\n<\/div>\n<div class=\"sc-e7b891c4-0 ifHnQL image-embed\"><img alt=\"\u00d3scar Ib\u00e1\u00f1ez.\" loading=\"lazy\" width=\"720\" height=\"100\" decoding=\"async\" data-nimg=\"1\" src=\"http:\/\/hoycordobaweb.com\/wp-content\/uploads\/2025\/09\/peru-designo-como-dt-interino-al-jefe-de-las-divisiones-menores-tras-la-salida-de-oscar-ibanez-3.jpg\"><span class=\"epigraphe\">\u00d3scar Ib\u00e1\u00f1ez.<\/span><\/div>\n<div class=\"sc-a7166897-0 eoLsBE\" readability=\"6\">\n<section readability=\"2\"><picture><img alt=\"Quinteros puso la firma y es el nuevo entrenador de Independiente\" loading=\"lazy\" width=\"290\" height=\"290\" decoding=\"async\" data-nimg=\"1\" src=\"http:\/\/hoycordobaweb.com\/wp-content\/uploads\/2025\/09\/peru-designo-como-dt-interino-al-jefe-de-las-divisiones-menores-tras-la-salida-de-oscar-ibanez-4.jpg\"><\/picture>\n<p><span>Mir\u00e1 tambi\u00e9n<\/span><\/p>\n<hr>\n<h3>Quinteros puso la firma y es el nuevo entrenador de Independiente<\/h3>\n<\/p>\n<\/section>\n<\/div>\n<div class=\"sc-a7166897-0 eoLsBE\" readability=\"6\">\n<section readability=\"2\"><picture><img alt=\"El fuerte anuncio de Felipe Melo sobre el refer\u00ed Andr\u00e9s Rojas\" loading=\"lazy\" width=\"290\" height=\"290\" decoding=\"async\" data-nimg=\"1\" src=\"http:\/\/hoycordobaweb.com\/wp-content\/uploads\/2025\/09\/peru-designo-como-dt-interino-al-jefe-de-las-divisiones-menores-tras-la-salida-de-oscar-ibanez-5.jpg\"><\/picture>\n<p><span>Mir\u00e1 tambi\u00e9n<\/span><\/p>\n<hr>\n<h3>El fuerte anuncio de Felipe Melo sobre el refer\u00ed Andr\u00e9s Rojas<\/h3>\n<\/p>\n<\/section>\n<\/div>\n<\/div>\n","protected":false},"excerpt":{"rendered":"<p>19\/09\/2025 20:55hs. Actualizado al 19\/09\/2025 21:20hs. El jefe de la Unidad T\u00e9cnica de Menores de la Federaci\u00f3n Peruana de F\u00fatbol (FPF), Manuel Barreto, fue designado este viernes como entrenador interino para los partidos amistosos que jugar\u00e1 la selecci\u00f3n de Per\u00fa en lo que resta de este a\u00f1o. \u00abSu experiencia en procesos de formaci\u00f3n y de [&hellip;]<\/p>\n","protected":false},"author":1,"featured_media":117517,"comment_status":"open","ping_status":"closed","sticky":false,"template":"","format":"standard","meta":[],"categories":[16],"tags":[],"_links":{"self":[{"href":"http:\/\/hoycordobaweb.com\/index.php\/wp-json\/wp\/v2\/posts\/117516"}],"collection":[{"href":"http:\/\/hoycordobaweb.com\/index.php\/wp-json\/wp\/v2\/posts"}],"about":[{"href":"http:\/\/hoycordobaweb.com\/index.php\/wp-json\/wp\/v2\/types\/post"}],"author":[{"embeddable":true,"href":"http:\/\/hoycordobaweb.com\/index.php\/wp-json\/wp\/v2\/users\/1"}],"replies":[{"embeddable":true,"href":"http:\/\/hoycordobaweb.com\/index.php\/wp-json\/wp\/v2\/comments?post=117516"}],"version-history":[{"count":0,"href":"http:\/\/hoycordobaweb.com\/index.php\/wp-json\/wp\/v2\/posts\/117516\/revisions"}],"wp:featuredmedia":[{"embeddable":true,"href":"http:\/\/hoycordobaweb.com\/index.php\/wp-json\/wp\/v2\/media\/117517"}],"wp:attachment":[{"href":"http:\/\/hoycordobaweb.com\/index.php\/wp-json\/wp\/v2\/media?parent=117516"}],"wp:term":[{"taxonomy":"category","embeddable":true,"href":"http:\/\/hoycordobaweb.com\/index.php\/wp-json\/wp\/v2\/categories?post=117516"},{"taxonomy":"post_tag","embeddable":true,"href":"http:\/\/hoycordobaweb.com\/index.php\/wp-json\/wp\/v2\/tags?post=117516"}],"curies":[{"name":"wp","href":"https:\/\/api.w.org\/{rel}","templated":true}]}}