{"id":1175,"date":"2020-09-05T20:44:00","date_gmt":"2020-09-05T20:44:00","guid":{"rendered":"http:\/\/hoycordobaweb.com\/index.php\/2020\/09\/05\/un-general-paraguayo-aclaro-que-no-dijo-que-la-argentina-fuera-guarderia-del-epp\/"},"modified":"2020-09-05T20:44:00","modified_gmt":"2020-09-05T20:44:00","slug":"un-general-paraguayo-aclaro-que-no-dijo-que-la-argentina-fuera-guarderia-del-epp","status":"publish","type":"post","link":"http:\/\/hoycordobaweb.com\/index.php\/2020\/09\/05\/un-general-paraguayo-aclaro-que-no-dijo-que-la-argentina-fuera-guarderia-del-epp\/","title":{"rendered":"Un general paraguayo aclar\u00f3 que no dijo que la Argentina fuera guarder\u00eda del EPP"},"content":{"rendered":"<p><img src=\"http:\/\/hoycordobaweb.com\/wp-content\/uploads\/2020\/09\/un-general-paraguayo-aclaro-que-no-dijo-que-la-argentina-fuera-guarderia-del-epp.jpg\"><\/p>\n<div class=\"image\" id=\"image\" readability=\"7\"> <img src=\"http:\/\/hoycordobaweb.com\/wp-content\/uploads\/2020\/09\/un-general-paraguayo-aclaro-que-no-dijo-que-la-argentina-fuera-guarderia-del-epp-2.jpg\" alt=\"El mi\u00e9rcoles el ej\u00e9rcito paraguayo desabarat\u00f3 un campamento guerrillero en Concepci\u00f3n\" title=\"El mi\u00e9rcoles el ej\u00e9rcito paraguayo desabarat\u00f3 un campamento guerrillero en Concepci\u00f3n\"><\/p>\n<p>El mi\u00e9rcoles el ej\u00e9rcito paraguayo desabarat\u00f3 un campamento guerrillero en Concepci\u00f3n<\/p>\n<\/div>\n<p>El general H\u00e9ctor Grau, asesor del Comando en Jefe paraguayo, aclar\u00f3 hoy que no insinu\u00f3 que la Argentina funcionara como una guarder\u00eda del grupo guerrillero Ej\u00e9rcito Paraguayo del Pueblo (EPP), en relaci\u00f3n con el operativo militar contra un campamento insurgente en el que murieron dos menores de nacionalidad argentina, palabras que motivaron ayer una protesta formal y \u00aben\u00e9rgica\u00bb de la Canciller\u00eda argentina.<\/p>\n<p>Grau, en declaraciones al programa de TV La Lupa, argument\u00f3 que sus expresiones fueron sacadas de \u201ccontexto\u201d, seg\u00fan public\u00f3 el diario \u00daltima Hora, que tambi\u00e9n dio cuenta de que las dos menores que fueron exhumadas hoy por orden de la jueza de garant\u00edas de Paraguay Lici S\u00e1nchez ya estaban en la morgue judicial para ser sometidas a an\u00e1lisis.<\/p>\n<p>\u201cEl contexto en el cual est\u00e1bamos fue la actitud criminal de una familia espec\u00edfica, que tenemos suficientes pruebas para demostrar que existen menores que nacen en el monte y luego son extra\u00eddos y llevados a otro lugar; lo que cuestionamos a la familia es que llevaron a la criatura y utilizaron el territorio de otro pa\u00eds\u201d, explic\u00f3 Grau en La Lupa.<\/p>\n<p>El general argument\u00f3 que en este caso presumen que las ni\u00f1as, que fueron abatidas, nacieron en Paraguay y luego fueron llevadas a la Argentina, donde crecieron normalmente, fueron a la escuela y luego fueron introducidas al pa\u00eds.<\/p>\n<p>\u201cTenemos material gr\u00e1fico donde el grupo criminal filma el nacimiento de una criatura de una de las principales cabecillas del EPP, todo este proceso est\u00e1 documentado porque los aparatos que usaron especifican los datos, y despu\u00e9s tenemos otra fotograf\u00eda donde aparece la misma criatura en manos de otros familiares en otro pa\u00eds y en ese sentido me refer\u00eda que utilizan como guarder\u00eda; hablamos de la responsabilidad individual de esta gente\u201d, agreg\u00f3.<\/p>\n<p>Ayer la Canciller\u00eda argentina rechaz\u00f3 \u00abde la manera m\u00e1s en\u00e9rgica las expresiones injustificadas del general H\u00e9ctor Grau\u00bb, a la vez que neg\u00f3 ser la \u00abguarder\u00eda de soldados del Ej\u00e9rcito del Pueblo Paraguayo, as\u00ed como toda otra manifestaci\u00f3n que busque encubrir responsabilidades\u00bb.<\/p>\n<p>\u00abEl Gobierno argentino ya ha protestado formalmente ante las autoridades paraguayas por esta absurda acusaci\u00f3n y confiamos contar con la colaboraci\u00f3n del gobierno paraguayo para esclarecer los hechos e identificar responsabilidades\u00bb, agreg\u00f3 el comunicado.<\/p>\n<p>Las j\u00f3venes, de nacionalidad argentina, fueron sepultadas al d\u00eda siguiente de sus muertes sin que se conociera su identidad, en virtud del protocolo sanitario que rige en el pa\u00eds por la pandemia de coronavirus.<\/p>\n<p>Grau afirm\u00f3 sobre este punto que el entierro se realiz\u00f3 despu\u00e9s de que el fiscal Federico Delfino realizara las pericias t\u00e9cnicas requeridas.<\/p>\n<p>Hay en medio de este tema una controversia en torno a las edades de las menores muertas en el operativo militar.<\/p>\n<p>La t\u00eda de las ni\u00f1as muertas, Genoveva Oviedo Br\u00edtez, hermana del l\u00edder del EPP, Alc\u00eddez Oviedo Br\u00edtez, reiter\u00f3 hoy a \u00daltima Hora que las fallecidas son Aurora y Liliana, de 11 y 12 a\u00f1os de edad, y que una es hija de Osvaldo Villalba y Magna Meza, mientras la otra es hija de Liliana Villalba, todos reconocidos miembros del grupo armado.<\/p>\n<p>Afirm\u00f3 que ambas se quedaban en su casa en la ciudad de Encarnaci\u00f3n, en el departamento de Itap\u00faa, y que viv\u00edan con la madre de Carmen Villalba, una de las l\u00edderes del EPP.<\/p>\n<p>Incluso ayer la prensa paraguaya public\u00f3 copias de los DNI argentinos de ambas menores, con sus respectivos n\u00fameros, y se\u00f1alaban que una hab\u00eda nacido en octubre de 2008 y otra en enero de 2009. Pero luego las autoridades paraguayas manifestaron que esa documentaci\u00f3n ser\u00eda falsa.<\/p>\n<p>En cambio, el forense del Ministerio P\u00fablico Cristian Ferreira dijo que los cuerpos corresponden a menores de edad de entre 15 y 17 a\u00f1os que fallecieron \u00abpor shock hipovol\u00e9mico por los impactos\u00bb y agreg\u00f3 que un cuerpo presentaba seis disparos y el otro dos.<\/p>\n<p>El detalle de las edades no es menor para el gobierno del presidente Mario Abdo Ben\u00edtez, quien al trascender que en el operativo del mi\u00e9rcoles fueron abatidas dos ni\u00f1as comenz\u00f3 a acumular cr\u00edticas internas y de organismos de derechos humanos locales e internacionales.<\/p>\n<p>La Coordinadora de Derechos Humanos del Paraguay (Codehupy) alert\u00f3 ayer que el enfrentamiento informado por el Gobierno presenta caracter\u00edsticas inquietantes de un \u00abcrimen de Estado\u00bb.<\/p>\n<p>\u201cAdem\u00e1s de lo criminal del operativo, resulta inexplicable el apresuramiento por sepultar los cuerpos antes de que sean identificados y entregados a sus familiares. Pareciera existir premura por intentar borrar evidencias del terrible suceso\u201d, denunci\u00f3 el comunicado.<\/p>\n<p>Y hoy la Comisi\u00f3n Interamericana de Derechos Humanos (CIDH), m\u00e1s salom\u00f3nica, repudi\u00f3 la muerte de las dos ni\u00f1as y subray\u00f3 que los menores involucrados en estas contiendas deben ser protegidos por los Estados.<\/p>\n<p>\u00abNi\u00f1as, ni\u00f1os y adolescentes obligados a formar parte de grupos armados o de crimen organizado son v\u00edctimas del reclutamiento forzado y que los Estados deben adoptar medidas para su protecci\u00f3n y restituci\u00f3n de sus derechos\u00bb, expres\u00f3 la CIDH en Twitter.<\/p>\n","protected":false},"excerpt":{"rendered":"<p>El mi\u00e9rcoles el ej\u00e9rcito paraguayo desabarat\u00f3 un campamento guerrillero en Concepci\u00f3n El general H\u00e9ctor Grau, asesor del Comando en Jefe paraguayo, aclar\u00f3 hoy que no insinu\u00f3 que la Argentina funcionara como una guarder\u00eda del grupo guerrillero Ej\u00e9rcito Paraguayo del Pueblo (EPP), en relaci\u00f3n con el operativo militar contra un campamento insurgente en el que murieron [&hellip;]<\/p>\n","protected":false},"author":1,"featured_media":1176,"comment_status":"open","ping_status":"closed","sticky":false,"template":"","format":"standard","meta":[],"categories":[19],"tags":[],"_links":{"self":[{"href":"http:\/\/hoycordobaweb.com\/index.php\/wp-json\/wp\/v2\/posts\/1175"}],"collection":[{"href":"http:\/\/hoycordobaweb.com\/index.php\/wp-json\/wp\/v2\/posts"}],"about":[{"href":"http:\/\/hoycordobaweb.com\/index.php\/wp-json\/wp\/v2\/types\/post"}],"author":[{"embeddable":true,"href":"http:\/\/hoycordobaweb.com\/index.php\/wp-json\/wp\/v2\/users\/1"}],"replies":[{"embeddable":true,"href":"http:\/\/hoycordobaweb.com\/index.php\/wp-json\/wp\/v2\/comments?post=1175"}],"version-history":[{"count":0,"href":"http:\/\/hoycordobaweb.com\/index.php\/wp-json\/wp\/v2\/posts\/1175\/revisions"}],"wp:featuredmedia":[{"embeddable":true,"href":"http:\/\/hoycordobaweb.com\/index.php\/wp-json\/wp\/v2\/media\/1176"}],"wp:attachment":[{"href":"http:\/\/hoycordobaweb.com\/index.php\/wp-json\/wp\/v2\/media?parent=1175"}],"wp:term":[{"taxonomy":"category","embeddable":true,"href":"http:\/\/hoycordobaweb.com\/index.php\/wp-json\/wp\/v2\/categories?post=1175"},{"taxonomy":"post_tag","embeddable":true,"href":"http:\/\/hoycordobaweb.com\/index.php\/wp-json\/wp\/v2\/tags?post=1175"}],"curies":[{"name":"wp","href":"https:\/\/api.w.org\/{rel}","templated":true}]}}