{"id":117414,"date":"2025-09-19T01:22:55","date_gmt":"2025-09-19T01:22:55","guid":{"rendered":"https:\/\/www.ole.com.ar\/independiente\/independiente-gustavo-quinteros-rojo-tecnico-firma-contrato_0_PpK9HLzp4r.html"},"modified":"2025-09-19T01:22:55","modified_gmt":"2025-09-19T01:22:55","slug":"quinteros-a-independiente-cuando-firma-y-en-que-momento-sera-presentado","status":"publish","type":"post","link":"http:\/\/hoycordobaweb.com\/index.php\/2025\/09\/19\/quinteros-a-independiente-cuando-firma-y-en-que-momento-sera-presentado\/","title":{"rendered":"Quinteros a Independiente: cu\u00e1ndo firma y en qu\u00e9 momento ser\u00e1 presentado"},"content":{"rendered":"<p><img src=\"http:\/\/hoycordobaweb.com\/wp-content\/uploads\/2025\/09\/quinteros-a-independiente-cuando-firma-y-en-que-momento-sera-presentado.jpg\"><\/p>\n<p><span class=\"createDate\">18\/09\/2025 22:22hs.<\/span><time class=\"modificatedDate\" datetime=\"2025-09-19T01:24:41-03:00\"> Actualizado al 19\/09\/2025 01:24hs.<\/time><\/p>\n<div id=\"storyBody\">\n<div class=\"custom-text \" readability=\"34.844660194175\">\n<p>Hubo acuerdo total. <a href=\"https:\/\/www.ole.com.ar\/tema\/gustavo-quinteros.html\" title=\"Gustavo Quinteros\" alt=\"Gustavo Quinteros\" class=\"slug\">Gustavo Quinteros<\/a>, quien este jueves aterriz\u00f3 en Buenos Aires luego de interrumpir sus vacaciones en Miami, firmar\u00e1 su contrato con <a href=\"https:\/\/www.ole.com.ar\/tema\/club-atletico-independiente.html\" title=\"Club Atl\u00e9tico Independiente\" alt=\"Club Atl\u00e9tico Independiente\" class=\"slug\">Independiente<\/a> en lo inmediato. El entrenador de 60 a\u00f1os<strong> pasar\u00e1 este viernes a las 17 por las oficinas del estadio Libertadores de Am\u00e9rica Ricardo Bochini para estampar la r\u00fabrica en un v\u00ednculo que lo ligar\u00e1 a la entidad de Avellaneda hasta fines de 2026. <\/strong>La duraci\u00f3n coincide con el final de la gesti\u00f3n de la dirigencia encabezada por N\u00e9stor Grindetti.<\/p>\n<\/div>\n<div class=\"custom-text \" readability=\"38\">\n<p>Para la presentaci\u00f3n oficial del t\u00e9cnico habr\u00e1 que esperar. El Rojo recibir\u00e1 el domingo a San Lorenzo y en ese encuentro ser\u00e1 dirigido por Carlos Matheu y Eduardo Tuzzio. Quinteros, quien el a\u00f1o pasado fue campe\u00f3n con V\u00e9lez y viene de tener un breve paso por Gremio de Porto Alegre, <strong>dar\u00e1 su primera conferencia de prensa el lunes a las 12 del mediod\u00eda, en la sala de prensa de la cancha.<\/strong><\/p>\n<\/div>\n<div class=\"custom-text \" readability=\"36\">\n<p>El entrenador ir\u00e1 a la cancha el domingo para observar el partido ante el Cicl\u00f3n desde uno de los palcos preferenciales. Y<strong> su debut ser\u00e1 el domingo 27 de septiembre, en el cl\u00e1sico de Avellaneda contra Racing, en el Cilindro.<\/strong><\/p>\n<\/div>\n<div class=\"sc-e7b891c4-0 ifHnQL image-embed\"><img alt=\"Gustavo Quinteros viene de tener un paso breve por Gremio. (Prensa V\u00e9lez)\" loading=\"lazy\" width=\"720\" height=\"100\" decoding=\"async\" data-nimg=\"1\" src=\"http:\/\/hoycordobaweb.com\/wp-content\/uploads\/2025\/09\/quinteros-a-independiente-cuando-firma-y-en-que-momento-sera-presentado-2.jpg\"><span class=\"epigraphe\">Gustavo Quinteros viene de tener un paso breve por Gremio. (Prensa V\u00e9lez)<\/span><\/div>\n<p><h2><strong>Quinteros habl\u00f3 al llegar a Ezeiza<\/strong><\/h2>\n<\/p>\n<div class=\"custom-text \" readability=\"42\">\n<p>\u201cEsperamos hacer lo mejor en esta parte final del a\u00f1o. Tener una idea clara de lo que tiene y necesita Independiente y planificar la pr\u00f3xima temporada para cumplir los objetivos. <strong>Esa es mi intenci\u00f3n, constituir un equipo para que el a\u00f1o que viene Independiente pueda pelear por cosas importantes\u201d<\/strong>, coment\u00f3 Quinteros apenas aterriz\u00f3 en Ezeiza. El Rojo recibir\u00e1 el domingo a San Lorenzo y el debut del nuevo entrenador ser\u00e1 el 28 de septiembre contra Racing, en el Cilindro. <strong>\u201cEl objetivo de mi parte siempre es agarrar un club grande para pelear, ganar t\u00edtulos y clasificar a copas.<\/strong> Eso es lo m\u00e1s importante para m\u00ed, son los objetivos que tengo como profesional. Independiente es un club muy grande que tal vez no est\u00e1 en su mejor momento, que hace algunos a\u00f1os no puede conseguir t\u00edtulos a nivel local\u201d, plante\u00f3 el DT.<\/p>\n<\/div>\n<div class=\"custom-text \" readability=\"41\">\n<p>Quinteros se mostr\u00f3 muy ilusionado por el material del que dispondr\u00e1. De hecho, tom\u00f3 la decisi\u00f3n de asumir luego de analizar a los jugadores que tendr\u00e1 y de diagnosticar que son aptos para llevar adelante su propuesta futbol\u00edstica. \u201cEl plantel es bueno, con caracter\u00edsticas de jugadores que a m\u00ed me gustan. Tenemos que mejorar. Un entrenador cuando llega necesita preparaci\u00f3n, una pretemporada, amistosos para que el funcionamiento se pueda dar de la mejor manera. En este caso es dif\u00edcil porque tendremos que entrenar, jugar y dejar contenta a la gente. Es una presi\u00f3n extra que tienen los jugadores\u201d, cont\u00f3.<\/p>\n<\/div>\n<div class=\"custom-text \" readability=\"41\">\n<p>M\u00e1s all\u00e1 de su entusiasmo, el t\u00e9cnico cree que precisar\u00e1 rodaje para poder imprimirle su sello al equipo: \u201cHay que cambiar la idea de juego, algo que no es f\u00e1cil porque necesit\u00e1s tiempo. Esto me pas\u00f3 en V\u00e9lez, donde la dirigencia nos dio el tiempo necesario para lograr los objetivos y conseguir t\u00edtulos. Ojal\u00e1 podamos cumplir esos objetivos, sobre todo el a\u00f1o que viene. Este a\u00f1o tendremos que mejorar lo m\u00e1s que se pueda\u201d, expres\u00f3. Y baj\u00f3 l\u00ednea: <strong>\u201cQuiero pedirle a la gente de Independiente que tenga paciencia, que conf\u00ede. Tenemos que unirnos en un momento dif\u00edcil\u201d.<\/strong><\/p>\n<\/div>\n<div class=\"sc-a7166897-0 eoLsBE\" readability=\"6\">\n<section readability=\"2\"><picture><img alt=\"El jugador de Independiente que jugar\u00e1 el Mundial Sub 20 para Chile\" loading=\"lazy\" width=\"290\" height=\"290\" decoding=\"async\" data-nimg=\"1\" src=\"http:\/\/hoycordobaweb.com\/wp-content\/uploads\/2025\/09\/quinteros-a-independiente-cuando-firma-y-en-que-momento-sera-presentado-3.jpg\"><\/picture>\n<p><span>Mir\u00e1 tambi\u00e9n<\/span><\/p>\n<hr>\n<h3>El jugador de Independiente que jugar\u00e1 el Mundial Sub 20 para Chile<\/h3>\n<\/p>\n<\/section>\n<\/div>\n<div class=\"sc-a7166897-0 eoLsBE\" readability=\"6\">\n<section readability=\"2\"><picture><img alt=\"El gran objetivo de Quinteros en Independiente\" loading=\"lazy\" width=\"290\" height=\"290\" decoding=\"async\" data-nimg=\"1\" src=\"http:\/\/hoycordobaweb.com\/wp-content\/uploads\/2025\/09\/quinteros-a-independiente-cuando-firma-y-en-que-momento-sera-presentado-4.jpg\"><\/picture>\n<p><span>Mir\u00e1 tambi\u00e9n<\/span><\/p>\n<hr>\n<h3>El gran objetivo de Quinteros en Independiente<\/h3>\n<\/p>\n<\/section>\n<\/div>\n<div class=\"sc-a7166897-0 eoLsBE\" readability=\"6.5\">\n<section readability=\"3\"><picture><img alt=\"Milito y su sinceridad sobre supuesta oferta de Independiente: \u201cYo estoy contento en Chivas\u201d\" loading=\"lazy\" width=\"290\" height=\"290\" decoding=\"async\" data-nimg=\"1\" src=\"http:\/\/hoycordobaweb.com\/wp-content\/uploads\/2025\/09\/quinteros-a-independiente-cuando-firma-y-en-que-momento-sera-presentado-5.jpg\"><\/picture>\n<p><span>Mir\u00e1 tambi\u00e9n<\/span><\/p>\n<hr>\n<h3>Milito y su sinceridad sobre supuesta oferta de Independiente: \u201cYo estoy contento en Chivas\u201d<\/h3>\n<\/p>\n<\/section>\n<\/div>\n<div class=\"sc-a7166897-0 eoLsBE\" readability=\"6.5\">\n<section readability=\"3\"><picture><img alt=\"Gustavo Quinteros lleg\u00f3 al pa\u00eds para acelerar su llegada a Independiente: &quot;Me interesa mucho&quot;\" loading=\"lazy\" width=\"290\" height=\"290\" decoding=\"async\" data-nimg=\"1\" src=\"http:\/\/hoycordobaweb.com\/wp-content\/uploads\/2025\/09\/quinteros-a-independiente-cuando-firma-y-en-que-momento-sera-presentado-6.jpg\"><\/picture>\n<p><span>Mir\u00e1 tambi\u00e9n<\/span><\/p>\n<hr>\n<h3>Gustavo Quinteros lleg\u00f3 al pa\u00eds para acelerar su llegada a Independiente: \u00abMe interesa mucho\u00bb<\/h3>\n<\/p>\n<\/section>\n<\/div>\n<div class=\"sc-a7166897-0 eoLsBE\" readability=\"6\">\n<section readability=\"2\"><picture><img alt=\"Llave de la Sudamericana: la victoria de Lan\u00fas y c\u00f3mo sigue la Copa\" loading=\"lazy\" width=\"290\" height=\"290\" decoding=\"async\" data-nimg=\"1\" src=\"http:\/\/hoycordobaweb.com\/wp-content\/uploads\/2025\/09\/quinteros-a-independiente-cuando-firma-y-en-que-momento-sera-presentado-7.jpg\"><\/picture>\n<p><span>Mir\u00e1 tambi\u00e9n<\/span><\/p>\n<hr>\n<h3>Llave de la Sudamericana: la victoria de Lan\u00fas y c\u00f3mo sigue la Copa<\/h3>\n<\/p>\n<\/section>\n<\/div>\n<\/div>\n","protected":false},"excerpt":{"rendered":"<p>18\/09\/2025 22:22hs. Actualizado al 19\/09\/2025 01:24hs. Hubo acuerdo total. Gustavo Quinteros, quien este jueves aterriz\u00f3 en Buenos Aires luego de interrumpir sus vacaciones en Miami, firmar\u00e1 su contrato con Independiente en lo inmediato. El entrenador de 60 a\u00f1os pasar\u00e1 este viernes a las 17 por las oficinas del estadio Libertadores de Am\u00e9rica Ricardo Bochini para [&hellip;]<\/p>\n","protected":false},"author":1,"featured_media":117415,"comment_status":"open","ping_status":"closed","sticky":false,"template":"","format":"standard","meta":[],"categories":[16],"tags":[],"_links":{"self":[{"href":"http:\/\/hoycordobaweb.com\/index.php\/wp-json\/wp\/v2\/posts\/117414"}],"collection":[{"href":"http:\/\/hoycordobaweb.com\/index.php\/wp-json\/wp\/v2\/posts"}],"about":[{"href":"http:\/\/hoycordobaweb.com\/index.php\/wp-json\/wp\/v2\/types\/post"}],"author":[{"embeddable":true,"href":"http:\/\/hoycordobaweb.com\/index.php\/wp-json\/wp\/v2\/users\/1"}],"replies":[{"embeddable":true,"href":"http:\/\/hoycordobaweb.com\/index.php\/wp-json\/wp\/v2\/comments?post=117414"}],"version-history":[{"count":0,"href":"http:\/\/hoycordobaweb.com\/index.php\/wp-json\/wp\/v2\/posts\/117414\/revisions"}],"wp:featuredmedia":[{"embeddable":true,"href":"http:\/\/hoycordobaweb.com\/index.php\/wp-json\/wp\/v2\/media\/117415"}],"wp:attachment":[{"href":"http:\/\/hoycordobaweb.com\/index.php\/wp-json\/wp\/v2\/media?parent=117414"}],"wp:term":[{"taxonomy":"category","embeddable":true,"href":"http:\/\/hoycordobaweb.com\/index.php\/wp-json\/wp\/v2\/categories?post=117414"},{"taxonomy":"post_tag","embeddable":true,"href":"http:\/\/hoycordobaweb.com\/index.php\/wp-json\/wp\/v2\/tags?post=117414"}],"curies":[{"name":"wp","href":"https:\/\/api.w.org\/{rel}","templated":true}]}}