{"id":117412,"date":"2025-09-19T01:40:35","date_gmt":"2025-09-19T01:40:35","guid":{"rendered":"https:\/\/www.ole.com.ar\/futbol-primera\/river-racing-copa-argentina-fecha-confirmada-cuartos-final-dia_0_Bklx1d0DfW.html"},"modified":"2025-09-19T01:40:35","modified_gmt":"2025-09-19T01:40:35","slug":"fecha-confirmada-para-river-vs-racing-por-copa-argentina","status":"publish","type":"post","link":"http:\/\/hoycordobaweb.com\/index.php\/2025\/09\/19\/fecha-confirmada-para-river-vs-racing-por-copa-argentina\/","title":{"rendered":"Fecha confirmada para River vs. Racing por Copa Argentina"},"content":{"rendered":"<p><img src=\"http:\/\/hoycordobaweb.com\/wp-content\/uploads\/2025\/09\/fecha-confirmada-para-river-vs-racing-por-copa-argentina.jpg\"><\/p>\n<p><time class=\"createDate\" datetime=\"2025-09-18T22:40:35-03:00\">18\/09\/2025 22:40hs.<\/time><\/p>\n<div id=\"storyBody\">\n<div class=\"custom-text \" readability=\"36.689573459716\">\n<p>La <a href=\"https:\/\/www.ole.com.ar\/tema\/copa-argentina.html\" title=\"Copa Argentina\" alt=\"Copa Argentina\" class=\"slug\">Copa Argentina<\/a> est\u00e1 al rojo vivo entrando en etapa de definici\u00f3n, porque ya tiene tres semifinalistas confirmados, pero tambi\u00e9n porque los cuartos de final cuentan con un cruce tremendo, para el que finalmente <strong>ya se pact\u00f3 una fecha. <\/strong>Luego de varios idas y vueltas por sus respectivos compromisos internacionales, <strong><a href=\"https:\/\/www.ole.com.ar\/tema\/river-plate.html\" title=\"River Plate\" alt=\"River Plate\" class=\"slug\">River<\/a> y <a href=\"https:\/\/www.ole.com.ar\/tema\/racing.html\" title=\"Racing\" alt=\"Racing\" class=\"slug\">Racing<\/a> ya saben cuando se ver\u00e1n las caras <\/strong>por un lugar entre los cuatro mejores del certamen.<\/p>\n<\/div>\n<p><h2><strong>Lo que ped\u00eda Racing<\/strong><\/h2>\n<\/p>\n<div class=\"custom-text \" readability=\"39\">\n<p>Desde la Academia,<strong> lo que solicitaban era jugar el encuentro el mi\u00e9rcoles 8 de octubre,<\/strong> dado que la semana anterior los tendr\u00eda reci\u00e9n salidos de disputar el cl\u00e1sico de Avellaneda, el domingo 28\/09, encuentro que podr\u00eda generar un impacto en el partido por Copa Argentina teniendo en cuenta el desgaste y el resultado.<\/p>\n<\/div>\n<div class=\"sc-e7b891c4-0 ifHnQL image-embed\"><img alt=\"Racing viene de eliminar a Riestra en octavos de final.\n(Foto Marcelo Carroll - FTP CLARIN)\" loading=\"lazy\" width=\"720\" height=\"100\" decoding=\"async\" data-nimg=\"1\" src=\"http:\/\/hoycordobaweb.com\/wp-content\/uploads\/2025\/09\/fecha-confirmada-para-river-vs-racing-por-copa-argentina-2.jpg\"><span class=\"epigraphe\">Racing viene de eliminar a Riestra en octavos de final.<br \/>\n(Foto Marcelo Carroll &#8211; FTP CLARIN)<\/span><\/div>\n<p><h2><strong>La postura de River<\/strong><\/h2>\n<\/p>\n<div class=\"custom-text \" readability=\"42.50289017341\">\n<p>Por su parte, <strong>en N\u00fa\u00f1ez hab\u00eda intenciones de jugar en los primeros d\u00edas de octubre, <\/strong>ya que a mediados de octubre se llevar\u00e1 a cabo una nueva fecha <a href=\"https:\/\/www.ole.com.ar\/tema\/fifa.html\" title=\"FIFA\" alt=\"FIFA\" class=\"slug\">FIFA <\/a>de amistosos en la que el Millo perder\u00eda a algunos jugadores, como lo pueden ser Montiel, Acu\u00f1a, Casta\u00f1o, Paulo D\u00edaz, Quintero y Galarza, los que suelen ser convocados a sus selecciones.<\/p>\n<\/div>\n<div class=\"sc-e7b891c4-0 ifHnQL image-embed\"><img alt=\"River elimin\u00f3 a Uni\u00f3n por penales en los octavos de final. (Foto Ramiro Gomez)\" loading=\"lazy\" width=\"720\" height=\"100\" decoding=\"async\" data-nimg=\"1\" src=\"http:\/\/hoycordobaweb.com\/wp-content\/uploads\/2025\/09\/fecha-confirmada-para-river-vs-racing-por-copa-argentina-3.jpg\"><span class=\"epigraphe\">River elimin\u00f3 a Uni\u00f3n por penales en los octavos de final. (Foto Ramiro Gomez)<\/span><\/div>\n<p><h2><strong>Cu\u00e1ndo se juega River vs. Racing por Copa Argentina<\/strong><\/h2>\n<\/p>\n<div class=\"custom-text \" readability=\"36\">\n<p>Finalmente, si bien aun <strong>no hay sede ni horario confirmado,<\/strong> la cuenta oficial de la Copa Argentina confirm\u00f3 que el duelo por los cuartos de final entre River y Racing se llevar\u00e1 a cabo del<strong> jueves 2 de octubre.<\/strong><\/p>\n<\/div>\n<p><h2><strong>La llave de la Copa Argentina<\/strong><\/h2>\n<\/p>\n<div class=\"sc-e7b891c4-0 ifHnQL image-embed\"><img alt=\"La llave de la Copa Argentina.\" loading=\"lazy\" width=\"720\" height=\"100\" decoding=\"async\" data-nimg=\"1\" src=\"http:\/\/hoycordobaweb.com\/wp-content\/uploads\/2025\/09\/fecha-confirmada-para-river-vs-racing-por-copa-argentina-4.jpg\"><span class=\"epigraphe\">La llave de la Copa Argentina.<\/span><\/div>\n<div class=\"sc-a7166897-0 eoLsBE\" readability=\"6.5\">\n<section readability=\"3\"><picture><img alt=\"La decisi\u00f3n de Guillermo en V\u00e9lez pensando en el choque con Racing por la Libertadores\" loading=\"lazy\" width=\"290\" height=\"290\" decoding=\"async\" data-nimg=\"1\" src=\"http:\/\/hoycordobaweb.com\/wp-content\/uploads\/2025\/09\/fecha-confirmada-para-river-vs-racing-por-copa-argentina-5.jpg\"><\/picture>\n<p><span>Mir\u00e1 tambi\u00e9n<\/span><\/p>\n<hr>\n<h3>La decisi\u00f3n de Guillermo en V\u00e9lez pensando en el choque con Racing por la Libertadores<\/h3>\n<\/p>\n<\/section>\n<\/div>\n<div class=\"sc-a7166897-0 eoLsBE\" readability=\"6\">\n<section readability=\"2\"><picture><img alt=\"River se puso firme: Subiabre no viaja al Mundial Sub 20 si no renueva su contrato\" loading=\"lazy\" width=\"290\" height=\"290\" decoding=\"async\" data-nimg=\"1\" src=\"http:\/\/hoycordobaweb.com\/wp-content\/uploads\/2025\/09\/fecha-confirmada-para-river-vs-racing-por-copa-argentina-6.jpg\"><\/picture>\n<p><span>Mir\u00e1 tambi\u00e9n<\/span><\/p>\n<hr>\n<h3>River se puso firme: Subiabre no viaja al Mundial Sub 20 si no renueva su contrato<\/h3>\n<\/p>\n<\/section>\n<\/div>\n<div class=\"sc-a7166897-0 eoLsBE\" readability=\"6.5\">\n<section readability=\"3\"><picture><img alt=\"River: lo que dej\u00f3 la derrota frente a Palmeiras y todas las noticias del jueves 18 de septiembre\" loading=\"lazy\" width=\"290\" height=\"290\" decoding=\"async\" data-nimg=\"1\" src=\"http:\/\/hoycordobaweb.com\/wp-content\/uploads\/2025\/09\/fecha-confirmada-para-river-vs-racing-por-copa-argentina-7.jpg\"><\/picture>\n<p><span>Mir\u00e1 tambi\u00e9n<\/span><\/p>\n<hr>\n<h3>River: lo que dej\u00f3 la derrota frente a Palmeiras y todas las noticias del jueves 18 de septiembre<\/h3>\n<\/p>\n<\/section>\n<\/div>\n<div class=\"sc-a7166897-0 eoLsBE\" readability=\"6\">\n<section readability=\"2\"><picture><img alt=\"Racing pondr\u00e1 suplentes contra Hurac\u00e1n\" loading=\"lazy\" width=\"290\" height=\"290\" decoding=\"async\" data-nimg=\"1\" src=\"http:\/\/hoycordobaweb.com\/wp-content\/uploads\/2025\/09\/fecha-confirmada-para-river-vs-racing-por-copa-argentina-8.jpg\"><\/picture>\n<p><span>Mir\u00e1 tambi\u00e9n<\/span><\/p>\n<hr>\n<h3>Racing pondr\u00e1 suplentes contra Hurac\u00e1n<\/h3>\n<\/p>\n<\/section>\n<\/div>\n<div class=\"sc-a7166897-0 eoLsBE\" readability=\"7\">\n<section readability=\"4\"><picture><img alt=\"La llave de la Libertadores: Racing le gan\u00f3 a V\u00e9lez, River cay\u00f3 ante Palmeiras y Estudiantes perdi\u00f3 en Brasil\" loading=\"lazy\" width=\"290\" height=\"290\" decoding=\"async\" data-nimg=\"1\" src=\"http:\/\/hoycordobaweb.com\/wp-content\/uploads\/2025\/09\/fecha-confirmada-para-river-vs-racing-por-copa-argentina-9.jpg\"><\/picture>\n<p><span>Mir\u00e1 tambi\u00e9n<\/span><\/p>\n<hr>\n<h3>La llave de la Libertadores: Racing le gan\u00f3 a V\u00e9lez, River cay\u00f3 ante Palmeiras y Estudiantes perdi\u00f3 en Brasil<\/h3>\n<\/p>\n<\/section>\n<\/div>\n<\/div>\n","protected":false},"excerpt":{"rendered":"<p>18\/09\/2025 22:40hs. La Copa Argentina est\u00e1 al rojo vivo entrando en etapa de definici\u00f3n, porque ya tiene tres semifinalistas confirmados, pero tambi\u00e9n porque los cuartos de final cuentan con un cruce tremendo, para el que finalmente ya se pact\u00f3 una fecha. Luego de varios idas y vueltas por sus respectivos compromisos internacionales, River y Racing [&hellip;]<\/p>\n","protected":false},"author":1,"featured_media":117413,"comment_status":"open","ping_status":"closed","sticky":false,"template":"","format":"standard","meta":[],"categories":[16],"tags":[],"_links":{"self":[{"href":"http:\/\/hoycordobaweb.com\/index.php\/wp-json\/wp\/v2\/posts\/117412"}],"collection":[{"href":"http:\/\/hoycordobaweb.com\/index.php\/wp-json\/wp\/v2\/posts"}],"about":[{"href":"http:\/\/hoycordobaweb.com\/index.php\/wp-json\/wp\/v2\/types\/post"}],"author":[{"embeddable":true,"href":"http:\/\/hoycordobaweb.com\/index.php\/wp-json\/wp\/v2\/users\/1"}],"replies":[{"embeddable":true,"href":"http:\/\/hoycordobaweb.com\/index.php\/wp-json\/wp\/v2\/comments?post=117412"}],"version-history":[{"count":0,"href":"http:\/\/hoycordobaweb.com\/index.php\/wp-json\/wp\/v2\/posts\/117412\/revisions"}],"wp:featuredmedia":[{"embeddable":true,"href":"http:\/\/hoycordobaweb.com\/index.php\/wp-json\/wp\/v2\/media\/117413"}],"wp:attachment":[{"href":"http:\/\/hoycordobaweb.com\/index.php\/wp-json\/wp\/v2\/media?parent=117412"}],"wp:term":[{"taxonomy":"category","embeddable":true,"href":"http:\/\/hoycordobaweb.com\/index.php\/wp-json\/wp\/v2\/categories?post=117412"},{"taxonomy":"post_tag","embeddable":true,"href":"http:\/\/hoycordobaweb.com\/index.php\/wp-json\/wp\/v2\/tags?post=117412"}],"curies":[{"name":"wp","href":"https:\/\/api.w.org\/{rel}","templated":true}]}}