{"id":11733,"date":"2021-02-03T11:12:00","date_gmt":"2021-02-03T11:12:00","guid":{"rendered":"http:\/\/hoycordobaweb.com\/index.php\/2021\/02\/03\/retoma-su-actividad-la-comision-bicameral-que-monitorea-la-implementacion-del-codigo-procesal\/"},"modified":"2021-02-03T11:12:00","modified_gmt":"2021-02-03T11:12:00","slug":"retoma-su-actividad-la-comision-bicameral-que-monitorea-la-implementacion-del-codigo-procesal","status":"publish","type":"post","link":"http:\/\/hoycordobaweb.com\/index.php\/2021\/02\/03\/retoma-su-actividad-la-comision-bicameral-que-monitorea-la-implementacion-del-codigo-procesal\/","title":{"rendered":"Retoma su actividad la comisi\u00f3n bicameral que monitorea la implementaci\u00f3n del C\u00f3digo Procesal"},"content":{"rendered":"<p><img src=\"http:\/\/hoycordobaweb.com\/wp-content\/uploads\/2021\/02\/retoma-su-actividad-la-comision-bicameral-que-monitorea-la-implementacion-del-codigo-procesal.jpg\"><\/p>\n<div class=\"image\" id=\"image\" readability=\"7\"> <img src=\"http:\/\/hoycordobaweb.com\/wp-content\/uploads\/2021\/02\/retoma-su-actividad-la-comision-bicameral-que-monitorea-la-implementacion-del-codigo-procesal-2.jpg\" alt=\"La Comisi\u00f3n Bicameral Parlamentaria se reunir\u00e1 este mi\u00e9rcoles de manera virtual\" title=\"La Comisi\u00f3n Bicameral Parlamentaria se reunir\u00e1 este mi\u00e9rcoles de manera virtual\"><\/p>\n<p>La Comisi\u00f3n Bicameral Parlamentaria se reunir\u00e1 este mi\u00e9rcoles de manera virtual<\/p>\n<\/div>\n<p>La Comisi\u00f3n Bicameral Parlamentaria que monitorea la puesta en marcha del C\u00f3digo Procesal Penal Federal se reunir\u00e1 este mi\u00e9rcoles, de manera virtual, para reanudar la ronda de expositores que dar\u00e1n testimonio sobre la implementaci\u00f3n del nuevo sistema en algunos distritos del pa\u00eds como la provincia de Salta.<\/p>\n<p><strong>La presidenta de la comisi\u00f3n, Anabel Fern\u00e1ndez Sagasti, convoc\u00f3 a diputados y senadores a una reuni\u00f3n por Zoom para las 13 con el objetivo de realizar un balance sobre el funcionamiento del sistema.<\/strong><\/p>\n<p>Entre los expositores se encuentran el presidente de la C\u00e1mara Federal de Apelaciones de Salta, Alejandro Castellanos; el director de la Oficina Judicial de Salta, Joaqu\u00edn Ru\u00edz de los Llanos; el fiscal coordinador de distrito del Ministerio P\u00fablico Fiscal, Eduardo Villalba, y la defensora p\u00fablica coordinadora de distrito del Ministerio P\u00fablico de la Defensa, Ana Gal\u00e1n Mu\u00f1oz.<\/p>\n<p>Tambi\u00e9n hablar\u00e1 ante los legisladores un\/a representante de los Tribunales Orales Federales de la jurisdicci\u00f3n. <\/p>\n","protected":false},"excerpt":{"rendered":"<p>La Comisi\u00f3n Bicameral Parlamentaria se reunir\u00e1 este mi\u00e9rcoles de manera virtual La Comisi\u00f3n Bicameral Parlamentaria que monitorea la puesta en marcha del C\u00f3digo Procesal Penal Federal se reunir\u00e1 este mi\u00e9rcoles, de manera virtual, para reanudar la ronda de expositores que dar\u00e1n testimonio sobre la implementaci\u00f3n del nuevo sistema en algunos distritos del pa\u00eds como la [&hellip;]<\/p>\n","protected":false},"author":1,"featured_media":11734,"comment_status":"open","ping_status":"closed","sticky":false,"template":"","format":"standard","meta":[],"categories":[19],"tags":[],"_links":{"self":[{"href":"http:\/\/hoycordobaweb.com\/index.php\/wp-json\/wp\/v2\/posts\/11733"}],"collection":[{"href":"http:\/\/hoycordobaweb.com\/index.php\/wp-json\/wp\/v2\/posts"}],"about":[{"href":"http:\/\/hoycordobaweb.com\/index.php\/wp-json\/wp\/v2\/types\/post"}],"author":[{"embeddable":true,"href":"http:\/\/hoycordobaweb.com\/index.php\/wp-json\/wp\/v2\/users\/1"}],"replies":[{"embeddable":true,"href":"http:\/\/hoycordobaweb.com\/index.php\/wp-json\/wp\/v2\/comments?post=11733"}],"version-history":[{"count":0,"href":"http:\/\/hoycordobaweb.com\/index.php\/wp-json\/wp\/v2\/posts\/11733\/revisions"}],"wp:featuredmedia":[{"embeddable":true,"href":"http:\/\/hoycordobaweb.com\/index.php\/wp-json\/wp\/v2\/media\/11734"}],"wp:attachment":[{"href":"http:\/\/hoycordobaweb.com\/index.php\/wp-json\/wp\/v2\/media?parent=11733"}],"wp:term":[{"taxonomy":"category","embeddable":true,"href":"http:\/\/hoycordobaweb.com\/index.php\/wp-json\/wp\/v2\/categories?post=11733"},{"taxonomy":"post_tag","embeddable":true,"href":"http:\/\/hoycordobaweb.com\/index.php\/wp-json\/wp\/v2\/tags?post=11733"}],"curies":[{"name":"wp","href":"https:\/\/api.w.org\/{rel}","templated":true}]}}