{"id":117324,"date":"2025-09-18T20:04:32","date_gmt":"2025-09-18T20:04:32","guid":{"rendered":"https:\/\/www.mujerhoy.com\/moda\/no-te-pierdas\/mejores-looks-desfile-carolina-herrera-madrid-asistentes-nieves-alvarez-hiba-abouk-20250918195027-nt.html"},"modified":"2025-09-18T20:04:32","modified_gmt":"2025-09-18T20:04:32","slug":"de-olivia-palermo-a-nieves-alvarez-los-mejores-looks-del-desfile-de-carolina-herrera-en-madrid","status":"publish","type":"post","link":"http:\/\/hoycordobaweb.com\/index.php\/2025\/09\/18\/de-olivia-palermo-a-nieves-alvarez-los-mejores-looks-del-desfile-de-carolina-herrera-en-madrid\/","title":{"rendered":"De Olivia Palermo a Nieves \u00c1lvarez: los mejores looks del desfile de Carolina Herrera en Madrid"},"content":{"rendered":"<p><!-- AUTHOR --><\/p>\n<div class=\"voc-author-timesocial \">\n<!-- AUTHOR --><\/p>\n<div class=\"voc-author-timesocial__signature \">\n<!-- IMAGE AUTHOR -->\n<picture class=\"voc-image-signature\">\n<img class=\"voc-image-signature__img\" src=\"http:\/\/hoycordobaweb.com\/wp-content\/uploads\/2025\/09\/de-olivia-palermo-a-nieves-alvarez-los-mejores-looks-del-desfile-de-carolina-herrera-en-madrid.jpg\" alt=\"Patricia Mart\u00edn\">\n<\/picture>\n<!-- INFO AUTHOR --> <\/div><\/div>\n<p><!-- COMPONENTS --><\/p>\n<p class=\"voc-paragraph\">Madrid se convierte hoy en una pasarela internacional y acoge el desfile de<strong> la colecci\u00f3n primavera-verano 2026<\/strong> de <strong>Carolina Herrera<\/strong>, que tiene como ubicaci\u00f3n<strong> la Plaza Mayor de Madrid<\/strong>. La firma abandona Nueva York este a\u00f1o para presentar su nueva colecci\u00f3n en la capital espa\u00f1ola.<\/p>\n<p class=\"voc-paragraph\">El director creativo de la firma, Wes Gordon, explica que la elecci\u00f3n del lugar fue inmediata: \u00abLa Plaza Mayor<strong> es el latido de Madrid,<\/strong> marca el pulso de la ciudad. Tiene una vitalidad que te atrapa de forma instant\u00e1nea. Adem\u00e1s, ha sido una fuente clara de inspiraci\u00f3n para la colecci\u00f3n SS26\u00bb.<\/p>\n<div class=\"v-c-cmp v-c-cmp--t1 \">\n<div class=\"v-cmp-rld v-cmp-rld--2 \">\n<div class=\"v-cnt-m v-cnt-m--m\">\n<div class=\"v-cnt-m__c\">\n<div class=\"v-cnt-m__w v-cnt-m__w--1\">\n<p class=\"v-cnt-m__t\">\nTAMBI\u00c9N TE INTERESA\n<\/p>\n<\/div>\n<\/div>\n<\/div>\n<div class=\"v-g v-g--2-c v-g--bdr-min-xs\">\n<div class=\"v-g__c \">\n<article class=\"v-a v-a--cmp-rld v-a--cmp-rld-2 v-a--p-l\">\n<div class=\"v-a-img-c\">\n<figure class=\"v-a-fig\">\n<a href=\"https:\/\/www.mujerhoy.com\/moda\/no-te-pierdas\/reina-letizia-estrena-vestido-carolina-herrera-belgica-20250620152448-nt.html#vtm_modulosEngag=mod-rel:moda:noticia:1:cmp:2-not\" class=\"v-a-link\" title=\"Letizia estrena en B\u00e9lgica un vestido de Carolina Herrera: rebajado a mitad de precio y con un color azul favorecedor\"><br \/>\n<img loading=\"lazy\" class=\"v-a-img\" src=\"http:\/\/hoycordobaweb.com\/wp-content\/uploads\/2025\/09\/de-olivia-palermo-a-nieves-alvarez-los-mejores-looks-del-desfile-de-carolina-herrera-en-madrid-1.jpg\" alt=\"Letizia estrena en B\u00e9lgica un vestido de Carolina Herrera: rebajado a mitad de precio y con un color azul favorecedor\"><br \/>\n<\/a><br \/>\n<\/figure>\n<\/div>\n<\/article>\n<\/div>\n<div class=\"v-g__c \">\n<article class=\"v-a v-a--cmp-rld v-a--cmp-rld-2 v-a--p-l\">\n<div class=\"v-a-img-c\">\n<figure class=\"v-a-fig\">\n<a href=\"https:\/\/www.mujerhoy.com\/moda\/no-te-pierdas\/reina-letizia-vestido-carolina-herrera-elegante-look-dia-fuerzas-armadas-2025-20250607130256-nt.html#vtm_modulosEngag=mod-rel:moda:noticia:2:cmp:2-not\" class=\"v-a-link\" title=\"La reina Letizia rescata su vestido de Carolina Herrera m\u00e1s favorecedor y elegante en el D\u00eda de las Fuerzas Armadas\"><br \/>\n<img loading=\"lazy\" class=\"v-a-img\" src=\"http:\/\/hoycordobaweb.com\/wp-content\/uploads\/2025\/09\/de-olivia-palermo-a-nieves-alvarez-los-mejores-looks-del-desfile-de-carolina-herrera-en-madrid-2.jpg\" alt=\"La reina Letizia rescata su vestido de Carolina Herrera m\u00e1s favorecedor y elegante en el D\u00eda de las Fuerzas Armadas\"><br \/>\n<\/a><br \/>\n<\/figure>\n<\/div>\n<\/article>\n<\/div>\n<\/div>\n<\/div>\n<\/div>\n<p class=\"voc-paragraph\">El hist\u00f3rico enclave dise\u00f1ado por Juan G\u00f3mez de Mora hace cuatro siglos en el coraz\u00f3n de la capital. Construida a comienzos del siglo XVII durante el reinado de Felipe III, en el Madrid de los Austrias, la plaza combina elementos cl\u00e1sicos y barrocos. A lo largo de los siglos se ha consolidado como espacio de encuentro tanto para madrile\u00f1os como para visitantes, y hoy se viste de gala para celebrar uno de los desfiles <strong>m\u00e1s esperados del a\u00f1o. <\/strong><\/p>\n<p><h3 class=\"v-cmp-suh\">\nLos mejores looks de la alfombra roja del desfile de Carolina Herrera en Madrid<br \/>\n<\/h3>\n<\/p>\n<p class=\"voc-paragraph\">Un evento que nadie se ha querido perder y al que han acudido nombres internacionales como<strong> Alexa Chung o Lucy Hale<\/strong>, pero tambi\u00e9n nombre nacionales muy importantes en la industria de la moda como Nieves \u00c1lvarez o Laura Ponte, as\u00ed como numerosos rostros de la industria del cine y de la sociedad espa\u00f1ola. Repasamos los mejores looks de los asistentes al <strong>desfile de Carolina Herrera <\/strong>en Madrd. <\/p>\n<div class=\"v-c-cmp \">\n<div class=\"v-cmp-m v-cmp-m--t1\">\n<article class=\"v-a v-a--cmp-m v-c-cmp--m-p\">\n<div class=\"v-a-img-c v-a-img-c--fw-xs\">\n<div class=\"v-a-fig\">\n<div class=\"v-a-link\">\n<img loading=\"lazy\" src=\"http:\/\/hoycordobaweb.com\/wp-content\/uploads\/2025\/09\/de-olivia-palermo-a-nieves-alvarez-los-mejores-looks-del-desfile-de-carolina-herrera-en-madrid-3.jpg\" class=\"v-a-img\" width=\"650\" height=\"975\" alt=\"Mejores looks del desfile de Carolina Herrera\" data-voc-vtm-id=\"in-text-traffic\">\n<\/div><figcaption class=\"v-fc\">\n<span class=\"v-fc__t\"><br \/>\nMejores looks del desfile de Carolina Herrera<br \/>\n<\/span><br \/>\n<span class=\"v-fc__p\"><br \/>\nLIMITED PICTURES<br \/>\n<\/span><br \/>\n<\/figcaption><\/div>\n<\/div>\n<\/article>\n<\/div>\n<\/div>\n<p><h3 class=\"v-cmp-suh\">\nOlivia Palermo<br \/>\n<\/h3>\n<\/p>\n<p class=\"voc-paragraph\">Olivia Palermo ha jugado con los colores y los vol\u00famenes, combinando una blusa con mangas abullonadas color rosa, con una falda plisada y recta en color verde oliva. Completa el look con sandalais doradas. <\/p>\n<div class=\"v-c-cmp \">\n<div class=\"v-cmp-m v-cmp-m--t1\">\n<article class=\"v-a v-a--cmp-m v-c-cmp--m-p\">\n<div class=\"v-a-img-c v-a-img-c--fw-xs\">\n<div class=\"v-a-fig\">\n<div class=\"v-a-link\">\n<img loading=\"lazy\" src=\"http:\/\/hoycordobaweb.com\/wp-content\/uploads\/2025\/09\/de-olivia-palermo-a-nieves-alvarez-los-mejores-looks-del-desfile-de-carolina-herrera-en-madrid-4.jpg\" class=\"v-a-img\" width=\"650\" height=\"975\" alt=\"Mejores looks del desfile de Carolina Herrera\" data-voc-vtm-id=\"in-text-traffic\">\n<\/div><figcaption class=\"v-fc\">\n<span class=\"v-fc__t\"><br \/>\nMejores looks del desfile de Carolina Herrera<br \/>\n<\/span><br \/>\n<span class=\"v-fc__p\"><br \/>\nLIMITED PICTURES<br \/>\n<\/span><br \/>\n<\/figcaption><\/div>\n<\/div>\n<\/article>\n<\/div>\n<\/div>\n<p><h3 class=\"v-cmp-suh\">\nAlexa Chung<br \/>\n<\/h3>\n<\/p>\n<p class=\"voc-paragraph\">La influencer brit\u00e1nica no ha defraudado con un vestido blanco con escote recto, y flores bordadas en colores pastel. \u00bfLo mejor? El detalle de la flor a un lado del pelo, peinado al estilo Old Hollywood. <\/p>\n<div class=\"v-c-cmp \">\n<div class=\"v-cmp-m v-cmp-m--t1\">\n<article class=\"v-a v-a--cmp-m v-c-cmp--m-p\">\n<div class=\"v-a-img-c v-a-img-c--fw-xs\">\n<div class=\"v-a-fig\">\n<div class=\"v-a-link\">\n<img loading=\"lazy\" src=\"http:\/\/hoycordobaweb.com\/wp-content\/uploads\/2025\/09\/de-olivia-palermo-a-nieves-alvarez-los-mejores-looks-del-desfile-de-carolina-herrera-en-madrid-5.jpg\" class=\"v-a-img\" width=\"650\" height=\"975\" alt=\"Mejores looks del desfile de Carolina Herrera\" data-voc-vtm-id=\"in-text-traffic\">\n<\/div><figcaption class=\"v-fc\">\n<span class=\"v-fc__t\"><br \/>\nMejores looks del desfile de Carolina Herrera<br \/>\n<\/span><br \/>\n<span class=\"v-fc__p\"><br \/>\nLIMITED PICTURES<br \/>\n<\/span><br \/>\n<\/figcaption><\/div>\n<\/div>\n<\/article>\n<\/div>\n<\/div>\n<p><h3 class=\"v-cmp-suh\">\nNieves \u00c1lvarez<br \/>\n<\/h3>\n<\/p>\n<p class=\"voc-paragraph\">La modelo ha llevado un espectacular vestido blanco con flores bordadas, entallado que estiliza la figura. Ha a\u00f1adido unas gafas de sol negras con montura grusa, muy favorecedoras. <\/p>\n<div class=\"v-c-cmp \">\n<div class=\"v-cmp-m v-cmp-m--t1\">\n<article class=\"v-a v-a--cmp-m v-c-cmp--m-p\">\n<div class=\"v-a-img-c v-a-img-c--fw-xs\">\n<div class=\"v-a-fig\">\n<div class=\"v-a-link\">\n<img loading=\"lazy\" src=\"http:\/\/hoycordobaweb.com\/wp-content\/uploads\/2025\/09\/de-olivia-palermo-a-nieves-alvarez-los-mejores-looks-del-desfile-de-carolina-herrera-en-madrid-6.jpg\" class=\"v-a-img\" width=\"650\" height=\"975\" alt=\"Mejores looks del desfile de Carolina Herrera\" data-voc-vtm-id=\"in-text-traffic\">\n<\/div><figcaption class=\"v-fc\">\n<span class=\"v-fc__t\"><br \/>\nMejores looks del desfile de Carolina Herrera<br \/>\n<\/span><br \/>\n<span class=\"v-fc__p\"><br \/>\nLIMITED PICTURES<br \/>\n<\/span><br \/>\n<\/figcaption><\/div>\n<\/div>\n<\/article>\n<\/div>\n<\/div>\n<p><h3 class=\"v-cmp-suh\">\nCarolina Adrian Herrera y Patricia Herrera<br \/>\n<\/h3>\n<\/p>\n<p class=\"voc-paragraph\">Carolina Herrera ha escogido un vestido de manga tres cuartos, con estampado floral en tonos azules. Su hermana, Patricia Herrera, se ha decantado por un modelo m\u00e1s cl\u00e1sico, en negro y con escote coraz\u00f3n. <\/p>\n<div class=\"v-c-cmp \">\n<div class=\"v-cmp-m v-cmp-m--t1\">\n<article class=\"v-a v-a--cmp-m v-c-cmp--m-p\">\n<div class=\"v-a-img-c v-a-img-c--fw-xs\">\n<div class=\"v-a-fig\">\n<div class=\"v-a-link\">\n<img loading=\"lazy\" src=\"http:\/\/hoycordobaweb.com\/wp-content\/uploads\/2025\/09\/de-olivia-palermo-a-nieves-alvarez-los-mejores-looks-del-desfile-de-carolina-herrera-en-madrid-7.jpg\" class=\"v-a-img\" width=\"650\" height=\"975\" alt=\"Mejores looks del desfile de Carolina Herrera\" data-voc-vtm-id=\"in-text-traffic\">\n<\/div><figcaption class=\"v-fc\">\n<span class=\"v-fc__t\"><br \/>\nMejores looks del desfile de Carolina Herrera<br \/>\n<\/span><br \/>\n<span class=\"v-fc__p\"><br \/>\nLIMITED PICTURES<br \/>\n<\/span><br \/>\n<\/figcaption><\/div>\n<\/div>\n<\/article>\n<\/div>\n<\/div>\n<p><h3 class=\"v-cmp-suh\">\nMargarita Vargas<br \/>\n<\/h3>\n<\/p>\n<p class=\"voc-paragraph\">Margarita Vargas, con un vestido negro con escote palabra de honor, y una impresionante falda tipo que imita la estructura de un tut\u00fa de ballet. Completa el look con un mo\u00f1o alto, muy favorecedor. <\/p>\n<div class=\"v-c-cmp \">\n<div class=\"v-cmp-m v-cmp-m--t1\">\n<article class=\"v-a v-a--cmp-m v-c-cmp--m-p\">\n<div class=\"v-a-img-c v-a-img-c--fw-xs\">\n<div class=\"v-a-fig\">\n<div class=\"v-a-link\">\n<img loading=\"lazy\" src=\"http:\/\/hoycordobaweb.com\/wp-content\/uploads\/2025\/09\/de-olivia-palermo-a-nieves-alvarez-los-mejores-looks-del-desfile-de-carolina-herrera-en-madrid-8.jpg\" class=\"v-a-img\" width=\"650\" height=\"975\" alt=\"Mejores looks del desfile de Carolina Herrera\" data-voc-vtm-id=\"in-text-traffic\">\n<\/div><figcaption class=\"v-fc\">\n<span class=\"v-fc__t\"><br \/>\nMejores looks del desfile de Carolina Herrera<br \/>\n<\/span><br \/>\n<span class=\"v-fc__p\"><br \/>\nLIMITED PICTURES<br \/>\n<\/span><br \/>\n<\/figcaption><\/div>\n<\/div>\n<\/article>\n<\/div>\n<\/div>\n<p><h3 class=\"v-cmp-suh\">\nHiba Abouk<br \/>\n<\/h3>\n<\/p>\n<p class=\"voc-paragraph\">La actriz ha elegido un top de cuello halter en negro que ha combinado con unos pantalones de tiro alto con bordados en blanco. Completa el look con pendientes con motivo floral en rojo. <\/p>\n<div class=\"v-c-cmp \">\n<div class=\"v-cmp-m v-cmp-m--t1\">\n<article class=\"v-a v-a--cmp-m v-c-cmp--m-p\">\n<div class=\"v-a-img-c v-a-img-c--fw-xs\">\n<div class=\"v-a-fig\">\n<div class=\"v-a-link\">\n<img loading=\"lazy\" src=\"http:\/\/hoycordobaweb.com\/wp-content\/uploads\/2025\/09\/de-olivia-palermo-a-nieves-alvarez-los-mejores-looks-del-desfile-de-carolina-herrera-en-madrid-9.jpg\" class=\"v-a-img\" width=\"650\" height=\"975\" alt=\"Mejores looks del desfile de Carolina Herrera\" data-voc-vtm-id=\"in-text-traffic\">\n<\/div><figcaption class=\"v-fc\">\n<span class=\"v-fc__t\"><br \/>\nMejores looks del desfile de Carolina Herrera<br \/>\n<\/span><br \/>\n<span class=\"v-fc__p\"><br \/>\nLIMITED PICTURES<br \/>\n<\/span><br \/>\n<\/figcaption><\/div>\n<\/div>\n<\/article>\n<\/div>\n<\/div>\n<p><h3 class=\"v-cmp-suh\">\nNajwa Nimri<br \/>\n<\/h3>\n<\/p>\n<p class=\"voc-paragraph\">La actriz se ha decantado por un total look negro, con un mono con escote en V y unas espectaculares mangas hasta los codos tejidas en gasa. Lleva gafas XL y unos labios rojos que completan el estilismo. <\/p>\n<div class=\"v-c-cmp \">\n<div class=\"v-cmp-m v-cmp-m--t1\">\n<article class=\"v-a v-a--cmp-m v-c-cmp--m-p\">\n<div class=\"v-a-img-c v-a-img-c--fw-xs\">\n<div class=\"v-a-fig\">\n<div class=\"v-a-link\">\n<img loading=\"lazy\" src=\"http:\/\/hoycordobaweb.com\/wp-content\/uploads\/2025\/09\/de-olivia-palermo-a-nieves-alvarez-los-mejores-looks-del-desfile-de-carolina-herrera-en-madrid-10.jpg\" class=\"v-a-img\" width=\"650\" height=\"975\" alt=\"Mejores looks del desfile de Carolina Herrera\" data-voc-vtm-id=\"in-text-traffic\">\n<\/div><figcaption class=\"v-fc\">\n<span class=\"v-fc__t\"><br \/>\nMejores looks del desfile de Carolina Herrera<br \/>\n<\/span><br \/>\n<span class=\"v-fc__p\"><br \/>\nLIMITED PICTURES<br \/>\n<\/span><br \/>\n<\/figcaption><\/div>\n<\/div>\n<\/article>\n<\/div>\n<\/div>\n<p><h3 class=\"v-cmp-suh\">\nAitana S\u00e1nchez-Gij\u00f3n<br \/>\n<\/h3>\n<\/p>\n<p class=\"voc-paragraph\">La actriz ha llevado un vestido de tirantes con estampado floral, con el cuerpo ce\u00f1ido y falda con vuelo. Completa el look con unas sandalias doradas muy elegantes. <\/p>\n<div class=\"v-c-cmp \">\n<div class=\"v-cmp-m v-cmp-m--t1\">\n<article class=\"v-a v-a--cmp-m v-c-cmp--m-p\">\n<div class=\"v-a-img-c v-a-img-c--fw-xs\">\n<div class=\"v-a-fig\">\n<div class=\"v-a-link\">\n<img loading=\"lazy\" src=\"http:\/\/hoycordobaweb.com\/wp-content\/uploads\/2025\/09\/de-olivia-palermo-a-nieves-alvarez-los-mejores-looks-del-desfile-de-carolina-herrera-en-madrid-11.jpg\" class=\"v-a-img\" width=\"650\" height=\"975\" alt=\"Mejores looks del desfile de Carolina Herrera\" data-voc-vtm-id=\"in-text-traffic\">\n<\/div><figcaption class=\"v-fc\">\n<span class=\"v-fc__t\"><br \/>\nMejores looks del desfile de Carolina Herrera<br \/>\n<\/span><br \/>\n<span class=\"v-fc__p\"><br \/>\nLIMITED PICTURES<br \/>\n<\/span><br \/>\n<\/figcaption><\/div>\n<\/div>\n<\/article>\n<\/div>\n<\/div>\n<p><h3 class=\"v-cmp-suh\">\nEugenia Mart\u00ednez de Irujo<br \/>\n<\/h3>\n<\/p>\n<p class=\"voc-paragraph\">Eugenia Mart\u00ednez de Irujo, junto a su pareja, Narc\u00eds Rebollo, con un vestido de estilo oriental en azul pastel y rojo. \u00bfLo mejor? El detalle del mant\u00f3n anudado al cuello. <\/p>\n<div class=\"v-c-cmp \">\n<div class=\"v-cmp-m v-cmp-m--t1\">\n<article class=\"v-a v-a--cmp-m v-c-cmp--m-p\">\n<div class=\"v-a-img-c v-a-img-c--fw-xs\">\n<div class=\"v-a-fig\">\n<div class=\"v-a-link\">\n<img loading=\"lazy\" src=\"http:\/\/hoycordobaweb.com\/wp-content\/uploads\/2025\/09\/de-olivia-palermo-a-nieves-alvarez-los-mejores-looks-del-desfile-de-carolina-herrera-en-madrid-12.jpg\" class=\"v-a-img\" width=\"650\" height=\"975\" alt=\"Mejores looks del desfile de Carolina Herrera\" data-voc-vtm-id=\"in-text-traffic\">\n<\/div><figcaption class=\"v-fc\">\n<span class=\"v-fc__t\"><br \/>\nMejores looks del desfile de Carolina Herrera<br \/>\n<\/span><br \/>\n<span class=\"v-fc__p\"><br \/>\nLIMITED PICTURES<br \/>\n<\/span><br \/>\n<\/figcaption><\/div>\n<\/div>\n<\/article>\n<\/div>\n<\/div>\n<p><h3 class=\"v-cmp-suh\">\nMar Flores<br \/>\n<\/h3>\n<\/p>\n<p class=\"voc-paragraph\">Mar Flores, con un espectacular vestido negro de manga larga, con detalle de falda bicolor, y unas gafas negras para completar el look. <\/p>\n<div class=\"v-c-cmp \">\n<div class=\"v-cmp-m v-cmp-m--t1\">\n<article class=\"v-a v-a--cmp-m v-c-cmp--m-p\">\n<div class=\"v-a-img-c v-a-img-c--fw-xs\">\n<div class=\"v-a-fig\">\n<div class=\"v-a-link\">\n<img loading=\"lazy\" src=\"http:\/\/hoycordobaweb.com\/wp-content\/uploads\/2025\/09\/de-olivia-palermo-a-nieves-alvarez-los-mejores-looks-del-desfile-de-carolina-herrera-en-madrid-13.jpg\" class=\"v-a-img\" width=\"650\" height=\"975\" alt=\"Mejores looks del desfile de Carolina Herrera\" data-voc-vtm-id=\"in-text-traffic\">\n<\/div><figcaption class=\"v-fc\">\n<span class=\"v-fc__t\"><br \/>\nMejores looks del desfile de Carolina Herrera<br \/>\n<\/span><br \/>\n<span class=\"v-fc__p\"><br \/>\nLIMITED PICTURES<br \/>\n<\/span><br \/>\n<\/figcaption><\/div>\n<\/div>\n<\/article>\n<\/div>\n<\/div>\n<p><h3 class=\"v-cmp-suh\">\nAlejandra Dom\u00ednguez<br \/>\n<\/h3>\n<\/p>\n<p class=\"voc-paragraph\">Alejandra Dom\u00ednguez, con un vestido corto naranja, con un original escote con forma de lazo, diferente y muy favorecedor.<\/p>\n<div class=\"v-c-cmp \">\n<div class=\"v-cmp-m v-cmp-m--t1\">\n<article class=\"v-a v-a--cmp-m v-c-cmp--m-p\">\n<div class=\"v-a-img-c v-a-img-c--fw-xs\">\n<div class=\"v-a-fig\">\n<div class=\"v-a-link\">\n<img loading=\"lazy\" src=\"http:\/\/hoycordobaweb.com\/wp-content\/uploads\/2025\/09\/de-olivia-palermo-a-nieves-alvarez-los-mejores-looks-del-desfile-de-carolina-herrera-en-madrid-14.jpg\" class=\"v-a-img\" width=\"650\" height=\"975\" alt=\"Mejores looks del desfile de Carolina Herrera\" data-voc-vtm-id=\"in-text-traffic\">\n<\/div><figcaption class=\"v-fc\">\n<span class=\"v-fc__t\"><br \/>\nMejores looks del desfile de Carolina Herrera<br \/>\n<\/span><br \/>\n<span class=\"v-fc__p\"><br \/>\nLIMITED EDITION<br \/>\n<\/span><br \/>\n<\/figcaption><\/div>\n<\/div>\n<\/article>\n<\/div>\n<\/div>\n<p><h3 class=\"v-cmp-suh\">\nVanesa Lorenzo<br \/>\n<\/h3>\n<\/p>\n<p class=\"voc-paragraph\">Vanessa Lorenzo ha elegido un vestido de tirantes y escote cuadrado, verde con estampado de lunares blanco. Ce\u00f1ido al cuerpo, favorece la silieta y queda fenomenal.<\/p>\n<div class=\"v-c-cmp \">\n<div class=\"v-cmp-m v-cmp-m--t1\">\n<article class=\"v-a v-a--cmp-m v-c-cmp--m-p\">\n<div class=\"v-a-img-c v-a-img-c--fw-xs\">\n<div class=\"v-a-fig\">\n<div class=\"v-a-link\">\n<img loading=\"lazy\" src=\"http:\/\/hoycordobaweb.com\/wp-content\/uploads\/2025\/09\/de-olivia-palermo-a-nieves-alvarez-los-mejores-looks-del-desfile-de-carolina-herrera-en-madrid-15.jpg\" class=\"v-a-img\" width=\"650\" height=\"975\" alt=\"Mejores looks del desfile de Carolina Herrera\" data-voc-vtm-id=\"in-text-traffic\">\n<\/div><figcaption class=\"v-fc\">\n<span class=\"v-fc__t\"><br \/>\nMejores looks del desfile de Carolina Herrera<br \/>\n<\/span><br \/>\n<span class=\"v-fc__p\"><br \/>\nLIMITED PICTURES<br \/>\n<\/span><br \/>\n<\/figcaption><\/div>\n<\/div>\n<\/article>\n<\/div>\n<\/div>\n<p><h3 class=\"v-cmp-suh\">\nGala Gonz\u00e1lez<br \/>\n<\/h3>\n<\/p>\n<p class=\"voc-paragraph\">La influencer ha optado por un original vestido en blanco y negro, con escote coraz\u00f3n, cuerpo fruncido y falda con vuelo de corte midi y apertura lateral. <\/p>\n<div class=\"v-c-cmp \">\n<div class=\"v-cmp-m v-cmp-m--t1\">\n<article class=\"v-a v-a--cmp-m v-c-cmp--m-p\">\n<div class=\"v-a-img-c v-a-img-c--fw-xs\">\n<div class=\"v-a-fig\">\n<div class=\"v-a-link\">\n<img loading=\"lazy\" src=\"http:\/\/hoycordobaweb.com\/wp-content\/uploads\/2025\/09\/de-olivia-palermo-a-nieves-alvarez-los-mejores-looks-del-desfile-de-carolina-herrera-en-madrid-16.jpg\" class=\"v-a-img\" width=\"650\" height=\"975\" alt=\"Mejores looks del desfile de Carolina Herrera\" data-voc-vtm-id=\"in-text-traffic\">\n<\/div><figcaption class=\"v-fc\">\n<span class=\"v-fc__t\"><br \/>\nMejores looks del desfile de Carolina Herrera<br \/>\n<\/span><br \/>\n<span class=\"v-fc__p\"><br \/>\nLIMITED PICTURES<br \/>\n<\/span><br \/>\n<\/figcaption><\/div>\n<\/div>\n<\/article>\n<\/div>\n<\/div>\n<p><h3 class=\"v-cmp-suh\">\nMar\u00eda Pombo<br \/>\n<\/h3>\n<\/p>\n<p class=\"voc-paragraph\">Cl\u00e1sica y muy elegante, Maria Pombo ha elegido un vestido blanco de palabra de honor, largo hasta los pies. El toque de color lo ha a\u00f1adido con el bolso, en verde oliva. <\/p>\n<div class=\"v-c-cmp \">\n<div class=\"v-cmp-m v-cmp-m--t1\">\n<article class=\"v-a v-a--cmp-m v-c-cmp--m-p\">\n<div class=\"v-a-img-c v-a-img-c--fw-xs\">\n<div class=\"v-a-fig\">\n<div class=\"v-a-link\">\n<img loading=\"lazy\" src=\"http:\/\/hoycordobaweb.com\/wp-content\/uploads\/2025\/09\/de-olivia-palermo-a-nieves-alvarez-los-mejores-looks-del-desfile-de-carolina-herrera-en-madrid-17.jpg\" class=\"v-a-img\" width=\"650\" height=\"975\" alt=\"Mejores looks del desfile de Carolina Herrera\" data-voc-vtm-id=\"in-text-traffic\">\n<\/div><figcaption class=\"v-fc\">\n<span class=\"v-fc__t\"><br \/>\nMejores looks del desfile de Carolina Herrera<br \/>\n<\/span><br \/>\n<span class=\"v-fc__p\"><br \/>\nLIMITED PICTURES<br \/>\n<\/span><br \/>\n<\/figcaption><\/div>\n<\/div>\n<\/article>\n<\/div>\n<\/div>\n<p><h3 class=\"v-cmp-suh\">\nKarolina Kurkova<br \/>\n<\/h3>\n<\/p>\n<p class=\"voc-paragraph\">La supermodelo lleva uno de los vestidos m\u00e1s espectaculares de la noche, con estampado de lunares y flores rojas. Un dise\u00f1o de escote palabra de honor y bajo asim\u00e9trico, siendo corto por la parte de alante y largo con cola por detr\u00e1s.<\/p>\n<div class=\"v-c-cmp \">\n<div class=\"v-cmp-m v-cmp-m--t1\">\n<article class=\"v-a v-a--cmp-m v-c-cmp--m-p\">\n<div class=\"v-a-img-c v-a-img-c--fw-xs\">\n<div class=\"v-a-fig\">\n<div class=\"v-a-link\">\n<img loading=\"lazy\" src=\"http:\/\/hoycordobaweb.com\/wp-content\/uploads\/2025\/09\/de-olivia-palermo-a-nieves-alvarez-los-mejores-looks-del-desfile-de-carolina-herrera-en-madrid-18.jpg\" class=\"v-a-img\" width=\"650\" height=\"975\" alt=\"Mejores looks del desfile de Carolina Herrera\" data-voc-vtm-id=\"in-text-traffic\">\n<\/div><figcaption class=\"v-fc\">\n<span class=\"v-fc__t\"><br \/>\nMejores looks del desfile de Carolina Herrera<br \/>\n<\/span><br \/>\n<span class=\"v-fc__p\"><br \/>\nLIMITED PICTURES<br \/>\n<\/span><br \/>\n<\/figcaption><\/div>\n<\/div>\n<\/article>\n<\/div>\n<\/div>\n<p><h3 class=\"v-cmp-suh\">\nLucy Hale<br \/>\n<\/h3>\n<\/p>\n<p class=\"voc-paragraph\">La actriz internacional ha posado con un vestido rojo estilo Old Hollywood, con escote drapeado, cuerpo estructurado y falda ylarga y recta hasta los pies. <\/p>\n<div class=\"v-c-cmp \">\n<div class=\"v-cmp-m v-cmp-m--t1\">\n<article class=\"v-a v-a--cmp-m v-c-cmp--m-p\">\n<div class=\"v-a-img-c v-a-img-c--fw-xs\">\n<div class=\"v-a-fig\">\n<div class=\"v-a-link\">\n<img loading=\"lazy\" src=\"http:\/\/hoycordobaweb.com\/wp-content\/uploads\/2025\/09\/de-olivia-palermo-a-nieves-alvarez-los-mejores-looks-del-desfile-de-carolina-herrera-en-madrid-19.jpg\" class=\"v-a-img\" width=\"650\" height=\"975\" alt=\"Mejores looks del desfile de Carolina Herrera\" data-voc-vtm-id=\"in-text-traffic\">\n<\/div><figcaption class=\"v-fc\">\n<span class=\"v-fc__t\"><br \/>\nMejores looks del desfile de Carolina Herrera<br \/>\n<\/span><br \/>\n<span class=\"v-fc__p\"><br \/>\nLIMITED PICTURES<br \/>\n<\/span><br \/>\n<\/figcaption><\/div>\n<\/div>\n<\/article>\n<\/div>\n<\/div>\n<p><h3 class=\"v-cmp-suh\">\nBecky G<br \/>\n<\/h3>\n<\/p>\n<p class=\"voc-paragraph\">La cantante ha llevado un vestido con escote en V, en color azul con estampado floral, y largo hasta los pies. <\/p>\n<div class=\"v-c-cmp \">\n<div class=\"v-cmp-m v-cmp-m--t1\">\n<article class=\"v-a v-a--cmp-m v-c-cmp--m-p\">\n<div class=\"v-a-img-c v-a-img-c--fw-xs\">\n<div class=\"v-a-fig\">\n<div class=\"v-a-link\">\n<img loading=\"lazy\" src=\"http:\/\/hoycordobaweb.com\/wp-content\/uploads\/2025\/09\/de-olivia-palermo-a-nieves-alvarez-los-mejores-looks-del-desfile-de-carolina-herrera-en-madrid-20.jpg\" class=\"v-a-img\" width=\"650\" height=\"975\" alt=\"Mejores looks del desfile de Carolina Herrera\" data-voc-vtm-id=\"in-text-traffic\">\n<\/div><figcaption class=\"v-fc\">\n<span class=\"v-fc__t\"><br \/>\nMejores looks del desfile de Carolina Herrera<br \/>\n<\/span><br \/>\n<span class=\"v-fc__p\"><br \/>\nLIMITED PICTURES<br \/>\n<\/span><br \/>\n<\/figcaption><\/div>\n<\/div>\n<\/article>\n<\/div>\n<\/div>\n<p><h3 class=\"v-cmp-suh\">\nMacarena Garc\u00eda<br \/>\n<\/h3>\n<\/p>\n<p class=\"voc-paragraph\">La actriz, muy fiel a su estilo, ha escogido un top tipo corset con escote coraz\u00f3n y transparencias, y unos pantalones de tiro alto y bajo acampanado.<\/p>\n<div class=\"v-c-cmp \">\n<div class=\"v-cmp-m v-cmp-m--t1\">\n<article class=\"v-a v-a--cmp-m v-c-cmp--m-p\">\n<div class=\"v-a-img-c v-a-img-c--fw-xs\">\n<div class=\"v-a-fig\">\n<div class=\"v-a-link\">\n<img loading=\"lazy\" src=\"http:\/\/hoycordobaweb.com\/wp-content\/uploads\/2025\/09\/de-olivia-palermo-a-nieves-alvarez-los-mejores-looks-del-desfile-de-carolina-herrera-en-madrid-21.jpg\" class=\"v-a-img\" width=\"650\" height=\"975\" alt=\"Mejores looks del desfile de Carolina Herrera\" data-voc-vtm-id=\"in-text-traffic\">\n<\/div><figcaption class=\"v-fc\">\n<span class=\"v-fc__t\"><br \/>\nMejores looks del desfile de Carolina Herrera<br \/>\n<\/span><br \/>\n<span class=\"v-fc__p\"><br \/>\nLIMITED PICTURES<br \/>\n<\/span><br \/>\n<\/figcaption><\/div>\n<\/div>\n<\/article>\n<\/div>\n<\/div>\n<p><h3 class=\"v-cmp-suh\">\nAmaria Romero<br \/>\n<\/h3>\n<\/p>\n<p class=\"voc-paragraph\">La cantante ha sido de las pocas asistentes que ha elegido un vestido corto, de estilo camisero, en el estampado tendencia de la temporada: los lunares. Lo mejor es el detalle de los guantes calados con los que ha completado el look. <\/p>\n<div class=\"v-c-cmp \">\n<div class=\"v-cmp-m v-cmp-m--t1\">\n<article class=\"v-a v-a--cmp-m v-c-cmp--m-p\">\n<div class=\"v-a-img-c v-a-img-c--fw-xs\">\n<div class=\"v-a-fig\">\n<div class=\"v-a-link\">\n<img loading=\"lazy\" src=\"http:\/\/hoycordobaweb.com\/wp-content\/uploads\/2025\/09\/de-olivia-palermo-a-nieves-alvarez-los-mejores-looks-del-desfile-de-carolina-herrera-en-madrid-22.jpg\" class=\"v-a-img\" width=\"650\" height=\"975\" alt=\"Mejores looks del desfile de Carolina Herrera\" data-voc-vtm-id=\"in-text-traffic\">\n<\/div><figcaption class=\"v-fc\">\n<span class=\"v-fc__t\"><br \/>\nMejores looks del desfile de Carolina Herrera<br \/>\n<\/span><br \/>\n<span class=\"v-fc__p\"><br \/>\nLIMITED PICTURES<br \/>\n<\/span><br \/>\n<\/figcaption><\/div>\n<\/div>\n<\/article>\n<\/div>\n<\/div>\n<p><h3 class=\"v-cmp-suh\">\nMiriam Giovanelli<br \/>\n<\/h3>\n<\/p>\n<p class=\"voc-paragraph\">La actriz ha elegido un total look naranja, compuesto por un polo de manga corta y una espectacular falda de lentejuelas hasta los pies. Completa el look con unos zapatos con detalle de lazada en la puntera. <\/p>\n<div class=\"v-c-cmp \">\n<div class=\"v-cmp-m v-cmp-m--t1\">\n<article class=\"v-a v-a--cmp-m v-c-cmp--m-p\">\n<div class=\"v-a-img-c v-a-img-c--fw-xs\">\n<div class=\"v-a-fig\">\n<div class=\"v-a-link\">\n<img loading=\"lazy\" src=\"http:\/\/hoycordobaweb.com\/wp-content\/uploads\/2025\/09\/de-olivia-palermo-a-nieves-alvarez-los-mejores-looks-del-desfile-de-carolina-herrera-en-madrid-23.jpg\" class=\"v-a-img\" width=\"650\" height=\"975\" alt=\"Mejores looks del desfile de Carolina Herrera\" data-voc-vtm-id=\"in-text-traffic\">\n<\/div><figcaption class=\"v-fc\">\n<span class=\"v-fc__t\"><br \/>\nMejores looks del desfile de Carolina Herrera<br \/>\n<\/span><br \/>\n<span class=\"v-fc__p\"><br \/>\nLIMITED PICTURES<br \/>\n<\/span><br \/>\n<\/figcaption><\/div>\n<\/div>\n<\/article>\n<\/div>\n<\/div>\n<p><h3 class=\"v-cmp-suh\">\nAna Rujas<br \/>\n<\/h3>\n<\/p>\n<p class=\"voc-paragraph\">Un b\u00e1sico que nunca falla: el vestido negro midi de palabra de honor que ha llevado al desfile la actriz, Ana Rujas. <\/p>\n<div class=\"v-c-cmp v-c-cmp--t1 \">\n<div class=\"v-cmp-rld v-cmp-rld--2 \">\n<div class=\"v-cnt-m v-cnt-m--m\">\n<div class=\"v-cnt-m__c\">\n<div class=\"v-cnt-m__w v-cnt-m__w--1\">\n<p class=\"v-cnt-m__t\">\nTAMBI\u00c9N TE INTERESA\n<\/p>\n<\/div>\n<\/div>\n<\/div>\n<div class=\"v-g v-g--2-c v-g--bdr-min-xs\">\n<div class=\"v-g__c \">\n<article class=\"v-a v-a--cmp-rld v-a--cmp-rld-2 v-a--p-l\">\n<div class=\"v-a-img-c\">\n<figure class=\"v-a-fig\">\n<a href=\"https:\/\/www.mujerhoy.com\/moda\/no-te-pierdas\/reina-letizia-look-barcelona-vestido-vaquero-zapatos-rojos-nuevos-20250623121021-nt.html#vtm_modulosEngag=mod-rel:moda:noticia:1:cmp:2-not\" class=\"v-a-link\" title=\"La reina Letizia arrasa en Barcelona estrenando zapatos rojos: as\u00ed ha combinado su vestido denim de Carolina Herrera\"><br \/>\n<img loading=\"lazy\" class=\"v-a-img\" src=\"http:\/\/hoycordobaweb.com\/wp-content\/uploads\/2025\/09\/de-olivia-palermo-a-nieves-alvarez-los-mejores-looks-del-desfile-de-carolina-herrera-en-madrid-24.jpg\" alt=\"La reina Letizia arrasa en Barcelona estrenando zapatos rojos: as\u00ed ha combinado su vestido denim de Carolina Herrera\"><br \/>\n<\/a><br \/>\n<\/figure>\n<\/div>\n<\/article>\n<\/div>\n<div class=\"v-g__c \">\n<article class=\"v-a v-a--cmp-rld v-a--cmp-rld-2 v-a--p-l\">\n<div class=\"v-a-img-c\">\n<figure class=\"v-a-fig\">\n<a href=\"https:\/\/www.mujerhoy.com\/moda\/no-te-pierdas\/mejores-looks-reina-letizia-2025-vestido-joya-carolina-herrera-traje-masculino-sandro-20250713132450-nt.html#vtm_modulosEngag=mod-rel:moda:noticia:2:cmp:2-not\" class=\"v-a-link\" title=\"Estos han sido los mejores looks de la reina Letizia en 2025: del vestido joya de Carolina Herrera al traje masculino de Sandro\"><br \/>\n<img loading=\"lazy\" class=\"v-a-img\" src=\"http:\/\/hoycordobaweb.com\/wp-content\/uploads\/2025\/09\/de-olivia-palermo-a-nieves-alvarez-los-mejores-looks-del-desfile-de-carolina-herrera-en-madrid-25.jpg\" alt=\"Estos han sido los mejores looks de la reina Letizia en 2025: del vestido joya de Carolina Herrera al traje masculino de Sandro\"><br \/>\n<\/a><br \/>\n<\/figure>\n<\/div>\n<\/article>\n<\/div>\n<\/div>\n<\/div>\n<\/div>\n<div class=\"media_block\"><\/div>\n","protected":false},"excerpt":{"rendered":"<p>Madrid se convierte hoy en una pasarela internacional y acoge el desfile de la colecci\u00f3n primavera-verano 2026 de Carolina Herrera, que tiene como ubicaci\u00f3n la Plaza Mayor de Madrid. La firma abandona Nueva York este a\u00f1o para presentar su nueva colecci\u00f3n en la capital espa\u00f1ola. El director creativo de la firma, Wes Gordon, explica que [&hellip;]<\/p>\n","protected":false},"author":1,"featured_media":117325,"comment_status":"closed","ping_status":"closed","sticky":false,"template":"","format":"standard","meta":[],"categories":[],"tags":[],"_links":{"self":[{"href":"http:\/\/hoycordobaweb.com\/index.php\/wp-json\/wp\/v2\/posts\/117324"}],"collection":[{"href":"http:\/\/hoycordobaweb.com\/index.php\/wp-json\/wp\/v2\/posts"}],"about":[{"href":"http:\/\/hoycordobaweb.com\/index.php\/wp-json\/wp\/v2\/types\/post"}],"author":[{"embeddable":true,"href":"http:\/\/hoycordobaweb.com\/index.php\/wp-json\/wp\/v2\/users\/1"}],"replies":[{"embeddable":true,"href":"http:\/\/hoycordobaweb.com\/index.php\/wp-json\/wp\/v2\/comments?post=117324"}],"version-history":[{"count":0,"href":"http:\/\/hoycordobaweb.com\/index.php\/wp-json\/wp\/v2\/posts\/117324\/revisions"}],"wp:featuredmedia":[{"embeddable":true,"href":"http:\/\/hoycordobaweb.com\/index.php\/wp-json\/wp\/v2\/media\/117325"}],"wp:attachment":[{"href":"http:\/\/hoycordobaweb.com\/index.php\/wp-json\/wp\/v2\/media?parent=117324"}],"wp:term":[{"taxonomy":"category","embeddable":true,"href":"http:\/\/hoycordobaweb.com\/index.php\/wp-json\/wp\/v2\/categories?post=117324"},{"taxonomy":"post_tag","embeddable":true,"href":"http:\/\/hoycordobaweb.com\/index.php\/wp-json\/wp\/v2\/tags?post=117324"}],"curies":[{"name":"wp","href":"https:\/\/api.w.org\/{rel}","templated":true}]}}