{"id":117241,"date":"2025-09-14T23:38:47","date_gmt":"2025-09-14T23:38:47","guid":{"rendered":"https:\/\/cordobaturismo.gov.ar\/?p=898242"},"modified":"2025-09-14T23:38:47","modified_gmt":"2025-09-14T23:38:47","slug":"una-parrilla-emblematica-la-cautiva-en-jesus-maria","status":"publish","type":"post","link":"http:\/\/hoycordobaweb.com\/index.php\/2025\/09\/14\/una-parrilla-emblematica-la-cautiva-en-jesus-maria\/","title":{"rendered":"Una parrilla emblem\u00e1tica: La Cautiva en Jes\u00fas Maria"},"content":{"rendered":"<div style=\"width: 640px;\" class=\"wp-video\"><!--[if lt IE 9]><script>document.createElement('video');<\/script><![endif]-->\n<video class=\"wp-video-shortcode\" id=\"video-117241-1\" width=\"640\" height=\"360\" poster=\"https:\/\/cordobaturismo.gov.ar\/wp-content\/uploads\/2025\/09\/IMG_6868.webm\" preload=\"metadata\" controls=\"controls\"><source type=\"video\/webm\" src=\"https:\/\/cordobaturismo.gov.ar\/wp-content\/uploads\/2025\/09\/IMG_6868.webm?_=1\" \/><a href=\"https:\/\/cordobaturismo.gov.ar\/wp-content\/uploads\/2025\/09\/IMG_6868.webm\">https:\/\/cordobaturismo.gov.ar\/wp-content\/uploads\/2025\/09\/IMG_6868.webm<\/a><\/video><\/div>\n<p>La Cautiva fue distinguida como uno de \u201cLos Emblem\u00e1ticos\u201d, por su aporte a la identidad gastron\u00f3mica de Jes\u00fas Mar\u00eda. Esta parrilla cinco estrellas eleva la experiencia tradicional del asado con una propuesta gourmet que combina cortes cl\u00e1sicos con carnes especiales, generando una vivencia \u00fanica en cada visita.<\/p>\n<figure class=\"wp-block-gallery has-nested-images columns-default is-cropped wp-block-gallery-1 is-layout-flex wp-block-gallery-is-layout-flex\">\n<figure class=\"wp-block-image size-large\"><img loading=\"lazy\" fetchpriority=\"high\" decoding=\"async\" width=\"768\" height=\"1024\" data-id=\"898243\" src=\"http:\/\/hoycordobaweb.com\/wp-content\/uploads\/2025\/09\/una-parrilla-emblematica-la-cautiva-en-jesus-maria.jpg\" alt class=\"wp-image-898243\" srcset=\"http:\/\/hoycordobaweb.com\/wp-content\/uploads\/2025\/09\/una-parrilla-emblematica-la-cautiva-en-jesus-maria.jpg 768w, http:\/\/hoycordobaweb.com\/wp-content\/uploads\/2025\/09\/una-parrilla-emblematica-la-cautiva-en-jesus-maria-2.jpg 225w, http:\/\/hoycordobaweb.com\/wp-content\/uploads\/2025\/09\/una-parrilla-emblematica-la-cautiva-en-jesus-maria-3.jpg 960w\" sizes=\"(max-width: 768px) 100vw, 768px\"><\/figure>\n<figure class=\"wp-block-image size-large\"><img loading=\"lazy\" decoding=\"async\" width=\"768\" height=\"1024\" data-id=\"898244\" src=\"http:\/\/hoycordobaweb.com\/wp-content\/uploads\/2025\/09\/una-parrilla-emblematica-la-cautiva-en-jesus-maria-1.jpg\" alt class=\"wp-image-898244\" srcset=\"http:\/\/hoycordobaweb.com\/wp-content\/uploads\/2025\/09\/una-parrilla-emblematica-la-cautiva-en-jesus-maria-1.jpg 768w, http:\/\/hoycordobaweb.com\/wp-content\/uploads\/2025\/09\/una-parrilla-emblematica-la-cautiva-en-jesus-maria-4.jpg 225w, http:\/\/hoycordobaweb.com\/wp-content\/uploads\/2025\/09\/una-parrilla-emblematica-la-cautiva-en-jesus-maria-5.jpg 960w\" sizes=\"(max-width: 768px) 100vw, 768px\"><\/figure>\n<\/figure>\n<p>Su cocina representa una renovaci\u00f3n respetuosa del ritual parrillero, manteniendo el esp\u00edritu hospitalario del norte cordob\u00e9s, pero con una mirada contempor\u00e1nea. Ser parte de Los Emblem\u00e1ticos es reconocer a La Cautiva como un nuevo \u00edcono que honra la tradici\u00f3n y proyecta la gastronom\u00eda local hacia el futuro.<\/p>\n<figure class=\"wp-block-video\"><video controls src=\"https:\/\/cordobaturismo.gov.ar\/wp-content\/uploads\/2025\/09\/IMG_6868.webm\"><\/video><\/figure>\n","protected":false},"excerpt":{"rendered":"<p>La Cautiva fue distinguida como uno de \u201cLos Emblem\u00e1ticos\u201d, por su aporte a la identidad gastron\u00f3mica de Jes\u00fas Mar\u00eda. Esta parrilla cinco estrellas eleva la experiencia tradicional del asado con una propuesta gourmet que combina cortes cl\u00e1sicos con carnes especiales, generando una vivencia \u00fanica en cada visita. Su cocina representa una renovaci\u00f3n respetuosa del ritual [&hellip;]<\/p>\n","protected":false},"author":1,"featured_media":117242,"comment_status":"closed","ping_status":"closed","sticky":false,"template":"","format":"standard","meta":[],"categories":[19],"tags":[],"_links":{"self":[{"href":"http:\/\/hoycordobaweb.com\/index.php\/wp-json\/wp\/v2\/posts\/117241"}],"collection":[{"href":"http:\/\/hoycordobaweb.com\/index.php\/wp-json\/wp\/v2\/posts"}],"about":[{"href":"http:\/\/hoycordobaweb.com\/index.php\/wp-json\/wp\/v2\/types\/post"}],"author":[{"embeddable":true,"href":"http:\/\/hoycordobaweb.com\/index.php\/wp-json\/wp\/v2\/users\/1"}],"replies":[{"embeddable":true,"href":"http:\/\/hoycordobaweb.com\/index.php\/wp-json\/wp\/v2\/comments?post=117241"}],"version-history":[{"count":0,"href":"http:\/\/hoycordobaweb.com\/index.php\/wp-json\/wp\/v2\/posts\/117241\/revisions"}],"wp:featuredmedia":[{"embeddable":true,"href":"http:\/\/hoycordobaweb.com\/index.php\/wp-json\/wp\/v2\/media\/117242"}],"wp:attachment":[{"href":"http:\/\/hoycordobaweb.com\/index.php\/wp-json\/wp\/v2\/media?parent=117241"}],"wp:term":[{"taxonomy":"category","embeddable":true,"href":"http:\/\/hoycordobaweb.com\/index.php\/wp-json\/wp\/v2\/categories?post=117241"},{"taxonomy":"post_tag","embeddable":true,"href":"http:\/\/hoycordobaweb.com\/index.php\/wp-json\/wp\/v2\/tags?post=117241"}],"curies":[{"name":"wp","href":"https:\/\/api.w.org\/{rel}","templated":true}]}}