{"id":116834,"date":"2025-09-13T01:25:08","date_gmt":"2025-09-13T01:25:08","guid":{"rendered":"https:\/\/www.ole.com.ar\/racing\/respondio-costas-preguntaron-situacion-arias-cambeses_0_KXdm0qLcmy.html"},"modified":"2025-09-13T01:25:08","modified_gmt":"2025-09-13T01:25:08","slug":"que-respondio-costas-cuando-le-preguntaron-por-la-situacion-de-arias-y-cambeses","status":"publish","type":"post","link":"http:\/\/hoycordobaweb.com\/index.php\/2025\/09\/13\/que-respondio-costas-cuando-le-preguntaron-por-la-situacion-de-arias-y-cambeses\/","title":{"rendered":"Qu\u00e9 respondi\u00f3 Costas cuando le preguntaron por la situaci\u00f3n de Arias y Cambeses"},"content":{"rendered":"<p><img src=\"http:\/\/hoycordobaweb.com\/wp-content\/uploads\/2025\/09\/que-respondio-costas-cuando-le-preguntaron-por-la-situacion-de-arias-y-cambeses.jpg\"><\/p>\n<p><span class=\"createDate\">12\/09\/2025 22:25hs.<\/span><time class=\"modificatedDate\" datetime=\"2025-09-12T22:31:07-03:00\"> Actualizado al 12\/09\/2025 22:31hs.<\/time><\/p>\n<div id=\"storyBody\">\n<div class=\"custom-text \" readability=\"30.43557168784\">\n<p><a href=\"https:\/\/www.ole.com.ar\/futbol-primera\/racing-san-lorenzo_0_iUCmeLoxUV.html\" title=\"Racing venci\u00f3 por 2-0 a San Lorenzo este viernes por la noche en el Cilindro de Avellaneda,\" alt=\"Racing venci\u00f3 por 2-0 a San Lorenzo este viernes por la noche en el Cilindro de Avellaneda,\">Racing venci\u00f3 por 2-0 a San Lorenzo este viernes por la noche en el Cilindro de Avellaneda,<\/a> en el marco de la fecha (ocho) de interzonales del <a href=\"https:\/\/www.ole.com.ar\/tema\/clausura-2025.html\" title=\"Clausura 2025\" alt=\"Clausura 2025\" class=\"slug\">Torneo Clausura<\/a>. Tras este triunfo, important\u00edsimo para la Academia despu\u00e9s de un floj\u00edsimo arranque en este certamen, <a href=\"https:\/\/www.ole.com.ar\/tema\/gustavo-costas.html\" target=\"_blank\" title=\"Gustavo Costas\" alt=\"Gustavo Costas\" class=\"slug\" rel=\"noopener noreferrer\">Gustavo Costas<\/a> brind\u00f3 una conferencia de prensa y fue consultado por el cambio m\u00e1s resonante para este encuentro: <strong>la titularidad del arquero Facundo Cambeses por sobre el capit\u00e1n Gabriel Arias, quien ven\u00eda de ser fuertemente cuestionado por varios errores en los \u00faltimos partidos.<\/strong><\/p>\n<\/div>\n<div class=\"custom-text \" readability=\"37\">\n<p><strong>\u00ab\u00bfQu\u00e9 quer\u00e9s? \u00bfQu\u00e9 diga una cosa y ma\u00f1ana la cambian? Dale&#8230;\u00bb, <\/strong>fue la primera respuesta de un Costas quien, simp\u00e1tico y l\u00f3gicamente feliz por la victoria, arroj\u00f3 un primer esquive a la consulta respecto a c\u00f3mo manej\u00f3 el hecho de mandar al banco a Arias para este partido.<\/p>\n<\/div>\n<div class=\"custom-text \" readability=\"36\">\n<p>Luego, dej\u00f3 en claro que \u00e9l elige solo a los que mejor est\u00e1n y evit\u00f3 ahondar en ese cambio: \u00abYo los veo a todos de la misma manera. <strong>Ya lo dije y lo expliqu\u00e9 200 veces: est\u00e1 bien el grupo, juega el que mejor est\u00e1 y aparte hicimos cambios\u00bb.<\/strong><\/p>\n<\/div>\n<div class=\"custom-text \" readability=\"44\">\n<p>As\u00ed, es una inc\u00f3gnita si el titular el pr\u00f3ximo martes ante V\u00e9lez (19:00), por la ida de los cuartos de final de la Copa Libertadores, ser\u00e1 Cambeses o Arias. Por lo pronto, el elegido para este duelo clave frente a San Lorenzo result\u00f3 ser el ex Banfield, <strong>en medio de unas semanas complejas para el chileno, quien cerr\u00f3 sus redes sociales, algo que muchos lo relacionaron a las \u00faltimas cr\u00edticas que recibi\u00f3, aunque desde el club lo desmintieron, asegurando que lo hizo para centrarse al 100% en los partidos que se viene y no sufrir distracciones.<\/strong><\/p>\n<\/div>\n<div class=\"sc-e7b891c4-0 ifHnQL image-embed\"><img alt=\"Gustavo Costas, DT de Racing, ante San Lorenzo. \" loading=\"lazy\" width=\"720\" height=\"100\" decoding=\"async\" data-nimg=\"1\" src=\"http:\/\/hoycordobaweb.com\/wp-content\/uploads\/2025\/09\/que-respondio-costas-cuando-le-preguntaron-por-la-situacion-de-arias-y-cambeses-2.jpg\"><span class=\"epigraphe\">Gustavo Costas, DT de Racing, ante San Lorenzo. <\/span><\/div>\n<p><h2><strong>M\u00e1s de la conferencia de Costas<\/strong><\/h2>\n<\/p>\n<div class=\"custom-text \" readability=\"39\">\n<p>\u201cTen\u00edamos que recuperar la confianza. Se perdieron dos partidos jugando a nada. No fuimos ese equipo con hambre y actitud. <strong>San Lorenzo ven\u00eda bien, es un cl\u00e1sico. Se ten\u00eda que jugar y guerrear. Ganamos casi todos los duelos, algo que no ven\u00eda pasando. <\/strong>El equipo volvi\u00f3 a tener esa m\u00edstica porque no nos llegaron casi al arco. Muy poco.<strong> Lo que m\u00e1s me gust\u00f3 fue la actitud y personalidad del equipo\u201d, <\/strong>sostuvo Costas en conferencia de prensa. Y agreg\u00f3: \u201cEl grupo est\u00e1 m\u00e1s unido que nunca. Estamos para tirar adelante, para llevar a Racing all\u00e1 arriba\u201d.<\/p>\n<\/div>\n<div class=\"custom-text \" readability=\"34\">\n<p>M\u00e1s all\u00e1 de San Lorenzo y otro triunfo ante un equipo grande, el t\u00e9cnico de la Academia ya piensa en lo que se viene&#8230; La Copa Libertadores.<\/p>\n<\/div>\n<div class=\"custom-text \" readability=\"38\">\n<p><strong>\u201cIremos viendo los que mejores est\u00e9n. <\/strong>Tenemos una deuda en el campeonato. Fue el primer partido. Lo aprovechamos porque hac\u00eda mucho que no jug\u00e1bamos. Guardamos algunos jugadores que no est\u00e1n al 100%. <strong>Sabemos que se nos viene lo m\u00e1s hermoso que hay. Estamos pensando en V\u00e9lez, ahora. Y luego Hurac\u00e1n. Se viene lo lindo. Antes jugabas 10 partidos por d\u00eda, ahora te pagan. Hay que disfrutarlo. Sabemos que lo m\u00e1s importante es llevar a Racing a lo m\u00e1s alto\u201d, <\/strong>explic\u00f3 el DT. Y dej\u00f3 en claro una postura para los cuartos de final que se vienen el martes: \u201cVamos a ir buscarlo como hacemos siempre.\u201d.<\/p>\n<\/div>\n<div class=\"sc-3c5a76cc-1 idjLTd\">\n<div class=\"sc-e8b2828-0 fBmEJc\" type=\"embed\">\n<div class=\"sc-e8b2828-1 iPLbWT videoText\" id=\"contentTitleembedTm7uHvGU\" type=\"embed\"><svg fill=\"#ffffff\"><symbol id=\"play\" viewBox=\"0 0 512 512\"><path d=\"M512 256C512 397.4 397.4 512 256 512C114.6 512 0 397.4 0 256C0 114.6 114.6 0 256 0C397.4 0 512 114.6 512 256zM176 168V344C176 352.7 180.7 360.7 188.3 364.9C195.8 369.2 205.1 369 212.5 364.5L356.5 276.5C363.6 272.1 368 264.4 368 256C368 247.6 363.6 239.9 356.5 235.5L212.5 147.5C205.1 142.1 195.8 142.8 188.3 147.1C180.7 151.3 176 159.3 176 168V168z\" \/><\/symbol><use xlink:href=\"#play\" \/><\/svg><\/p>\n<div class=\"right\">\n<p>Racing<!-- --> &#8211; <span>&nbsp;<\/span><\/p>\n<h2 class=\"title-vid\">El resumen de la victoria de Racing ante San Lorenzo<\/h2>\n<\/div>\n<\/div>\n<p><span class=\"back\" id=\"spanBackembedTm7uHvGU\"><\/span><\/div>\n<\/div>\n<div class=\"sc-a7166897-0 eoLsBE\" readability=\"6\">\n<section readability=\"2\"><picture><img alt=\"Costas: de &quot;Racing volvi\u00f3 a tener m\u00edstica&quot; a &quot;se viene lo m\u00e1s hermoso que hay&quot;\" loading=\"lazy\" width=\"290\" height=\"290\" decoding=\"async\" data-nimg=\"1\" src=\"http:\/\/hoycordobaweb.com\/wp-content\/uploads\/2025\/09\/que-respondio-costas-cuando-le-preguntaron-por-la-situacion-de-arias-y-cambeses-3.jpg\"><\/picture>\n<p><span>Mir\u00e1 tambi\u00e9n<\/span><\/p>\n<hr>\n<h3>Costas: de \u00abRacing volvi\u00f3 a tener m\u00edstica\u00bb a \u00abse viene lo m\u00e1s hermoso que hay\u00bb<\/h3>\n<\/p>\n<\/section>\n<\/div>\n<div class=\"sc-a7166897-0 eoLsBE\" readability=\"6\">\n<section readability=\"2\"><picture><img alt=\"Gan\u00f3 Beligoy y Chiqui Tapia lo felicit\u00f3\" loading=\"lazy\" width=\"290\" height=\"290\" decoding=\"async\" data-nimg=\"1\" src=\"http:\/\/hoycordobaweb.com\/wp-content\/uploads\/2025\/09\/que-respondio-costas-cuando-le-preguntaron-por-la-situacion-de-arias-y-cambeses-4.jpg\"><\/picture>\n<p><span>Mir\u00e1 tambi\u00e9n<\/span><\/p>\n<hr>\n<h3>Gan\u00f3 Beligoy y Chiqui Tapia lo felicit\u00f3<\/h3>\n<\/p>\n<\/section>\n<\/div>\n<div class=\"sc-a7166897-0 eoLsBE\" readability=\"6\">\n<section readability=\"2\"><picture><img alt=\"Ayude: el dolor por la derrota y el pedido de paz para sus jugadores\" loading=\"lazy\" width=\"290\" height=\"290\" decoding=\"async\" data-nimg=\"1\" src=\"http:\/\/hoycordobaweb.com\/wp-content\/uploads\/2025\/09\/que-respondio-costas-cuando-le-preguntaron-por-la-situacion-de-arias-y-cambeses-5.jpg\"><\/picture>\n<p><span>Mir\u00e1 tambi\u00e9n<\/span><\/p>\n<hr>\n<h3>Ayude: el dolor por la derrota y el pedido de paz para sus jugadores<\/h3>\n<\/p>\n<\/section>\n<\/div>\n<\/div>\n","protected":false},"excerpt":{"rendered":"<p>12\/09\/2025 22:25hs. Actualizado al 12\/09\/2025 22:31hs. Racing venci\u00f3 por 2-0 a San Lorenzo este viernes por la noche en el Cilindro de Avellaneda, en el marco de la fecha (ocho) de interzonales del Torneo Clausura. Tras este triunfo, important\u00edsimo para la Academia despu\u00e9s de un floj\u00edsimo arranque en este certamen, Gustavo Costas brind\u00f3 una conferencia [&hellip;]<\/p>\n","protected":false},"author":1,"featured_media":116835,"comment_status":"open","ping_status":"closed","sticky":false,"template":"","format":"standard","meta":[],"categories":[16],"tags":[],"_links":{"self":[{"href":"http:\/\/hoycordobaweb.com\/index.php\/wp-json\/wp\/v2\/posts\/116834"}],"collection":[{"href":"http:\/\/hoycordobaweb.com\/index.php\/wp-json\/wp\/v2\/posts"}],"about":[{"href":"http:\/\/hoycordobaweb.com\/index.php\/wp-json\/wp\/v2\/types\/post"}],"author":[{"embeddable":true,"href":"http:\/\/hoycordobaweb.com\/index.php\/wp-json\/wp\/v2\/users\/1"}],"replies":[{"embeddable":true,"href":"http:\/\/hoycordobaweb.com\/index.php\/wp-json\/wp\/v2\/comments?post=116834"}],"version-history":[{"count":0,"href":"http:\/\/hoycordobaweb.com\/index.php\/wp-json\/wp\/v2\/posts\/116834\/revisions"}],"wp:featuredmedia":[{"embeddable":true,"href":"http:\/\/hoycordobaweb.com\/index.php\/wp-json\/wp\/v2\/media\/116835"}],"wp:attachment":[{"href":"http:\/\/hoycordobaweb.com\/index.php\/wp-json\/wp\/v2\/media?parent=116834"}],"wp:term":[{"taxonomy":"category","embeddable":true,"href":"http:\/\/hoycordobaweb.com\/index.php\/wp-json\/wp\/v2\/categories?post=116834"},{"taxonomy":"post_tag","embeddable":true,"href":"http:\/\/hoycordobaweb.com\/index.php\/wp-json\/wp\/v2\/tags?post=116834"}],"curies":[{"name":"wp","href":"https:\/\/api.w.org\/{rel}","templated":true}]}}