{"id":116826,"date":"2025-09-12T21:33:15","date_gmt":"2025-09-12T21:33:15","guid":{"rendered":"https:\/\/manoamanocba.com.ar\/?p=7265"},"modified":"2025-09-12T21:33:15","modified_gmt":"2025-09-12T21:33:15","slug":"buenos-aires-reconfigura-el-tablero-electoral","status":"publish","type":"post","link":"http:\/\/hoycordobaweb.com\/index.php\/2025\/09\/12\/buenos-aires-reconfigura-el-tablero-electoral\/","title":{"rendered":"Buenos Aires reconfigura el tablero electoral"},"content":{"rendered":"<p><span>En estos d\u00edas, los ojos del pa\u00eds se posaron sobre Buenos Aires. La provincia renov\u00f3 la mitad de su Legislatura, 46 bancas de diputados y 23 de senadores provinciales, y vot\u00f3 para la renovaci\u00f3n de los concejales municipales. Los candidatos de <\/span><b>Fuerza Patria<\/b><span> fueron la fuerza que mayor cantidad de votos cosech\u00f3 (47,28%), seguidos de quienes representaron a <\/span><b>La Libertad Avanza<\/b><span> (33,71%).&nbsp;<\/span><\/p>\n<p><span>Podr\u00eda compararse la pol\u00edtica con el ajedrez, o entenderla en t\u00e9rminos del juego. El&nbsp; milenario deporte se juega en partidas de dos jugadores que, con estrategias, buscan vencer al adversario. Gana quien, con astucia e ingenio, lee mejor el tablero. Sin ser oficialmente jugadores, las y los pol\u00edticos arman sus propias partidas. Se enfrentan y piensan estrategias para mover, cuidadosamente, las piezas en el tablero electoral.&nbsp;<\/span><\/p>\n<p><span>La elecci\u00f3n bonaerense enfrent\u00f3, sin ser candidatos, al Presidente de la Naci\u00f3n, Javier Milei, y al Gobernador de la Provincia de Buenos Aires, Axel Kicillof, en una partida que puso en juego la capacidad electoral de cada uno. Si bien los resultados no tienen incidencias institucionales en la provincia de C\u00f3rdoba, su inter\u00e9s radica en que modifica \u2013 o modificar\u00eda \u2013 el tablero pol\u00edtico que se configura de cara a las elecciones legislativas nacionales del pr\u00f3ximo mes.&nbsp;<\/span><\/p>\n<p><b>C\u00e9sar Pucheta<\/b><span>, periodista cordob\u00e9s de P\u00e1gina 12, dialog\u00f3 con Mano a Mano sobre las implicancias de los resultados electorales del \u00faltimo domingo. Asegur\u00f3 que la importancia para C\u00f3rdoba y para el resto del pa\u00eds es la misma: \u201c<\/span><i><span>Institucionalmente es nula porque la elecci\u00f3n modific\u00f3 la legislatura bonaerense y los concejos deliberantes de los municipios. Sin embargo, tiene importancia pol\u00edtica por lo que significa Buenos Aires en el mapa electoral nacional. Es la provincia que representa el 37% de los electores nacionales, es decir, tiene un gran peso\u201d<\/span><\/i><span>.<\/span><\/p>\n<p><b>\u2013 \u00bfQu\u00e9 contribuy\u00f3 a que se nacionalizara una elecci\u00f3n provincial?<\/b><\/p>\n<p><span>\u2013 Cobr\u00f3 relevancia por el resultado. Si bien previo al domingo se nacionaliz\u00f3 la discusi\u00f3n, fue el propio oficialismo quien le dio una importancia superlativa. Ellos se\u00f1alaron que era la elecci\u00f3n clave para \u2018ponerle el \u00faltimo clavo al caj\u00f3n del peronismo\u2019. La diferencia fue tan amplia (13,57%) que mostr\u00f3 una ca\u00edda en la imagen positiva del gobierno Nacional que lo deja en una situaci\u00f3n de rever su esquema interno y reconocer, como lo hizo, la derrota.<\/span><\/p>\n<p><b>\u2013 \u00bfLa elecci\u00f3n se polariz\u00f3 entre Javier Milei y Axel Kicillof, a\u00fan sin ser candidatos?<\/b><\/p>\n<p><span>\u2013 Desde que asumi\u00f3 Milei, hay un mano a mano donde ambos se eligen como enemigos. Kicillof lo elige como enemigo por razones institucionales y de gesti\u00f3n y Milei lo enemiga en el plano del discurso econ\u00f3mico. Cuando desdoblaron la elecci\u00f3n tuvieron los dos un escenario para medirse electoralmente.&nbsp;<\/span><\/p>\n<p><a href=\"http:\/\/hoycordobaweb.com\/wp-content\/uploads\/2025\/09\/buenos-aires-reconfigura-el-tablero-electoral-4.png\"><img loading=\"lazy\" fetchpriority=\"high\" decoding=\"async\" class=\"size-large wp-image-7266 aligncenter\" src=\"http:\/\/hoycordobaweb.com\/wp-content\/uploads\/2025\/09\/buenos-aires-reconfigura-el-tablero-electoral.png\" alt width=\"620\" height=\"349\" srcset=\"http:\/\/hoycordobaweb.com\/wp-content\/uploads\/2025\/09\/buenos-aires-reconfigura-el-tablero-electoral.png 1024w, http:\/\/hoycordobaweb.com\/wp-content\/uploads\/2025\/09\/buenos-aires-reconfigura-el-tablero-electoral-1.png 300w, http:\/\/hoycordobaweb.com\/wp-content\/uploads\/2025\/09\/buenos-aires-reconfigura-el-tablero-electoral-2.png 768w, http:\/\/hoycordobaweb.com\/wp-content\/uploads\/2025\/09\/buenos-aires-reconfigura-el-tablero-electoral-3.png 1536w, http:\/\/hoycordobaweb.com\/wp-content\/uploads\/2025\/09\/buenos-aires-reconfigura-el-tablero-electoral-4.png 1920w\" sizes=\"(max-width: 620px) 100vw, 620px\"><\/a><\/p>\n<p><span>\u2013 <\/span><b>\u00bfC\u00f3mo quedan posicionados con estos resultados?<\/b><\/p>\n<p><span>\u2013 Con los resultados, el peronismo confirma una proyecci\u00f3n de Kicillof que, si bien se vislumbraba, necesitaba probarse electoralmente. El Gobernador decidi\u00f3 desdoblar la elecci\u00f3n, por primera vez en la historia, y defini\u00f3 una estrategia cuyo resultado lo confirma como referente nacional. Se puso al frente de la campa\u00f1a en provincia y la recorri\u00f3 de punta a punta con los candidatos. En cambio, Milei, que no es adepto a hacer estas cosas, se subi\u00f3 a la campa\u00f1a sobre el final, fue a los cierres y se sac\u00f3 fotos con los candidatos. Eso no lo hab\u00eda hecho nunca, ni en el 2023 ni en otras elecciones que hubo en las provincias.&nbsp;<\/span><\/p>\n<p><b>\u2013 \u00bfLa gente vot\u00f3 \u201ca favor de\u201d o en \u201ccontra de\u201d los modelos&nbsp; que propone La Libertad Avanza (LLA) y el peronismo?<\/b><\/p>\n<p><span>\u2013 Considero que hay un voto contra Milei muy marcado, que es el que se puede leer a nivel pa\u00eds. Es dif\u00edcil para un cordob\u00e9s, incluso para un ciudadano de Bah\u00eda Blanca, entender el voto de apoyo al gobierno provincial del vecino de Lomas de Zamora. Es decir, hay un acierto de Kicillof en desdoblar la campa\u00f1a y darle a los intendentes la importancia, lo que se termin\u00f3 valorando son las gestiones municipales en el marco de un enojo a Milei.<\/span><\/p>\n<p><b>\u2013 \u00bfFue una sorpresa el nivel de participaci\u00f3n electoral, por encima del 60%?<\/b><\/p>\n<p><span>\u2013 Fue m\u00e1s de la esperada, pero no es sorpresa porque no deja de ser de las participaciones m\u00e1s bajas en la historia desde el regreso de la democracia. Si super\u00f3 el 50-55% que se esperaba. Pero hay efectivamente un desapego evidente de la gente respecto a votar.<\/span><\/p>\n<p><span>La pol\u00edtica necesita de una lectura previa. Analizar el tablero, mirar las piezas y preparar una jugada. Los pol\u00edticos lo saben. Tanto Javier Milei como Axel Kicillof desplegaron sus estrategias en un contexto marcado por la incertidumbre y constantes cambios. En la primera partida -las elecciones bonaerenses- el jaque mate lo di\u00f3 Fuerza Patria. Ahora, \u00bfqu\u00e9 se puede esperar de cara a las elecciones de medio t\u00e9rmino?<\/span><\/p>\n<h3><span>El panorama para las elecciones legislativas<\/span><\/h3>\n<p><b>\u2013 En el discurso en el que reconoce la victoria, el Presidente habl\u00f3 de una autocr\u00edtica. \u00bfDio pistas de que pueda modificar su estrategia?<\/b><\/p>\n<p><span>\u2013 No deja casi ning\u00fan margen para pensar en cambios. Adem\u00e1s de los vetos (a la Ley de Financiamiento Universitario, Emergencia Pedi\u00e1trica y la de distribuci\u00f3n de ATN), todos los cambios no son grandes cambios. Quiz\u00e1s haber restituido el Ministerio del Interior sea el cambio m\u00e1s grande. Pero lo cierto es que Catal\u00e1n (el Ministro designado) ya ven\u00eda charlando con los gobernadores.<\/span><\/p>\n<p><b>\u2013 \u00bfHay que observar qu\u00e9 sucede con la Mesa Federal que el Gobierno constituy\u00f3?<\/b><\/p>\n<p><span>\u2013 Habr\u00e1 que observar que se termina haciendo con esa Mesa Federal que apunta a generar. Si no va a cambiar la pol\u00edtica econ\u00f3mica hay que ver c\u00f3mo puede cambiar la gesti\u00f3n pol\u00edtica. A mi modo de ver, si no cambia lo primero, no va a poder cambiar lo segundo porque los gobernadores necesitan que les financien las obras y que reparta los recursos que Naci\u00f3n no distribuye. Entonces no se puede imaginar un cambio en ese sentido y sobre todo que lo sienta la gente que es, en definitiva, la que vota.<\/span><\/p>\n<p><span>En un escenario polarizado entre el peronismo \u2013 representado por Fuerza Patria \u2013 y la Libertad Avanza \u2013 actual oficialismo \u2013 emerge un nuevo espacio: Provincias Unidas. La alianza nacional est\u00e1 conformada por <\/span><b>Mart\u00edn Llaryora <\/b><span>(C\u00f3rdoba), <\/span><b>Maximiliano Pullaro <\/b><span>(Santa Fe), <\/span><b>Carlos Sadir<\/b><span> (Jujuy), <\/span><b>Gustavo Vald\u00e9s <\/b><span>(Corrientes),<\/span><b> Ignacio Torres<\/b><span> (Chubut) y <\/span><b>Claudio Vidal<\/b><span> (Santa Cruz).<\/span><\/p>\n<p><span>Ayer viernes, en R\u00edo Cuarto se reunieron parte de los integrantes de Provincias Unidas (s\u00f3lo faltaron el gobernador de Chubut y el de Santa Cruz). La cumbre se di\u00f3 luego de que el Gobierno Nacional decidiera vetar la ley de reparto de Aportes al Tesoro Nacional (ATN). Los mandatarios aseguraron que trabajar\u00e1n para hacer caer ese veto y exigieron un di\u00e1logo real.<\/span><\/p>\n<p><a href=\"http:\/\/hoycordobaweb.com\/wp-content\/uploads\/2025\/09\/buenos-aires-reconfigura-el-tablero-electoral.webp\"><img loading=\"lazy\" decoding=\"async\" class=\"size-full wp-image-7267 aligncenter\" src=\"http:\/\/hoycordobaweb.com\/wp-content\/uploads\/2025\/09\/buenos-aires-reconfigura-el-tablero-electoral.webp\" alt width=\"750\" height=\"492\" srcset=\"http:\/\/hoycordobaweb.com\/wp-content\/uploads\/2025\/09\/buenos-aires-reconfigura-el-tablero-electoral.webp 750w, http:\/\/hoycordobaweb.com\/wp-content\/uploads\/2025\/09\/buenos-aires-reconfigura-el-tablero-electoral-1.webp 300w\" sizes=\"(max-width: 750px) 100vw, 750px\"><\/a><\/p>\n<p><b>\u2013 \u00bfEs una novedad Provincias Unidas?&nbsp;<\/b><\/p>\n<p><span>\u2013 S\u00ed, es la gran novedad en el escenario pol\u00edtico nacional donde no hab\u00eda un camino alternativo entre el Peronismo y la Libertad Avanza. Provincias Unidas marca un camino, puede llegar a convertirse en una expresi\u00f3n electoral. Lo que no hay que dejar de notar es que quienes integran el espacio fueron la base fundamental de la aprobaci\u00f3n de Ley Bases y la mayor\u00eda de los proyectos en los que Milei no tuvo mayor\u00eda parlamentaria. Ahora ese respaldo est\u00e1 en duda.<\/span><\/p>\n<p><b>\u2013 \u00bfC\u00f3mo queda el escenario para octubre?<\/b><\/p>\n<p><span>\u2013 Hay un cambio y es que se escenific\u00f3 la debilidad de LLA. Hasta hace no mucho aparec\u00eda como invencible o imposible de enfrentar porque gozaba de una imagen positiva superior al 50%. La elecci\u00f3n de provincia de Buenos Aires di\u00f3 cuenta de que hay una parte de la sociedad que ya no est\u00e1 de acuerdo con el rumbo y prefiri\u00f3 votar diferente y que lo que parec\u00eda liquidado (Peronismo) est\u00e1 lejos de serlo.<\/span><\/p>\n<p><span>El domingo 26 de octubre los ciudadanos argentinos acudir\u00e1n nuevamente a las urnas. Faltan pocas jugadas para llegar a las elecciones legislativas donde se renovar\u00e1n la mitad de las bancas de la C\u00e1mara de Diputados y un tercio del Senado (24 senadores y 127 diputados).&nbsp;<\/span><\/p>\n<p><span>Con los candidatos en campa\u00f1a, las piezas est\u00e1n ya dispuestas en un tablero electoral que a\u00fan tiene un resultado incierto.&nbsp;<\/span><\/p>\n<p><i><span>\u201cPuede LLA ganar en octubre, puede hacerlo. Puede Provincias Unidas emerger como una alternativa concreta en C\u00f3rdoba, que en Buenos Aires no apareci\u00f3. Son escenarios posibles. Lo que qued\u00f3 claro a nivel nacional es que por m\u00e1s que la econom\u00eda marche de cierta forma, que la gente sufra o no, el camino es el que prefiera la mayor\u00eda y nadie tiene una receta alternativa que seduzca a la poblaci\u00f3n\u201d<\/span><\/i><span>, concluy\u00f3 el periodista C\u00e9sar Pucheta.<\/span><\/p>\n","protected":false},"excerpt":{"rendered":"<p>En estos d\u00edas, los ojos del pa\u00eds se posaron sobre Buenos Aires. La provincia renov\u00f3 la mitad de su Legislatura, 46 bancas de diputados y 23 de senadores provinciales, y vot\u00f3 para la renovaci\u00f3n de los concejales municipales. Los candidatos de Fuerza Patria fueron la fuerza que mayor cantidad de votos cosech\u00f3 (47,28%), seguidos de [&hellip;]<\/p>\n","protected":false},"author":1,"featured_media":116827,"comment_status":"closed","ping_status":"closed","sticky":false,"template":"","format":"standard","meta":[],"categories":[19],"tags":[],"_links":{"self":[{"href":"http:\/\/hoycordobaweb.com\/index.php\/wp-json\/wp\/v2\/posts\/116826"}],"collection":[{"href":"http:\/\/hoycordobaweb.com\/index.php\/wp-json\/wp\/v2\/posts"}],"about":[{"href":"http:\/\/hoycordobaweb.com\/index.php\/wp-json\/wp\/v2\/types\/post"}],"author":[{"embeddable":true,"href":"http:\/\/hoycordobaweb.com\/index.php\/wp-json\/wp\/v2\/users\/1"}],"replies":[{"embeddable":true,"href":"http:\/\/hoycordobaweb.com\/index.php\/wp-json\/wp\/v2\/comments?post=116826"}],"version-history":[{"count":0,"href":"http:\/\/hoycordobaweb.com\/index.php\/wp-json\/wp\/v2\/posts\/116826\/revisions"}],"wp:featuredmedia":[{"embeddable":true,"href":"http:\/\/hoycordobaweb.com\/index.php\/wp-json\/wp\/v2\/media\/116827"}],"wp:attachment":[{"href":"http:\/\/hoycordobaweb.com\/index.php\/wp-json\/wp\/v2\/media?parent=116826"}],"wp:term":[{"taxonomy":"category","embeddable":true,"href":"http:\/\/hoycordobaweb.com\/index.php\/wp-json\/wp\/v2\/categories?post=116826"},{"taxonomy":"post_tag","embeddable":true,"href":"http:\/\/hoycordobaweb.com\/index.php\/wp-json\/wp\/v2\/tags?post=116826"}],"curies":[{"name":"wp","href":"https:\/\/api.w.org\/{rel}","templated":true}]}}