{"id":116755,"date":"2025-09-12T21:44:49","date_gmt":"2025-09-12T21:44:49","guid":{"rendered":"https:\/\/hoycordobaweb.com\/index.php\/2025\/09\/12\/se-viene-una-nueva-edicion-de-la-feria-de-agronomia\/"},"modified":"2025-09-12T21:44:49","modified_gmt":"2025-09-12T21:44:49","slug":"se-viene-una-nueva-edicion-de-la-feria-de-agronomia","status":"publish","type":"post","link":"http:\/\/hoycordobaweb.com\/index.php\/2025\/09\/12\/se-viene-una-nueva-edicion-de-la-feria-de-agronomia\/","title":{"rendered":"Se viene una nueva edici\u00f3n de la \u201cFeria\u201d de Agronom\u00eda"},"content":{"rendered":"<div class=\"media_block\"><\/div>\n<div><img src=\"http:\/\/hoycordobaweb.com\/wp-content\/uploads\/2025\/09\/se-viene-una-nueva-edicion-de-la-feria-de-agronomia.jpg\" class=\"ff-og-image-inserted\"><\/div>\n<p>La primera edici\u00f3n de la <strong>\u201cFeria de Agronom\u00eda\u201d<\/strong>, como se la conoce popularmente, se llev\u00f3 a cabo en octubre de 2013. Ahora creci\u00f3 en forma exponencial y el predio recibe en cada edici\u00f3n a una gran cantidad de visitantes que recorren los <strong>170 puestos de expositores.<\/strong><\/p>\n<p>Se pueden encontrar all\u00ed productos<strong> hort\u00edcolas de estaci\u00f3n reci\u00e9n cosechados<\/strong>, frutas, quesos, miel, dulces, chacinados, aceites de oliva y frutas secas, artesan\u00edas, plantas y, adem\u00e1s, cuenta con un patio gastron\u00f3mico.<\/p>\n<p>La Feria es tambi\u00e9n un evento cultural donde se realizan<strong> charlas y se presentan espect\u00e1culos art\u00edsticos.<\/strong><\/p>\n<div class=\"subscription\" readability=\"6.683257918552\">\n<p> Esto no les gusta a los autoritarios <\/p>\n<div class=\"subscription__container\" readability=\"6.1467391304348\">\n<div class=\"subscription__text-wrapper\" readability=\"31.20652173913\">\n<p> El ejercicio del periodismo profesional y cr\u00edtico es un pilar fundamental de la democracia. Por eso molesta a quienes creen ser los due\u00f1os de la verdad. <\/p>\n<\/p><\/div><\/div><\/div>\n<p>El objetivo es generar un<strong> espacio de comercializaci\u00f3n para la agricultura familiar<\/strong> y promover v\u00ednculo y di\u00e1logo directo entre productores y consumidores. As\u00ed se logra que unos puedan vender mejor sus productos y otros los adquieran al mejor precio.<\/p>\n<p>Esta actividad promueve la producci\u00f3n y el consumo responsable de alimentos, la econom\u00eda social, la soberan\u00eda alimentaria y la transici\u00f3n de los modelos productivos hacia otros m\u00e1s sustentables y amigables con el ambiente.<\/p>\n<p>En septiembre, la Feria<strong> honra a los docentes en un gazebo especial<\/strong>, donde se estar\u00e1n juntando libros infantiles para la escuela primaria N\u00b0 22 D.E. 14 &#8211; Agronom\u00eda.<\/p>\n<p>El predio de Agronom\u00eda ubicado en Av. San Mart\u00edn 4453 abrir\u00e1 sus puertas este 13 y 14 de septiembre <strong>de 10 a 18 horas.<\/strong><\/p>\n<h2><strong>Actividades previstas:<\/strong><\/h2>\n<h4><strong>S\u00e1bado 13:<\/strong><br \/>10 a 13 hs Intercambio de Semillas Libres<\/h4>\n<p>11 hs Yoga para Todos \/ Clase yoga \/ PATIO<\/p>\n<p>12hs Taller Bastidores. Telares urbanos \/ Clase \/ CARPA<\/p>\n<p>14hs Huerta Urbana &#8211; Seilo Plantas \/ Taller \/ CARPA<\/p>\n<p>16hs Laquetecumbi\u00f3 en Vivo \/ Cumbia \/ CARPA<\/p>\n<p>16 hs Cuentos para Sanar el Planeta \/ PATIO<\/p>\n<h4><strong>Domingo 14<\/strong><\/h4>\n<p>10 a 13 hs Intercambio de Semillas y esquejes<\/p>\n<p>12 a 17.30 Docentes del Barrio \/ Gazebo cerca CBC<\/p>\n<p>13 hs Escuela Libre Micael \/ Teatro Talleres \/ CARPA<\/p>\n<p>15 hs La Guagua \/ M\u00fasica Cubana \/ CARPA<\/p>\n<p>16hs La Washington Candombe \/ CARPA<\/p>\n<p>16hs C\u00f3mplices de sonrisas \/ M\u00fasica \/ PATIO<\/p>\n<p><strong>M\u00e1s informaci\u00f3n<\/strong> en: <a target=\"_blank\" href=\"https:\/\/www.instagram.com\/feriaagronomia\/?hl=es\" rel=\"noopener noreferrer\">https:\/\/www.instagram.com\/feriaagronomia\/?hl=es<\/a><\/p>\n","protected":false},"excerpt":{"rendered":"<p>La primera edici\u00f3n de la \u201cFeria de Agronom\u00eda\u201d, como se la conoce popularmente, se llev\u00f3 a cabo en octubre de 2013. Ahora creci\u00f3 en forma exponencial y el predio recibe en cada edici\u00f3n a una gran cantidad de visitantes que recorren los 170 puestos de expositores. Se pueden encontrar all\u00ed productos hort\u00edcolas de estaci\u00f3n reci\u00e9n [&hellip;]<\/p>\n","protected":false},"author":1,"featured_media":116756,"comment_status":"closed","ping_status":"closed","sticky":false,"template":"","format":"standard","meta":[],"categories":[19],"tags":[],"_links":{"self":[{"href":"http:\/\/hoycordobaweb.com\/index.php\/wp-json\/wp\/v2\/posts\/116755"}],"collection":[{"href":"http:\/\/hoycordobaweb.com\/index.php\/wp-json\/wp\/v2\/posts"}],"about":[{"href":"http:\/\/hoycordobaweb.com\/index.php\/wp-json\/wp\/v2\/types\/post"}],"author":[{"embeddable":true,"href":"http:\/\/hoycordobaweb.com\/index.php\/wp-json\/wp\/v2\/users\/1"}],"replies":[{"embeddable":true,"href":"http:\/\/hoycordobaweb.com\/index.php\/wp-json\/wp\/v2\/comments?post=116755"}],"version-history":[{"count":0,"href":"http:\/\/hoycordobaweb.com\/index.php\/wp-json\/wp\/v2\/posts\/116755\/revisions"}],"wp:featuredmedia":[{"embeddable":true,"href":"http:\/\/hoycordobaweb.com\/index.php\/wp-json\/wp\/v2\/media\/116756"}],"wp:attachment":[{"href":"http:\/\/hoycordobaweb.com\/index.php\/wp-json\/wp\/v2\/media?parent=116755"}],"wp:term":[{"taxonomy":"category","embeddable":true,"href":"http:\/\/hoycordobaweb.com\/index.php\/wp-json\/wp\/v2\/categories?post=116755"},{"taxonomy":"post_tag","embeddable":true,"href":"http:\/\/hoycordobaweb.com\/index.php\/wp-json\/wp\/v2\/tags?post=116755"}],"curies":[{"name":"wp","href":"https:\/\/api.w.org\/{rel}","templated":true}]}}