{"id":116737,"date":"2025-09-12T00:39:40","date_gmt":"2025-09-12T00:39:40","guid":{"rendered":"https:\/\/www.ole.com.ar\/futbol-internacional\/sampaoli-atleticomineiro-cruzeiro-derrota_0_7FNFMxLryx.html"},"modified":"2025-09-12T00:39:40","modified_gmt":"2025-09-12T00:39:40","slug":"el-peor-debut-para-sampaoli-en-atletico-mineiro","status":"publish","type":"post","link":"http:\/\/hoycordobaweb.com\/index.php\/2025\/09\/12\/el-peor-debut-para-sampaoli-en-atletico-mineiro\/","title":{"rendered":"El peor debut para Sampaoli en Atl\u00e9tico Mineiro"},"content":{"rendered":"<p><img src=\"http:\/\/hoycordobaweb.com\/wp-content\/uploads\/2025\/09\/el-peor-debut-para-sampaoli-en-atletico-mineiro.jpg\"><\/p>\n<p><span class=\"createDate\">11\/09\/2025 21:39hs.<\/span><time class=\"modificatedDate\" datetime=\"2025-09-11T21:42:28-03:00\"> Actualizado al 11\/09\/2025 21:42hs.<\/time><\/p>\n<div id=\"storyBody\">\n<div class=\"custom-text \" readability=\"32.501607717042\">\n<p>No result\u00f3 positivo el debut para <strong><a href=\"https:\/\/www.ole.com.ar\/tema\/jorge-sampaoli.html\" title=\"Jorge sampaoli\" alt=\"Jorge sampaoli\" class=\"slug\">Jorge Sampaoli<\/a><\/strong> en su segunda etapa en <strong><a href=\"https:\/\/www.ole.com.ar\/tema\/atletico-mineiro.html\" title=\"Atletico Mineiro\" alt=\"Atletico Mineiro\" class=\"slug\">Atl\u00e9tico Mineiro<\/a><\/strong>: f<strong>ue derrota 2 a 0 ante Cruzeiro<\/strong>, el cl\u00e1sico rival, en el partido revancha de los cuartos de final por la <a href=\"https:\/\/www.ole.com.ar\/tema\/copa-de-brasil.html\" title=\"Copa de Brasil\" alt=\"Copa de Brasil\" class=\"slug\">Copa de Brasil<\/a>. <strong>As\u00ed, el Galo qued\u00f3 afuera por un global de 4 a 0 <\/strong>y el Raposa jugar\u00e1 la semifinal del certamen.<\/p>\n<\/div>\n<div class=\"custom-text \" readability=\"35\">\n<p>La derrota tambi\u00e9n fue decepcionante por el desempe\u00f1o del equipo, con muy mala respuesta en general, sobre todo en la parte defensiva.<\/p>\n<\/div>\n<div class=\"custom-text \" readability=\"38\">\n<p>El objetivo de dar vuelta la serie empez\u00f3 a esfumarse rapidito, a los cuatro minutos del primer tiempo, cuando Kaio Jorge empuj\u00f3 una pelota en el \u00e1rea chica y, en un tanto confirmado por el VAR, marc\u00f3 el 1 a 0. <\/p>\n<\/div>\n<div class=\"custom-text \" readability=\"38.601023017903\">\n<p>El partido fue bastante tenso, incluso hubo una discusi\u00f3n entre Kaio Jorge y Lyanco, porque el zaguero del equipo de Sampa hab\u00eda tirado la pelota deliberadamente contra la torcida local. No fue el \u00fanico cruce: <strong><a href=\"https:\/\/www.ole.com.ar\/tema\/hulk-brasileno.html\" title=\"Hulk brasile\u00f1o\" alt=\"Hulk brasile\u00f1o\" class=\"slug\">Hulk<\/a><\/strong> tambi\u00e9n choc\u00f3 con el argentino Villalba. El Galo tuvo chances sobre el final del primer tiempo, una de ellas con Hulk, aunque no pudo imponerse como dominador del partido.<\/p>\n<\/div>\n<div class=\"sc-e7b891c4-0 ifHnQL image-embed\"><img alt=\"Jorge Sampaoli en su debut en Atl\u00e9tico Mineiro.\" loading=\"lazy\" width=\"720\" height=\"100\" decoding=\"async\" data-nimg=\"1\" src=\"http:\/\/hoycordobaweb.com\/wp-content\/uploads\/2025\/09\/el-peor-debut-para-sampaoli-en-atletico-mineiro-2.jpg\"><span class=\"epigraphe\">Jorge Sampaoli en su debut en Atl\u00e9tico Mineiro.<\/span><\/div>\n<div class=\"custom-text \" readability=\"39\">\n<p>Sampa arriesg\u00f3 al arrancar la segunda etapa: adentro Rony, un atacante, por Gabriel Menino, defensor, pero la serie qued\u00f3 liquidada con el doblete de Kaio Jorge a los dos minutos. Un instante antes, el argentino Lucas Romero hab\u00eda intentado un gol de mitad de cancha&#8230;<\/p>\n<\/div>\n<div class=\"sc-e7b891c4-0 ifHnQL image-embed\"><img alt=\"Kaio Jorge festeja su gol ante Atl\u00e9tico Mineiro.\" loading=\"lazy\" width=\"720\" height=\"100\" decoding=\"async\" data-nimg=\"1\" src=\"http:\/\/hoycordobaweb.com\/wp-content\/uploads\/2025\/09\/el-peor-debut-para-sampaoli-en-atletico-mineiro-3.jpg\"><span class=\"epigraphe\">Kaio Jorge festeja su gol ante Atl\u00e9tico Mineiro.<\/span><\/div>\n<div class=\"custom-text \" readability=\"41\">\n<p>Cruzeiro, con la alegr\u00eda extrema de su torcida por eliminar al principal rival, supo administrar la ventaja. Kaio Jorge sali\u00f3 por el ingreso de Gabigol, preservado por el DT Jardim. Sampa sac\u00f3 al argentino Tom\u00e1s Cuello (titular junto a Fausto Vera, de pobre nivel). No hab\u00eda manera de dar vuelta la historia. No lo entendi\u00f3 as\u00ed Guilherme Arana, que agredi\u00f3 por la espalda a Matheus Enrique y recibi\u00f3 roja directa por parte del refer\u00ed Klein, que estaba al lado&#8230;<\/p>\n<\/div>\n<div class=\"sc-e7b891c4-0 ifHnQL image-embed\"><img alt=\"Tom\u00e1s Cuello, de Atl\u00e9tico Mineiro, contra Cruzeiro.\" loading=\"lazy\" width=\"720\" height=\"100\" decoding=\"async\" data-nimg=\"1\" src=\"http:\/\/hoycordobaweb.com\/wp-content\/uploads\/2025\/09\/el-peor-debut-para-sampaoli-en-atletico-mineiro-4.jpg\"><span class=\"epigraphe\">Tom\u00e1s Cuello, de Atl\u00e9tico Mineiro, contra Cruzeiro.<\/span><\/div>\n<div class=\"custom-text \" readability=\"35\">\n<p>El Atl\u00e9tico Mineiro tiene un objetivo continental: los cuartos de final de la Copa Sudamericana, el mi\u00e9rcoles de la pr\u00f3xima semana contra Bol\u00edvar, en La Paz.<\/p>\n<\/div>\n<p><h2><strong>Formaciones<\/strong><\/h2>\n<\/p>\n<div class=\"custom-text \" readability=\"39\">\n<p><strong>Cruzeiro:<\/strong> Cassio; William, Fabr\u00edcio Bruno, <strong>Lucas Villalba<\/strong>, Kaiki; <strong>Lucas Romero<\/strong>, Lucas Silva; Christian, Matheus Pereira, Wanderson; Kaio Jorge. DT: Leonardo Jardim.<\/p>\n<\/div>\n<div class=\"custom-text \" readability=\"33\">\n<p><strong>Cambios: <\/strong>ST 19&#8242; Gabigol por Kaio Jorge y Matheus Henrique por Wanderson; 32&#8242; Sinisterra por William; 39&#8242; Eduardo por Matheus Pereira y Walace por Lucas Silva.<\/p>\n<\/div>\n<div class=\"custom-text \" readability=\"39\">\n<p><strong>Atl\u00e9tico Mineiro:<\/strong> Everson; Gabriel Menino, Lyanco, Junior Alonso, Guilherme Arana; Alexsander, <strong>Fausto Vera<\/strong>; Igor Gomes, Gustavo Scarpa, <strong>Tom\u00e1s Cuello<\/strong>; Hulk.<\/p>\n<\/div>\n<div class=\"custom-text \" readability=\"32\">\n<p><strong>Cambios:<\/strong> ST Rony por Gabriel Menino; 33&#8242; Reiner por Cuello y Alan Franco por Igor Gomes.<\/p>\n<\/div>\n<div class=\"custom-text \" readability=\"32\">\n<p><strong>Arbitro: <\/strong>Rafael Rodrigo Klein.<\/p>\n<\/div>\n<div class=\"custom-text \">\n<p><strong>Estadio:<\/strong> Mineirao.<\/p>\n<\/div>\n<div class=\"sc-a7166897-0 eoLsBE\" readability=\"6.5\">\n<section readability=\"3\"><picture><img alt=\"Sold Out para ver a Messi e Inter Miami: Charlotte FC tendr\u00e1 lleno total en el Bank of America Stadium \" loading=\"lazy\" width=\"290\" height=\"290\" decoding=\"async\" data-nimg=\"1\" src=\"http:\/\/hoycordobaweb.com\/wp-content\/uploads\/2025\/09\/el-peor-debut-para-sampaoli-en-atletico-mineiro-5.jpg\"><\/picture>\n<p><span>Mir\u00e1 tambi\u00e9n<\/span><\/p>\n<hr>\n<h3>Sold Out para ver a Messi e Inter Miami: Charlotte FC tendr\u00e1 lleno total en el Bank of America Stadium <\/h3>\n<\/p>\n<\/section>\n<\/div>\n<div class=\"sc-a7166897-0 eoLsBE\" readability=\"6.5\">\n<section readability=\"3\"><picture><img alt=\"La incre\u00edble historia de Nueva Caledonia: de para\u00edso tur\u00edstico a pelear por un lugar en el Mundial mediante el Repechaje\" loading=\"lazy\" width=\"290\" height=\"290\" decoding=\"async\" data-nimg=\"1\" src=\"http:\/\/hoycordobaweb.com\/wp-content\/uploads\/2025\/09\/el-peor-debut-para-sampaoli-en-atletico-mineiro-6.jpg\"><\/picture>\n<p><span>Mir\u00e1 tambi\u00e9n<\/span><\/p>\n<hr>\n<h3>La incre\u00edble historia de Nueva Caledonia: de para\u00edso tur\u00edstico a pelear por un lugar en el Mundial mediante el Repechaje<\/h3>\n<\/p>\n<\/section>\n<\/div>\n<\/div>\n","protected":false},"excerpt":{"rendered":"<p>11\/09\/2025 21:39hs. Actualizado al 11\/09\/2025 21:42hs. No result\u00f3 positivo el debut para Jorge Sampaoli en su segunda etapa en Atl\u00e9tico Mineiro: fue derrota 2 a 0 ante Cruzeiro, el cl\u00e1sico rival, en el partido revancha de los cuartos de final por la Copa de Brasil. As\u00ed, el Galo qued\u00f3 afuera por un global de 4 [&hellip;]<\/p>\n","protected":false},"author":1,"featured_media":116738,"comment_status":"open","ping_status":"closed","sticky":false,"template":"","format":"standard","meta":[],"categories":[16],"tags":[],"_links":{"self":[{"href":"http:\/\/hoycordobaweb.com\/index.php\/wp-json\/wp\/v2\/posts\/116737"}],"collection":[{"href":"http:\/\/hoycordobaweb.com\/index.php\/wp-json\/wp\/v2\/posts"}],"about":[{"href":"http:\/\/hoycordobaweb.com\/index.php\/wp-json\/wp\/v2\/types\/post"}],"author":[{"embeddable":true,"href":"http:\/\/hoycordobaweb.com\/index.php\/wp-json\/wp\/v2\/users\/1"}],"replies":[{"embeddable":true,"href":"http:\/\/hoycordobaweb.com\/index.php\/wp-json\/wp\/v2\/comments?post=116737"}],"version-history":[{"count":0,"href":"http:\/\/hoycordobaweb.com\/index.php\/wp-json\/wp\/v2\/posts\/116737\/revisions"}],"wp:featuredmedia":[{"embeddable":true,"href":"http:\/\/hoycordobaweb.com\/index.php\/wp-json\/wp\/v2\/media\/116738"}],"wp:attachment":[{"href":"http:\/\/hoycordobaweb.com\/index.php\/wp-json\/wp\/v2\/media?parent=116737"}],"wp:term":[{"taxonomy":"category","embeddable":true,"href":"http:\/\/hoycordobaweb.com\/index.php\/wp-json\/wp\/v2\/categories?post=116737"},{"taxonomy":"post_tag","embeddable":true,"href":"http:\/\/hoycordobaweb.com\/index.php\/wp-json\/wp\/v2\/tags?post=116737"}],"curies":[{"name":"wp","href":"https:\/\/api.w.org\/{rel}","templated":true}]}}