{"id":116735,"date":"2025-09-12T01:59:59","date_gmt":"2025-09-12T01:59:59","guid":{"rendered":"https:\/\/www.ole.com.ar\/futbol-internacional\/america\/vasco-da-gama-botafogo-tiroteo-disparos-heridos-bala-muerto-brasil-rio-janeiro-video_0_qk57Wis1vc.html"},"modified":"2025-09-12T01:59:59","modified_gmt":"2025-09-12T01:59:59","slug":"un-muerto-y-un-herido-tras-un-tiroteo-entre-hinchas-de-botafogo-y-vasco-da-gama","status":"publish","type":"post","link":"http:\/\/hoycordobaweb.com\/index.php\/2025\/09\/12\/un-muerto-y-un-herido-tras-un-tiroteo-entre-hinchas-de-botafogo-y-vasco-da-gama\/","title":{"rendered":"Un muerto y un herido tras un tiroteo entre hinchas de Botafogo y Vasco da Gama"},"content":{"rendered":"<p><img src=\"http:\/\/hoycordobaweb.com\/wp-content\/uploads\/2025\/09\/un-muerto-y-un-herido-tras-un-tiroteo-entre-hinchas-de-botafogo-y-vasco-da-gama.jpg\"><\/p>\n<p><time class=\"createDate\" datetime=\"2025-09-11T22:59:59-03:00\">11\/09\/2025 22:59hs.<\/time><\/p>\n<div id=\"storyBody\">\n<div class=\"custom-text \" readability=\"36.679886685552\">\n<p>A tan solo unas horas de un nuevo cruce entre <strong><a href=\"https:\/\/www.ole.com.ar\/tema\/botafogo.html\" title=\"botafogo\" alt=\"botafogo\" class=\"slug\">Botafogo<\/a> <\/strong>y <strong><a href=\"https:\/\/www.ole.com.ar\/tema\/vasco-da-gama.html\" title=\"Vasco da Gama\" alt=\"Vasco da Gama\" class=\"slug\">Vasco da Gama<\/a>,<\/strong> la tensi\u00f3n entre los dos clubes de R\u00edo de Janeiro escal\u00f3 por dem\u00e1s. Durante la madrugada de este jueves, se dio un<strong> cruce con tiroteo incluido entre hinchas<\/strong> de estas dos instituciones, el cual<strong> termin\u00f3 con la vida de un fan\u00e1tico del Cruzmaltino, <\/strong>producto de una herida de bala.<\/p>\n<\/div>\n<div class=\"custom-text \" readability=\"33.967741935484\">\n<p>El jueves por la noche se disput\u00f3 <strong>el partido de vuelta de los cuartos de final de la <a href=\"https:\/\/www.ole.com.ar\/tema\/copa-de-brasil.html\" title=\"Copa de Brasil\" alt=\"Copa de Brasil\" class=\"slug\">Copa de Brasil<\/a> entre estos dos cariocas,<\/strong> equipos que arrastran una gran rivalidad. Y si bien la pica siempre ha estado, esta vez la enemistad se fue de las manos.<\/p>\n<\/div>\n<div class=\"custom-text \" readability=\"41\">\n<p>La madrugada anterior al encuentro, en la estaci\u00f3n de trenes Oswaldo Cruz, en la Zona Norte de R\u00edo, se pudo ver el cruce entre hinchas organizados de ambos clubes. E<strong>ntre corridas, gritos y disparos, un fan\u00e1tico del Vasco recibi\u00f3 un balazo en la cabeza. <\/strong>A pesar de haber sido trasladado de urgencia a la Unidad de Urgencias de Campinho, no logr\u00f3 sobrevivir.<\/p>\n<\/div>\n<div class=\"custom-text \" readability=\"39\">\n<p>A su vez, las im\u00e1genes muestran a otro fan\u00e1tico, incluso con la camiseta del Vasco, ingresando a un supermercado con el <strong>pie ensangrentado, producto de un disparo<\/strong>. El herido qued\u00f3 internado en el Hospital Salgado Filho, pero a\u00fan no se conoce su estado de salud.<\/p>\n<\/div>\n<div class=\"custom-text \" readability=\"35.09234828496\">\n<p>Una situaci\u00f3n que preocupa realmente en torno a los hechos violentos que se vienen presentando en el f\u00fatbol sudamericano, y que tambi\u00e9n alerta a los hinchas de <a href=\"https:\/\/www.ole.com.ar\/tema\/lanus.html\" title=\"Lan\u00fas\" alt=\"Lan\u00fas\" class=\"slug\">Lan\u00fas<\/a> y <a href=\"https:\/\/www.ole.com.ar\/tema\/estudiantes-de-la-plata.html\" title=\"Estudiantes de La Plata\" alt=\"Estudiantes de La Plata\" class=\"slug\">Estudiantes de La Plata<\/a>, que viajar\u00e1n a R\u00edo de Janeiro en los pr\u00f3ximos d\u00edas para alentar a sus equipos en sus correspondientes partidos contra Fluminense y Flamengo, por Copa Sudamericana y Libertadores. <\/p>\n<\/div>\n<p><h2><strong>La imagen del herido del Vasco da Gama<\/strong><\/h2>\n<\/p>\n<div class=\"sc-e7b891c4-0 ifHnQL image-embed\"><img alt=\"Uno de los hinchas heridos del Vasco da Gama. (Foto: Reproducci\u00f3n)\" loading=\"lazy\" width=\"720\" height=\"100\" decoding=\"async\" data-nimg=\"1\" src=\"http:\/\/hoycordobaweb.com\/wp-content\/uploads\/2025\/09\/un-muerto-y-un-herido-tras-un-tiroteo-entre-hinchas-de-botafogo-y-vasco-da-gama-2.jpg\"><span class=\"epigraphe\">Uno de los hinchas heridos del Vasco da Gama. (Foto: Reproducci\u00f3n)<\/span><\/div>\n<p><h2><strong>El video<\/strong><\/h2>\n<\/p>\n<div class=\"sc-3c5a76cc-1 idjLTd\">\n<div class=\"sc-e8b2828-0 fBmEJc vertical\" type=\"embedvertical\">\n<div class=\"sc-e8b2828-1 iPLbWT videoText\" id=\"contentTitleembedverticalbUNutnQS\" type=\"embedvertical\"><svg fill=\"#ffffff\"><symbol id=\"play\" viewBox=\"0 0 512 512\"><path d=\"M512 256C512 397.4 397.4 512 256 512C114.6 512 0 397.4 0 256C0 114.6 114.6 0 256 0C397.4 0 512 114.6 512 256zM176 168V344C176 352.7 180.7 360.7 188.3 364.9C195.8 369.2 205.1 369 212.5 364.5L356.5 276.5C363.6 272.1 368 264.4 368 256C368 247.6 363.6 239.9 356.5 235.5L212.5 147.5C205.1 142.1 195.8 142.8 188.3 147.1C180.7 151.3 176 159.3 176 168V168z\" \/><\/symbol><use xlink:href=\"#play\" \/><\/svg><\/p>\n<div class=\"right\">\n<p>Vasco da Gama<!-- --> &#8211; <span>&nbsp;<\/span><\/p>\n<h2 class=\"title-vid\">Tiroteo entre hinchas del Vasco da Gama y Botafogo<\/h2>\n<\/div>\n<\/div>\n<p><span class=\"back\" id=\"spanBackembedverticalbUNutnQS\"><\/span><\/div>\n<div class=\"JWvideoNota_title\">\n<p>Gloesporte.<\/p>\n<\/div>\n<\/div>\n<div class=\"sc-a7166897-0 eoLsBE\" readability=\"6\">\n<section readability=\"2\"><picture><img alt=\"El peor debut para Sampaoli en Atl\u00e9tico Mineiro\" loading=\"lazy\" width=\"290\" height=\"290\" decoding=\"async\" data-nimg=\"1\" src=\"http:\/\/hoycordobaweb.com\/wp-content\/uploads\/2025\/09\/un-muerto-y-un-herido-tras-un-tiroteo-entre-hinchas-de-botafogo-y-vasco-da-gama-3.jpg\"><\/picture>\n<p><span>Mir\u00e1 tambi\u00e9n<\/span><\/p>\n<hr>\n<h3>El peor debut para Sampaoli en Atl\u00e9tico Mineiro<\/h3>\n<\/p>\n<\/section>\n<\/div>\n<div class=\"sc-a7166897-0 eoLsBE\" readability=\"6.5\">\n<section readability=\"3\"><picture><img alt=\"La incre\u00edble historia de Nueva Caledonia: de para\u00edso tur\u00edstico a pelear por un lugar en el Mundial mediante el Repechaje\" loading=\"lazy\" width=\"290\" height=\"290\" decoding=\"async\" data-nimg=\"1\" src=\"http:\/\/hoycordobaweb.com\/wp-content\/uploads\/2025\/09\/un-muerto-y-un-herido-tras-un-tiroteo-entre-hinchas-de-botafogo-y-vasco-da-gama-4.jpg\"><\/picture>\n<p><span>Mir\u00e1 tambi\u00e9n<\/span><\/p>\n<hr>\n<h3>La incre\u00edble historia de Nueva Caledonia: de para\u00edso tur\u00edstico a pelear por un lugar en el Mundial mediante el Repechaje<\/h3>\n<\/p>\n<\/section>\n<\/div>\n<div class=\"sc-a7166897-0 eoLsBE\" readability=\"6\">\n<section readability=\"2\"><picture><img alt=\"La Euroliga contar\u00e1 con dos equipos israel\u00edes en mitad de la Guerra en Gaza \" loading=\"lazy\" width=\"290\" height=\"290\" decoding=\"async\" data-nimg=\"1\" src=\"http:\/\/hoycordobaweb.com\/wp-content\/uploads\/2025\/09\/un-muerto-y-un-herido-tras-un-tiroteo-entre-hinchas-de-botafogo-y-vasco-da-gama-5.jpg\"><\/picture>\n<p><span>Mir\u00e1 tambi\u00e9n<\/span><\/p>\n<hr>\n<h3>La Euroliga contar\u00e1 con dos equipos israel\u00edes en mitad de la Guerra en Gaza <\/h3>\n<\/p>\n<\/section>\n<\/div>\n<\/div>\n","protected":false},"excerpt":{"rendered":"<p>11\/09\/2025 22:59hs. A tan solo unas horas de un nuevo cruce entre Botafogo y Vasco da Gama, la tensi\u00f3n entre los dos clubes de R\u00edo de Janeiro escal\u00f3 por dem\u00e1s. Durante la madrugada de este jueves, se dio un cruce con tiroteo incluido entre hinchas de estas dos instituciones, el cual termin\u00f3 con la vida [&hellip;]<\/p>\n","protected":false},"author":1,"featured_media":116736,"comment_status":"open","ping_status":"closed","sticky":false,"template":"","format":"standard","meta":[],"categories":[16],"tags":[],"_links":{"self":[{"href":"http:\/\/hoycordobaweb.com\/index.php\/wp-json\/wp\/v2\/posts\/116735"}],"collection":[{"href":"http:\/\/hoycordobaweb.com\/index.php\/wp-json\/wp\/v2\/posts"}],"about":[{"href":"http:\/\/hoycordobaweb.com\/index.php\/wp-json\/wp\/v2\/types\/post"}],"author":[{"embeddable":true,"href":"http:\/\/hoycordobaweb.com\/index.php\/wp-json\/wp\/v2\/users\/1"}],"replies":[{"embeddable":true,"href":"http:\/\/hoycordobaweb.com\/index.php\/wp-json\/wp\/v2\/comments?post=116735"}],"version-history":[{"count":0,"href":"http:\/\/hoycordobaweb.com\/index.php\/wp-json\/wp\/v2\/posts\/116735\/revisions"}],"wp:featuredmedia":[{"embeddable":true,"href":"http:\/\/hoycordobaweb.com\/index.php\/wp-json\/wp\/v2\/media\/116736"}],"wp:attachment":[{"href":"http:\/\/hoycordobaweb.com\/index.php\/wp-json\/wp\/v2\/media?parent=116735"}],"wp:term":[{"taxonomy":"category","embeddable":true,"href":"http:\/\/hoycordobaweb.com\/index.php\/wp-json\/wp\/v2\/categories?post=116735"},{"taxonomy":"post_tag","embeddable":true,"href":"http:\/\/hoycordobaweb.com\/index.php\/wp-json\/wp\/v2\/tags?post=116735"}],"curies":[{"name":"wp","href":"https:\/\/api.w.org\/{rel}","templated":true}]}}