{"id":116733,"date":"2025-09-12T02:15:36","date_gmt":"2025-09-12T02:15:36","guid":{"rendered":"https:\/\/www.ole.com.ar\/opinion\/russo-epopeya-coraje-boca-fragilidad-salud-internacion-riquelme_0_CMWNukpu5O.html"},"modified":"2025-09-12T02:15:36","modified_gmt":"2025-09-12T02:15:36","slug":"russo-una-epopeya-del-coraje","status":"publish","type":"post","link":"http:\/\/hoycordobaweb.com\/index.php\/2025\/09\/12\/russo-una-epopeya-del-coraje\/","title":{"rendered":"Russo, una epopeya del coraje"},"content":{"rendered":"<p><img src=\"http:\/\/hoycordobaweb.com\/wp-content\/uploads\/2025\/09\/russo-una-epopeya-del-coraje.jpg\"><\/p>\n<p><time class=\"createDate\" datetime=\"2025-09-11T23:15:36-03:00\">11\/09\/2025 23:15hs.<\/time><\/p>\n<div id=\"storyBody\">\n<div class=\"custom-text \" readability=\"39\">\n<p>Miguel Russo, que hab\u00eda estado la semana pasada en <strong>una internaci\u00f3n de cinco d\u00edas<\/strong>, reapareci\u00f3 ayer en el entrenamiento de Boca, y fue la noticia del d\u00eda. Recibi\u00f3 el testimonio de <strong>afecto de sus colaboradores, de Riquelme y de cada uno de sus jugadores<\/strong>, y se qued\u00f3 a ver los trabajos.<\/p>\n<\/div>\n<div class=\"custom-text \" readability=\"36\">\n<p>Por estas horas se definir\u00e1 si los m\u00e9dicos lo autorizan a <strong>viajar con el equipo a Rosario<\/strong>, la ciudad que se convirti\u00f3 en su patria chica y donde los sentimientos hacia \u00e9l van del alto respeto a la adoraci\u00f3n. All\u00ed quiere estar, en su pr\u00f3ximo <strong>compromiso con Boca<\/strong> frente a Central.<\/p>\n<\/div>\n<div class=\"custom-text \" readability=\"37\">\n<p>Que el rival sea el club que le hace reverencias de pr\u00f3cer agrega romanticismo a la escena. Pero \u201call\u00ed quiere estar\u201d es un concepto m\u00e1s amplio: Miguel, que atraviesa tiempos de muy delicada salud, <strong>quiere estar all\u00ed, en la cancha<\/strong>. En su lugar de trabajo. En su lugar en el mundo.<\/p>\n<\/div>\n<div class=\"custom-text \" readability=\"35\">\n<p>En 2021, cuando se cruzaron dirigiendo uno a Banfield y el otro a Gimnasia, <strong>Falcioni y Maradona<\/strong> -ambos hab\u00edan estado muy enfermos- se abrazaron y sentenciaron: \u201cEl f\u00fatbol te salva\u201d.<\/p>\n<\/div>\n<div class=\"custom-text \" readability=\"34\">\n<p>Es altamente probable que sea eso lo que est\u00e1 sintiendo el entrenador de Boca, en un momento en que a su alrededor se debat\u00edan entre <strong>disimular lo indisimulable<\/strong> y \u201ccuidar\u201d a Miguelo.<\/p>\n<\/div>\n<div class=\"custom-text \" readability=\"41\">\n<p>Bien est\u00e1 que<strong> sus afectos, su familia, sus doctores, su club, cuiden a Russo<\/strong>. Pero no como a un boludo o un nene de diez a\u00f1os, que no es ninguna de las dos cosas. El propio DT <strong>ven\u00eda delegando funciones<\/strong> y retrayendo su actividad en campo y durante los partidos. Descansa en sus colaboradores, los monitorea y toma decisiones. Sabr\u00e1 hasta d\u00f3nde llega.<\/p>\n<\/div>\n<div class=\"custom-text \" readability=\"36\">\n<p>Cuid\u00e9moslo como a alguien querido, pero comprendiendo que es un hombre que <strong>pelea con optimismo, dignidad y coraje<\/strong> por seguir de pie y trabajando, aun en las peores adversidades.<\/p>\n<\/div>\n<div class=\"sc-e7b891c4-0 ifHnQL image-embed\"><img alt=\"Se qued\u00f3 en la Bombonera a ver los trabajos\n(Prensa Boca).\" loading=\"lazy\" width=\"720\" height=\"100\" decoding=\"async\" data-nimg=\"1\" src=\"http:\/\/hoycordobaweb.com\/wp-content\/uploads\/2025\/09\/russo-una-epopeya-del-coraje-2.jpg\"><span class=\"epigraphe\">Se qued\u00f3 en la Bombonera a ver los trabajos<br \/>\n(Prensa Boca).<\/span><\/div>\n<div class=\"sc-3c5a76cc-1 idjLTd\">\n<div class=\"sc-e8b2828-0 fBmEJc\" type=\"embed\">\n<div class=\"sc-e8b2828-1 iPLbWT videoText\" id=\"contentTitleembedVzMFA45D\" type=\"embed\"><svg fill=\"#ffffff\"><symbol id=\"play\" viewBox=\"0 0 512 512\"><path d=\"M512 256C512 397.4 397.4 512 256 512C114.6 512 0 397.4 0 256C0 114.6 114.6 0 256 0C397.4 0 512 114.6 512 256zM176 168V344C176 352.7 180.7 360.7 188.3 364.9C195.8 369.2 205.1 369 212.5 364.5L356.5 276.5C363.6 272.1 368 264.4 368 256C368 247.6 363.6 239.9 356.5 235.5L212.5 147.5C205.1 142.1 195.8 142.8 188.3 147.1C180.7 151.3 176 159.3 176 168V168z\" \/><\/symbol><use xlink:href=\"#play\" \/><\/svg><\/p>\n<div class=\"right\">\n<p>Miguel Angel Russo<!-- --> &#8211; <span>&nbsp;<\/span><\/p>\n<h2 class=\"title-vid\">Russo volvi\u00f3 a los entrenamientos con Boca tras la internaci\u00f3n<\/h2>\n<\/div>\n<\/div>\n<p><span class=\"back\" id=\"spanBackembedVzMFA45D\"><\/span><\/div>\n<div class=\"JWvideoNota_title\">\n<p>Video: Boca<\/p>\n<\/div>\n<\/div>\n<div class=\"sc-a7166897-0 eoLsBE\" readability=\"6\">\n<section readability=\"2\"><picture><img alt=\"La foto maradoneana y bostera de Felipe Melo que explot\u00f3 en las redes de Boca\" loading=\"lazy\" width=\"290\" height=\"290\" decoding=\"async\" data-nimg=\"1\" src=\"http:\/\/hoycordobaweb.com\/wp-content\/uploads\/2025\/09\/russo-una-epopeya-del-coraje-3.jpg\"><\/picture>\n<p><span>Mir\u00e1 tambi\u00e9n<\/span><\/p>\n<hr>\n<h3>La foto maradoneana y bostera de Felipe Melo que explot\u00f3 en las redes de Boca<\/h3>\n<\/p>\n<\/section>\n<\/div>\n<div class=\"sc-a7166897-0 eoLsBE\" readability=\"7\">\n<section readability=\"4\"><picture><img alt=\"A d\u00edas de enfrentar a Boca, el intercambio amistoso que tuvo Di Mar\u00eda con un jugador con pasado en la Selecci\u00f3n\" loading=\"lazy\" width=\"290\" height=\"290\" decoding=\"async\" data-nimg=\"1\" src=\"http:\/\/hoycordobaweb.com\/wp-content\/uploads\/2025\/09\/russo-una-epopeya-del-coraje-4.jpg\"><\/picture>\n<p><span>Mir\u00e1 tambi\u00e9n<\/span><\/p>\n<hr>\n<h3>A d\u00edas de enfrentar a Boca, el intercambio amistoso que tuvo Di Mar\u00eda con un jugador con pasado en la Selecci\u00f3n<\/h3>\n<\/p>\n<\/section>\n<\/div>\n<\/div>\n","protected":false},"excerpt":{"rendered":"<p>11\/09\/2025 23:15hs. Miguel Russo, que hab\u00eda estado la semana pasada en una internaci\u00f3n de cinco d\u00edas, reapareci\u00f3 ayer en el entrenamiento de Boca, y fue la noticia del d\u00eda. Recibi\u00f3 el testimonio de afecto de sus colaboradores, de Riquelme y de cada uno de sus jugadores, y se qued\u00f3 a ver los trabajos. Por estas [&hellip;]<\/p>\n","protected":false},"author":1,"featured_media":116734,"comment_status":"open","ping_status":"closed","sticky":false,"template":"","format":"standard","meta":[],"categories":[16],"tags":[],"_links":{"self":[{"href":"http:\/\/hoycordobaweb.com\/index.php\/wp-json\/wp\/v2\/posts\/116733"}],"collection":[{"href":"http:\/\/hoycordobaweb.com\/index.php\/wp-json\/wp\/v2\/posts"}],"about":[{"href":"http:\/\/hoycordobaweb.com\/index.php\/wp-json\/wp\/v2\/types\/post"}],"author":[{"embeddable":true,"href":"http:\/\/hoycordobaweb.com\/index.php\/wp-json\/wp\/v2\/users\/1"}],"replies":[{"embeddable":true,"href":"http:\/\/hoycordobaweb.com\/index.php\/wp-json\/wp\/v2\/comments?post=116733"}],"version-history":[{"count":0,"href":"http:\/\/hoycordobaweb.com\/index.php\/wp-json\/wp\/v2\/posts\/116733\/revisions"}],"wp:featuredmedia":[{"embeddable":true,"href":"http:\/\/hoycordobaweb.com\/index.php\/wp-json\/wp\/v2\/media\/116734"}],"wp:attachment":[{"href":"http:\/\/hoycordobaweb.com\/index.php\/wp-json\/wp\/v2\/media?parent=116733"}],"wp:term":[{"taxonomy":"category","embeddable":true,"href":"http:\/\/hoycordobaweb.com\/index.php\/wp-json\/wp\/v2\/categories?post=116733"},{"taxonomy":"post_tag","embeddable":true,"href":"http:\/\/hoycordobaweb.com\/index.php\/wp-json\/wp\/v2\/tags?post=116733"}],"curies":[{"name":"wp","href":"https:\/\/api.w.org\/{rel}","templated":true}]}}