{"id":116725,"date":"2025-09-12T03:25:20","date_gmt":"2025-09-12T03:25:20","guid":{"rendered":"https:\/\/hoycordobaweb.com\/index.php\/2025\/09\/12\/belgrano-y-san-martin-sj-aburrieron-en-alberdi-y-empataron-sin-goles-futbol-cadena-3\/"},"modified":"2025-09-12T03:25:20","modified_gmt":"2025-09-12T03:25:20","slug":"belgrano-y-san-martin-sj-aburrieron-en-alberdi-y-empataron-sin-goles-futbol-cadena-3","status":"publish","type":"post","link":"http:\/\/hoycordobaweb.com\/index.php\/2025\/09\/12\/belgrano-y-san-martin-sj-aburrieron-en-alberdi-y-empataron-sin-goles-futbol-cadena-3\/","title":{"rendered":"Belgrano y San Mart\u00edn (SJ) aburrieron en Alberdi y empataron sin goles &#8211; <b>F\u00fatbol<\/b> &#8211; Cadena 3"},"content":{"rendered":"<p>Adem\u00e1s, jugar\u00e1 el pr\u00f3ximo mi\u00e9rcoles ante el mismo rival por Copa <b>Argentina<\/b>. <\/p>\n","protected":false},"excerpt":{"rendered":"<p>Adem\u00e1s, jugar\u00e1 el pr\u00f3ximo mi\u00e9rcoles ante el mismo rival por Copa Argentina.<\/p>\n","protected":false},"author":1,"featured_media":0,"comment_status":"closed","ping_status":"closed","sticky":false,"template":"","format":"standard","meta":[],"categories":[22],"tags":[],"_links":{"self":[{"href":"http:\/\/hoycordobaweb.com\/index.php\/wp-json\/wp\/v2\/posts\/116725"}],"collection":[{"href":"http:\/\/hoycordobaweb.com\/index.php\/wp-json\/wp\/v2\/posts"}],"about":[{"href":"http:\/\/hoycordobaweb.com\/index.php\/wp-json\/wp\/v2\/types\/post"}],"author":[{"embeddable":true,"href":"http:\/\/hoycordobaweb.com\/index.php\/wp-json\/wp\/v2\/users\/1"}],"replies":[{"embeddable":true,"href":"http:\/\/hoycordobaweb.com\/index.php\/wp-json\/wp\/v2\/comments?post=116725"}],"version-history":[{"count":0,"href":"http:\/\/hoycordobaweb.com\/index.php\/wp-json\/wp\/v2\/posts\/116725\/revisions"}],"wp:attachment":[{"href":"http:\/\/hoycordobaweb.com\/index.php\/wp-json\/wp\/v2\/media?parent=116725"}],"wp:term":[{"taxonomy":"category","embeddable":true,"href":"http:\/\/hoycordobaweb.com\/index.php\/wp-json\/wp\/v2\/categories?post=116725"},{"taxonomy":"post_tag","embeddable":true,"href":"http:\/\/hoycordobaweb.com\/index.php\/wp-json\/wp\/v2\/tags?post=116725"}],"curies":[{"name":"wp","href":"https:\/\/api.w.org\/{rel}","templated":true}]}}