{"id":116632,"date":"2025-09-11T00:02:23","date_gmt":"2025-09-11T00:02:23","guid":{"rendered":"https:\/\/www.ole.com.ar\/futbol-internacional\/cabo-verde-argentina-mundial-2026-eliminatorias-africanas_0_oeRADKjFJA.html"},"modified":"2025-09-11T00:02:23","modified_gmt":"2025-09-11T00:02:23","slug":"la-humilde-seleccion-africana-que-nunca-jugo-un-mundial-derroto-a-camerun-y-suena-con-estar-en-2026","status":"publish","type":"post","link":"http:\/\/hoycordobaweb.com\/index.php\/2025\/09\/11\/la-humilde-seleccion-africana-que-nunca-jugo-un-mundial-derroto-a-camerun-y-suena-con-estar-en-2026\/","title":{"rendered":"La humilde selecci\u00f3n africana que nunca jug\u00f3 un mundial, derrot\u00f3 a Camer\u00fan y sue\u00f1a con estar en 2026"},"content":{"rendered":"<p><img src=\"http:\/\/hoycordobaweb.com\/wp-content\/uploads\/2025\/09\/la-humilde-seleccion-africana-que-nunca-jugo-un-mundial-derroto-a-camerun-y-suena-con-estar-en-2026.jpg\"><\/p>\n<p><time class=\"createDate\" datetime=\"2025-09-10T21:02:23-03:00\">10\/09\/2025 21:02hs.<\/time><\/p>\n<div id=\"storyBody\">\n<div class=\"custom-text \" readability=\"51\">\n<p>Es uno de los pa\u00edses m\u00e1s peque\u00f1os del mundo. Se trata, apenas, de un archipi\u00e9lago compuesto por diez islas volc\u00e1nicas frente a las costas de \u00c1frica occidental. Con 520.000 habitantes, tiene menos poblaci\u00f3n que Quilmes (630.000) y hay m\u00e1s ciudadanos fuera del pa\u00eds que dentro (el doble, para ser exactos), ya que m\u00e1s de un mill\u00f3n ha emigrado buscando mejores oportunidades, a destinos como Estados Unidos y Portugal. Sin industrias, con escasa agricultura y con escasez tambi\u00e9n de combustible, ocupa el puesto 128\u00b0 del ranking mundial en calidad de vida (Argentina est\u00e1 41\u00b0, as\u00ed que imaginemos&#8230;). Sin embargo, por estas horas, la vida les sonr\u00ede a sus habitantes: <strong>Cabo Verde, un destino tur\u00edstico famoso por sus 350 d\u00edas de sol y sus playas de mar turquesa, inmejorables para la observaci\u00f3n de tiburones, la anidaci\u00f3n de tortugas marinas y la pr\u00e1ctica de deportes acu\u00e1ticos, est\u00e1 a un paso de hacer historia y meterse en su primer Mundial. <\/strong>S\u00ed, Cabo Verde.<\/p>\n<\/div>\n<h2>Cabo Verde, de menos habitante que Quilmes, sue\u00f1a con el Mundial 2026<\/h2>\n<div class=\"custom-text \" readability=\"44\">\n<p>El martes, en un partido hist\u00f3rico jugado en Praia, su capital, en un Estadio Nacional repleto por 15 mil espectadores (la misma cantidad de gente que entra en el Movistar Arena de Villa Crespo), el seleccionado de Pedro Leit\u00e3o Brito, conocido como Bubista, un ex defensor caboverdiano que en los a\u00f1os 90 jug\u00f3 dos partidos con el Badajoz en la Segunda de Espa\u00f1a y que pas\u00f3 por el Estoril de Portugal, <strong>venci\u00f3 al Camer\u00fan de Andr\u00e9 Onana, de Bryan Mbeumo (comprado en este mercado por el United en unos 80 millones de euros) y de Andr\u00e9-Frank Zambo Anguissa, delantero del Napoli.<\/strong><\/p>\n<\/div>\n<div class=\"sc-e7b891c4-0 ifHnQL image-embed\"><img alt=\"Cabo Verde, el seleccionado que sue\u00f1a con el Mundial.\" loading=\"lazy\" width=\"720\" height=\"100\" decoding=\"async\" data-nimg=\"1\" src=\"http:\/\/hoycordobaweb.com\/wp-content\/uploads\/2025\/09\/la-humilde-seleccion-africana-que-nunca-jugo-un-mundial-derroto-a-camerun-y-suena-con-estar-en-2026-2.jpg\"><span class=\"epigraphe\">Cabo Verde, el seleccionado que sue\u00f1a con el Mundial.<\/span><\/div>\n<div class=\"custom-text \" readability=\"39\">\n<p>Fue 1-0 gracias a un corrida memorable d<strong>e Dailon Livramento, un delantero del Casa Pia de Portugal, que pas\u00f3 por el MVV Maastricht de Pa\u00edses Bajos y por el Hellas Verona<\/strong> y que vale 800 mil euros, seg\u00fan Transfermarkt. Cuando el \u00e1rbitro marc\u00f3 el fin del partido, los hinchas invadieron el campo para celebrar.<\/p>\n<\/div>\n<div class=\"custom-text \" readability=\"45\">\n<p>\u201cDiez islas, una naci\u00f3n, un sue\u00f1o\u201d, repite la Federaci\u00f3n local en cada posteo en sus redes.<strong> Es que Cabo Verde qued\u00f3 a las puertas de la historia: clasificar a su primer Mundial.<\/strong> Con dos fechas por jugar, depende de s\u00ed mismo: Los Tiburones, como los llaman, lideran el Grupo D, con 19 puntos, cuatro por encima de los cameruneses y, en la pr\u00f3xima Fecha FIFA de octubre, enfrentar\u00e1n a Libia y Esuatini. Con apenas un triunfo lograr\u00e1n el pasaje al Mundial. <\/p>\n<\/div>\n<div class=\"custom-text \" readability=\"43\">\n<p>De lograrlo, <strong>Cabo Verde ser\u00eda el tercer debutante clasificado, junto a Jordania y Uzbekist\u00e1n, pero, adem\u00e1s, pasar\u00eda a ser el segundo pa\u00eds m\u00e1s peque\u00f1o, <\/strong>seg\u00fan n\u00famero de habitantes (520.000), que ha participado en un Mundial: solo Islandia, que jug\u00f3 en Rusia 2018, tiene menos (350.000).<\/p>\n<\/div>\n<h2>De ser ignorados por las estrellas a batir gigantes<\/h2>\n<div class=\"custom-text \" readability=\"42\">\n<p>\u201cEsta victoria es para todos los caboverdianos. <strong>Hasta los que viven en el extranjero vieron este partido. Lo que tratamos de hacer es alegrar a la gente\u201d,<\/strong> dijo su entrenador. Algo incre\u00edble es que Cabo Verde, independizado de Portugal en 1975, <strong>reci\u00e9n disput\u00f3 sus primeras Eliminatorias mundialistas en 2002 para Corea\/Jap\u00f3n. <\/strong>\u201cCuando era jugador, nos sent\u00edamos peque\u00f1os, pero hemos demostrado que podemos enfrentar a cualquier equipo, incluso a aquellos que tienen mejores condiciones\u201d, marc\u00f3 su DT.<\/p>\n<\/div>\n<div class=\"sc-e7b891c4-0 ifHnQL image-embed\"><img alt=\"Cabo Verde, el seleccionado que sue\u00f1a con el Mundial.\" loading=\"lazy\" width=\"720\" height=\"100\" decoding=\"async\" data-nimg=\"1\" src=\"http:\/\/hoycordobaweb.com\/wp-content\/uploads\/2025\/09\/la-humilde-seleccion-africana-que-nunca-jugo-un-mundial-derroto-a-camerun-y-suena-con-estar-en-2026-3.jpg\"><span class=\"epigraphe\">Cabo Verde, el seleccionado que sue\u00f1a con el Mundial.<\/span><\/div>\n<div class=\"custom-text \" readability=\"55\">\n<p>Un cambio fundamental para este presente fue la iniciativa de captaci\u00f3n de jugadores nacidos principalmente en Portugal, pero con ascendencia caboverdiana. Hist\u00f3ricamente, este pa\u00eds perd\u00eda talentos que eleg\u00edan jugar en otras selecciones: Rolando, defensor que disput\u00f3 el Mundial 2010 para Portugal, naci\u00f3 en Cabo Verde. El sueco <strong>Henrik Larsson<\/strong>, aquel que jug\u00f3 en el Barsa y logr\u00f3 el hist\u00f3rico tercer puesto con los suecos en el Mundial de EE.UU. 94, pudo jugar en este seleccionado ya que su padre es de origen caboverdiano. El mismo caso para <strong>Nani<\/strong>, el hist\u00f3rico delantero portugu\u00e9s que jug\u00f3 en el United, y que <strong>Patrick Vieira,<\/strong> de madre caboverdiana, que fue un crack, campe\u00f3n del mundo con Francia en 1998 y que la rompi\u00f3 en el mediocampo del Arsenal, Inter y el City. H<strong>oy, este pa\u00eds al que le sacaban jugadores es el que capta de otras naciones: Livramento, autor del gol a Camer\u00fan, naci\u00f3 en Rotterdam, Pa\u00edses Bajos; el defensor Roberto Lopes, en Dubl\u00edn, Irlanda; el volante Telmo Arcanjo, en Lisboa, Portugal&#8230;<\/strong><\/p>\n<\/div>\n<div class=\"custom-text \" readability=\"45\">\n<p>Adem\u00e1s, una curiosidad es que este incre\u00edble seleccionado tiene a un solo futbolista en una de las grandes ligas de Europa:el franc\u00e9s Logan Costa, defensor del Villarreal. Despu\u00e9s, la mayor\u00eda juega en equipos de segunda o tercera l\u00ednea de Portugal. Yhay en Turqu\u00eda, Rusia, Bulgaria, Hungria, Irlanda, Arabia y la MLS&#8230;<strong> As\u00ed, con sus armas, este peque\u00f1o archipi\u00e9lago est\u00e1 a un pasito de hacer historia. Historia enorme..<\/strong><\/p>\n<\/div>\n<div class=\"sc-a7166897-0 eoLsBE\" readability=\"6\">\n<section readability=\"2\"><picture><img alt=\"Gigante de Arroyito explotado para Rosario Central vs. Boca\" loading=\"lazy\" width=\"290\" height=\"290\" decoding=\"async\" data-nimg=\"1\" src=\"http:\/\/hoycordobaweb.com\/wp-content\/uploads\/2025\/09\/la-humilde-seleccion-africana-que-nunca-jugo-un-mundial-derroto-a-camerun-y-suena-con-estar-en-2026-4.jpg\"><\/picture>\n<p><span>Mir\u00e1 tambi\u00e9n<\/span><\/p>\n<hr>\n<h3>Gigante de Arroyito explotado para Rosario Central vs. Boca<\/h3>\n<\/section>\n<\/div>\n<div class=\"sc-a7166897-0 eoLsBE\" readability=\"6.5\">\n<section readability=\"3\"><picture><img alt=\"River: Gallardo, los regresos y todas las noticias del mi\u00e9rcoles 10 de septiembre\" loading=\"lazy\" width=\"290\" height=\"290\" decoding=\"async\" data-nimg=\"1\" src=\"http:\/\/hoycordobaweb.com\/wp-content\/uploads\/2025\/09\/la-humilde-seleccion-africana-que-nunca-jugo-un-mundial-derroto-a-camerun-y-suena-con-estar-en-2026-5.jpg\"><\/picture>\n<p><span>Mir\u00e1 tambi\u00e9n<\/span><\/p>\n<hr>\n<h3>River: Gallardo, los regresos y todas las noticias del mi\u00e9rcoles 10 de septiembre<\/h3>\n<\/section>\n<\/div>\n<div class=\"sc-a7166897-0 eoLsBE\" readability=\"7\">\n<section readability=\"4\"><picture><img alt=\"Mientras espera el OK m\u00e9dico para volver, \u00bfc\u00f3mo sigue Russo todo lo que pasa en Boca?\" loading=\"lazy\" width=\"290\" height=\"290\" decoding=\"async\" data-nimg=\"1\" src=\"http:\/\/hoycordobaweb.com\/wp-content\/uploads\/2025\/09\/la-humilde-seleccion-africana-que-nunca-jugo-un-mundial-derroto-a-camerun-y-suena-con-estar-en-2026-6.jpg\"><\/picture>\n<p><span>Mir\u00e1 tambi\u00e9n<\/span><\/p>\n<hr>\n<h3>Mientras espera el OK m\u00e9dico para volver, \u00bfc\u00f3mo sigue Russo todo lo que pasa en Boca?<\/h3>\n<\/section>\n<\/div>\n<\/div>\n","protected":false},"excerpt":{"rendered":"<p>10\/09\/2025 21:02hs. Es uno de los pa\u00edses m\u00e1s peque\u00f1os del mundo. Se trata, apenas, de un archipi\u00e9lago compuesto por diez islas volc\u00e1nicas frente a las costas de \u00c1frica occidental. Con 520.000 habitantes, tiene menos poblaci\u00f3n que Quilmes (630.000) y hay m\u00e1s ciudadanos fuera del pa\u00eds que dentro (el doble, para ser exactos), ya que m\u00e1s [&hellip;]<\/p>\n","protected":false},"author":1,"featured_media":116633,"comment_status":"open","ping_status":"closed","sticky":false,"template":"","format":"standard","meta":[],"categories":[16],"tags":[],"_links":{"self":[{"href":"http:\/\/hoycordobaweb.com\/index.php\/wp-json\/wp\/v2\/posts\/116632"}],"collection":[{"href":"http:\/\/hoycordobaweb.com\/index.php\/wp-json\/wp\/v2\/posts"}],"about":[{"href":"http:\/\/hoycordobaweb.com\/index.php\/wp-json\/wp\/v2\/types\/post"}],"author":[{"embeddable":true,"href":"http:\/\/hoycordobaweb.com\/index.php\/wp-json\/wp\/v2\/users\/1"}],"replies":[{"embeddable":true,"href":"http:\/\/hoycordobaweb.com\/index.php\/wp-json\/wp\/v2\/comments?post=116632"}],"version-history":[{"count":0,"href":"http:\/\/hoycordobaweb.com\/index.php\/wp-json\/wp\/v2\/posts\/116632\/revisions"}],"wp:featuredmedia":[{"embeddable":true,"href":"http:\/\/hoycordobaweb.com\/index.php\/wp-json\/wp\/v2\/media\/116633"}],"wp:attachment":[{"href":"http:\/\/hoycordobaweb.com\/index.php\/wp-json\/wp\/v2\/media?parent=116632"}],"wp:term":[{"taxonomy":"category","embeddable":true,"href":"http:\/\/hoycordobaweb.com\/index.php\/wp-json\/wp\/v2\/categories?post=116632"},{"taxonomy":"post_tag","embeddable":true,"href":"http:\/\/hoycordobaweb.com\/index.php\/wp-json\/wp\/v2\/tags?post=116632"}],"curies":[{"name":"wp","href":"https:\/\/api.w.org\/{rel}","templated":true}]}}