{"id":116623,"date":"2025-09-10T23:11:33","date_gmt":"2025-09-10T23:11:33","guid":{"rendered":"https:\/\/ladecimaweb.com\/?p=33028"},"modified":"2025-09-10T23:11:33","modified_gmt":"2025-09-10T23:11:33","slug":"milei-hara-campana-en-las-provincias-para-buscar-remontar-en-octubre-la-paliza-electoral-bonaerense","status":"publish","type":"post","link":"http:\/\/hoycordobaweb.com\/index.php\/2025\/09\/10\/milei-hara-campana-en-las-provincias-para-buscar-remontar-en-octubre-la-paliza-electoral-bonaerense\/","title":{"rendered":"Milei har\u00e1 campa\u00f1a en las provincias para buscar remontar en octubre la paliza electoral bonaerense"},"content":{"rendered":"<div class=\"boldgrid-section\">\n<div class=\"container\">\n<div class=\"row\">\n<div class=\"col-md-12 col-xs-12 col-sm-12\">\n<p>El presidente<span>&nbsp;<\/span><strong>Javier Milei<span>&nbsp;<\/span><\/strong>recept\u00f3 el mensaje de las urnas del pasado domingo y acciona en consecuencia para<strong><span>&nbsp;<\/span>evitar \u201crepetir los mismos errores\u201d<span>&nbsp;<\/span><\/strong>en el camino a las elecciones nacionales del 26 de octubre. Para eso, se transformar\u00e1 en el<span>&nbsp;<\/span><strong>protagonista<span>&nbsp;<\/span><\/strong>de la campa\u00f1a en b\u00fasqueda de la<span>&nbsp;<\/span><strong>\u201c\u00e9pica&#8221; perdida.&nbsp;<\/strong><\/p>\n<p>Seg\u00fan supo la<span>&nbsp;<\/span><i>agencia Noticias Argentinas<\/i>, el mandatario tiene la intenci\u00f3n de<span>&nbsp;<\/span><strong>bajar al territorio<\/strong><span>&nbsp;<\/span>para recorrer las principales provincias que podr\u00edan torcer la elecci\u00f3n en favor de La Libertad Avanza (LLA), con el objetivo de<strong><span>&nbsp;<\/span>recuperar el perfil que lo llev\u00f3 a la presidencia en 2023.&nbsp;<\/strong><\/p>\n<p><strong>\u201cEl Presidente quiere estar en el cara a cara. Su idea es liderar en primera persona\u201d,<\/strong><span>&nbsp;<\/span>sintetiz\u00f3 ante la agencia Noticias Argentinas una importante voz con acceso al despacho presidencial.&nbsp;<\/p>\n<p>Lo cierto es que luego de la abultada derrota que ubic\u00f3 a Fuerza Patria, con m\u00e1s de 13 puntos de ventaja, como la fuerza ganadora de la elecci\u00f3n por la composici\u00f3n de la Legislatura de la provincia de Buenos Aires, el mandatario tom\u00f3 nota, instrument\u00f3 algunas modificaciones y<span>&nbsp;<\/span><strong>decidi\u00f3 involucrarse de lleno<span>&nbsp;<\/span><\/strong>en la pelea por revertir el resultado.<\/p>\n<p>Con la estrategia sometida a reseteo, el libertario se mostrar\u00e1 estrat\u00e9gicamente en provincias como<span>&nbsp;<\/span><strong>C\u00f3rdoba, Santa Fe y Corrientes<\/strong>, y en ciudades de peso como<strong><span>&nbsp;<\/span>Mar del Plata y Bah\u00eda Blanca,<span>&nbsp;<\/span><\/strong>con la idea de dar reafirmar en primera persona<span>&nbsp;<\/span><strong>el rumbo econ\u00f3mico y pol\u00edtico de la administraci\u00f3n.&nbsp;<\/strong><\/p>\n<p><strong>\u201cTenemos que recuperar la \u00e9pica del 2023 y hay explicar en primera persona que vamos por el camino correcto\u201d<\/strong>, subray\u00f3 un funcionario a la agencia Noticias Argentinas al tiempo que plante\u00f3 la idea de<span>&nbsp;<\/span><strong>retomar el contacto mano a mano<\/strong><span>&nbsp;<\/span>con la sociedad con la intenci\u00f3n de reconstruir los cimientos de su condici\u00f3n de<strong><span>&nbsp;<\/span>outsider.&nbsp;<\/strong><\/p>\n<p class=\"\">Post derrota bonaerense, y con solo seis semanas de gracia, el Gobierno Nacional se encamina a aplicar varias modificaciones para volver a enamorar al electorado. Es bajo esa l\u00f3gica que el mandatario se distanciar\u00e1 del \u00edcono que lo caracteriza,<span>&nbsp;<\/span><strong>la siempre pol\u00e9mica motosierra<\/strong><span>&nbsp;<\/span>que sintetiz\u00f3 su programa econ\u00f3mico.&nbsp;<\/p>\n<p><a href=\"https:\/\/noticiasargentinas.com\/politica\/doble-turno-y-reflexion--javier-milei-mantuvo-la-primera-reunion-de-gabinete-tras-la-derrota-bonaerense_a68becec24e2412f46202cafd\"><strong>Desde el domingo, Milei se muestra sumamente activo<\/strong><\/a>. En lo que va de la semana encabez\u00f3 tres reuniones de Gabinete, dos de ellas el lunes, un encuentro de la mesa chica y recibi\u00f3 en su despacho al flamante ministro del Interior, Lisandro Catal\u00e1n, junto al titular del Palacio de Hacienda, Luis \u201cToto\u201d Caputo, y al jefe de Gabinete, Guillermo Francos, para anunciar la conformaci\u00f3n de la mesa federal que buscar\u00e1 recuperar el v\u00ednculo con las provincias.&nbsp;<\/p>\n<p class=\"\"><strong>No es casual que las \u00faltimas fotograf\u00edas la motosierra dorada que adornaba su mesa en el despacho que tiene en el primer piso de Casa Rosada no estuviese presente.<span>&nbsp;<\/span><\/strong>Si bien la herramienta a\u00fan permanece en su oficina, su equipo de comunicaci\u00f3n decidi\u00f3 apartarla de los retratos.&nbsp;<\/p>\n<p class=\"\">En cada paso, el Presidente intenta reflejar la \u201cprofunda autocr\u00edtica\u201d que anticip\u00f3 el domingo en el bunker violeta, y trabaja en la necesidad de mejorar la manera de explicar \u201cla recompensa por el sacrificio\u201d en lo que definieron como &#8220;este proceso de cambio\u201d, tal y como detallaron desde el espacio en un breve comunicado publicado en redes sociales.<\/p>\n<p class=\"\"><a href=\"https:\/\/noticiasargentinas.com\/politica\/javier-milei-baja-al-territorio-para-recuperar-la--epica-perdida--y-prepara-visitas-a-varias-provincias_a68c1dc5b64efc1a6c5db0462\"><em>Fuente Noticias Argentinas<\/em><\/a><\/p>\n<p class=\"\">&nbsp;<\/p>\n<p class=\"\">\n<div class=\"ubm_banner\"><a href=\"https:\/\/youtu.be\/h2J_ZdbxYVc\" target=\"_blank\" rel=\"dofollow noopener noreferrer\"><img src=\"http:\/\/hoycordobaweb.com\/wp-content\/uploads\/2025\/09\/milei-hara-campana-en-las-provincias-para-buscar-remontar-en-octubre-la-paliza-electoral-bonaerense.gif\" alt=\"\"><\/a><\/div>\n<\/div>\n<\/div>\n<\/div>\n<\/div>\n<p>La entrada <a rel=\"nofollow\" href=\"https:\/\/ladecimaweb.com\/milei-hara-campana-en-las-provincias-para-buscar-remontar-en-octubre-la-paliza-electoral-bonaerense\/\">Milei har\u00e1 campa\u00f1a en las provincias para buscar remontar en octubre la paliza electoral bonaerense<\/a> se public\u00f3 primero en <a rel=\"nofollow\" href=\"https:\/\/ladecimaweb.com\">LaDecima<\/a>.<\/p>\n","protected":false},"excerpt":{"rendered":"<p>El presidente&nbsp;Javier Milei&nbsp;recept\u00f3 el mensaje de las urnas del pasado domingo y acciona en consecuencia para&nbsp;evitar \u201crepetir los mismos errores\u201d&nbsp;en el camino a las elecciones nacionales del 26 de octubre. Para eso, se transformar\u00e1 en el&nbsp;protagonista&nbsp;de la campa\u00f1a en b\u00fasqueda de la&nbsp;\u201c\u00e9pica&#8221; perdida.&nbsp; Seg\u00fan supo la&nbsp;agencia Noticias Argentinas, el mandatario tiene la intenci\u00f3n de&nbsp;bajar al [&hellip;]<\/p>\n","protected":false},"author":1,"featured_media":0,"comment_status":"closed","ping_status":"closed","sticky":false,"template":"","format":"standard","meta":[],"categories":[32],"tags":[],"_links":{"self":[{"href":"http:\/\/hoycordobaweb.com\/index.php\/wp-json\/wp\/v2\/posts\/116623"}],"collection":[{"href":"http:\/\/hoycordobaweb.com\/index.php\/wp-json\/wp\/v2\/posts"}],"about":[{"href":"http:\/\/hoycordobaweb.com\/index.php\/wp-json\/wp\/v2\/types\/post"}],"author":[{"embeddable":true,"href":"http:\/\/hoycordobaweb.com\/index.php\/wp-json\/wp\/v2\/users\/1"}],"replies":[{"embeddable":true,"href":"http:\/\/hoycordobaweb.com\/index.php\/wp-json\/wp\/v2\/comments?post=116623"}],"version-history":[{"count":0,"href":"http:\/\/hoycordobaweb.com\/index.php\/wp-json\/wp\/v2\/posts\/116623\/revisions"}],"wp:attachment":[{"href":"http:\/\/hoycordobaweb.com\/index.php\/wp-json\/wp\/v2\/media?parent=116623"}],"wp:term":[{"taxonomy":"category","embeddable":true,"href":"http:\/\/hoycordobaweb.com\/index.php\/wp-json\/wp\/v2\/categories?post=116623"},{"taxonomy":"post_tag","embeddable":true,"href":"http:\/\/hoycordobaweb.com\/index.php\/wp-json\/wp\/v2\/tags?post=116623"}],"curies":[{"name":"wp","href":"https:\/\/api.w.org\/{rel}","templated":true}]}}