{"id":11661,"date":"2021-02-03T01:45:00","date_gmt":"2021-02-03T01:45:00","guid":{"rendered":"http:\/\/hoycordobaweb.com\/index.php\/2021\/02\/03\/amplian-el-estado-de-emergencia-pero-en-tokio-ratifican-los-juegos-olimpicos\/"},"modified":"2021-02-03T01:45:00","modified_gmt":"2021-02-03T01:45:00","slug":"amplian-el-estado-de-emergencia-pero-en-tokio-ratifican-los-juegos-olimpicos","status":"publish","type":"post","link":"http:\/\/hoycordobaweb.com\/index.php\/2021\/02\/03\/amplian-el-estado-de-emergencia-pero-en-tokio-ratifican-los-juegos-olimpicos\/","title":{"rendered":"Amplian el estado de emergencia pero en Tokio ratifican los Juegos Ol\u00edmpicos"},"content":{"rendered":"<p><img src=\"http:\/\/hoycordobaweb.com\/wp-content\/uploads\/2021\/02\/amplian-el-estado-de-emergencia-pero-en-tokio-ratifican-los-juegos-olimpicos.jpg\"><\/p>\n<p> <iframe width=\"560\" height=\"315\" src=\"https:\/\/www.youtube.com\/embed\/EwqxdwbLggY?wmode=transparent&amp;showinfo=0&amp;autohide=1&amp;rel=0\" frameborder=\"0\" allowfullscreen>[embedded content]<\/iframe> <\/p>\n<p>Jap\u00f3n ampli\u00f3 el estado de emergencia pero en Tokio ratifican los Juegos Ol\u00edmpicos<\/p>\n<p><strong>El presidente del Comit\u00e9 Organizador de los Juegos Ol\u00edmpicos Tokio 2020, Yoshiro Mori, afirm\u00f3 este martes que Jap\u00f3n realizar\u00e1 la competencia en julio pr\u00f3ximo, a\u00fan en el contexto de la pandemia del Covid-19, y que trabajan estrechamente en la organizaci\u00f3n con el Comit\u00e9 Ol\u00edmpico Internacional (COI).<\/strong><\/p>\n<p>El anuncio se conoci\u00f3 a pesar de que el gobierno de Jap\u00f3n prepara una ampliaci\u00f3n durante un mes m\u00e1s del estado de emergencia, a menos de seis meses del comienzo de los Juegos.<\/p>\n<p>\u00abLa situaci\u00f3n obliga a la vigilancia durante un tiempo\u00bb, explic\u00f3 este martes a la prensa japonesa el portavoz del gobierno nip\u00f3n Katsunobu Kato, indic\u00f3 el diario espa\u00f1ol Mundo Deportivo.<\/p>\n<div class=\"image\" id=\"image\" readability=\"9\"> <img src=\"http:\/\/hoycordobaweb.com\/wp-content\/uploads\/2021\/02\/amplian-el-estado-de-emergencia-pero-en-tokio-ratifican-los-juegos-olimpicos-2.jpg\" alt=\"Afirmaron que Jap\u00f3n realizar\u00e1 la competencia en julio pr\u00f3ximo, a\u00fan en el contexto de la pandemia.\" title=\"Afirmaron que Jap\u00f3n realizar\u00e1 la competencia en julio pr\u00f3ximo, a\u00fan en el contexto de la pandemia.\"><\/p>\n<p>Afirmaron que Jap\u00f3n realizar\u00e1 la competencia en julio pr\u00f3ximo, a\u00fan en el contexto de la pandemia.<\/p>\n<\/div>\n<p>Jap\u00f3n se mostr\u00f3 \u00abreticente\u00bb en los meses pasados a utilizar la medida del estado de emergencia. Sin embargo, el ritmo de los casos de enero oblig\u00f3 a volver a una situaci\u00f3n que ahora se mantendr\u00e1 un tiempo m\u00e1s.<\/p>\n<p>En cuanto al Comit\u00e9 Organizador de los Juegos Ol\u00edmpicos, sus dirigentes -en colaboraci\u00f3n con el COI- se\u00f1alaron la semana pasada que trabajan en la concreci\u00f3n de distintas medidas preventivas para implementar en la cita ol\u00edmpica.<\/p>\n<p>Entre otras decisiones, los organizadores avanzaron en la creaci\u00f3n de la llamada \u00abburbuja ol\u00edmpica\u00bb, que pretende albergar a los 40.000 acreditados a la cita ol\u00edmpica a partir del 23 de julio y hasta el 8 de agosto venideros. <\/p>\n","protected":false},"excerpt":{"rendered":"<p>[embedded content] Jap\u00f3n ampli\u00f3 el estado de emergencia pero en Tokio ratifican los Juegos Ol\u00edmpicos El presidente del Comit\u00e9 Organizador de los Juegos Ol\u00edmpicos Tokio 2020, Yoshiro Mori, afirm\u00f3 este martes que Jap\u00f3n realizar\u00e1 la competencia en julio pr\u00f3ximo, a\u00fan en el contexto de la pandemia del Covid-19, y que trabajan estrechamente en la organizaci\u00f3n [&hellip;]<\/p>\n","protected":false},"author":1,"featured_media":11662,"comment_status":"open","ping_status":"closed","sticky":false,"template":"","format":"standard","meta":[],"categories":[16],"tags":[],"_links":{"self":[{"href":"http:\/\/hoycordobaweb.com\/index.php\/wp-json\/wp\/v2\/posts\/11661"}],"collection":[{"href":"http:\/\/hoycordobaweb.com\/index.php\/wp-json\/wp\/v2\/posts"}],"about":[{"href":"http:\/\/hoycordobaweb.com\/index.php\/wp-json\/wp\/v2\/types\/post"}],"author":[{"embeddable":true,"href":"http:\/\/hoycordobaweb.com\/index.php\/wp-json\/wp\/v2\/users\/1"}],"replies":[{"embeddable":true,"href":"http:\/\/hoycordobaweb.com\/index.php\/wp-json\/wp\/v2\/comments?post=11661"}],"version-history":[{"count":0,"href":"http:\/\/hoycordobaweb.com\/index.php\/wp-json\/wp\/v2\/posts\/11661\/revisions"}],"wp:featuredmedia":[{"embeddable":true,"href":"http:\/\/hoycordobaweb.com\/index.php\/wp-json\/wp\/v2\/media\/11662"}],"wp:attachment":[{"href":"http:\/\/hoycordobaweb.com\/index.php\/wp-json\/wp\/v2\/media?parent=11661"}],"wp:term":[{"taxonomy":"category","embeddable":true,"href":"http:\/\/hoycordobaweb.com\/index.php\/wp-json\/wp\/v2\/categories?post=11661"},{"taxonomy":"post_tag","embeddable":true,"href":"http:\/\/hoycordobaweb.com\/index.php\/wp-json\/wp\/v2\/tags?post=11661"}],"curies":[{"name":"wp","href":"https:\/\/api.w.org\/{rel}","templated":true}]}}