{"id":116328,"date":"2025-09-08T02:04:42","date_gmt":"2025-09-08T02:04:42","guid":{"rendered":"https:\/\/www.ole.com.ar\/opinion\/cuidemos-lionel-scaloni-continuidad-seleccion-maximos-esfuerzos-messi_0_SiUeZKZOsq.html"},"modified":"2025-09-08T02:04:42","modified_gmt":"2025-09-08T02:04:42","slug":"cuidemos-al-otro-lionel","status":"publish","type":"post","link":"http:\/\/hoycordobaweb.com\/index.php\/2025\/09\/08\/cuidemos-al-otro-lionel\/","title":{"rendered":"Cuidemos al otro Lionel"},"content":{"rendered":"<p><img src=\"http:\/\/hoycordobaweb.com\/wp-content\/uploads\/2025\/09\/cuidemos-al-otro-lionel.jpg\"><\/p>\n<p><span class=\"createDate\">07\/09\/2025 23:04hs.<\/span><time class=\"modificatedDate\" datetime=\"2025-09-07T23:08:08-03:00\"> Actualizado al 07\/09\/2025 23:08hs.<\/time><\/p>\n<div id=\"storyBody\">\n<div class=\"custom-text \" readability=\"36\">\n<p>Durante a\u00f1os<strong> nos obsesionamos con \u201ccuidar a Messi\u201d<\/strong>, darle las mejores condiciones siempre para que \u00e9l pudiera brillar, ocuparse s\u00f3lo de jugar y armar todo el plan de la Selecci\u00f3n en torno a la ventaja de tener al mejor del mundo con nuestra camiseta.<\/p>\n<\/div>\n<div class=\"custom-text \" readability=\"34\">\n<p>Mientras todav\u00eda podemos disfrutar los \u00faltimos frutos de su inspiraci\u00f3n y lo seguimos so\u00f1ando en el equipo, es tiempo de enfocar la energ\u00eda en cuidar al otro Lionel.<strong> <\/strong><\/p>\n<\/div>\n<div class=\"custom-text \" readability=\"37\">\n<p><strong>Abri\u00f3 la puerta Scaloni<\/strong> mismo ante una pregunta de <strong>Ol\u00e9 <\/strong>el mi\u00e9rcoles, cuando dijo que de su continuidad todav\u00eda no se habl\u00f3 porque no era el momento pero est\u00e1 \u201cmuy bien ac\u00e1, muy c\u00f3modo\u201d, y sabemos que<strong> el operativo seducci\u00f3n ya se est\u00e1 craneando en Ezeiza<\/strong>.<\/p>\n<\/div>\n<div class=\"custom-text \" readability=\"38\">\n<p>Al que ahora hay que cuidar es al<strong> conductor de la nave insignia<\/strong>, cuyo ciclo acaba de cumplir siete a\u00f1os y, si se extiende hasta el Mundial 2030, se convertir\u00e1 en el m\u00e1s extenso de la era moderna, superando<strong> los tiempos de Menotti y Bilardo<\/strong>.<\/p>\n<\/div>\n<div class=\"custom-text \" readability=\"37\">\n<p>Scaloni, el mismo que cuando qued\u00f3 a cargo de la Selecci\u00f3n entre los escombros del desastre que fue el Mundial de Rusia<strong> no era tomado muy en serio por nadie<\/strong>, tiene ahora un palmar\u00e9s para mostrar, pero adem\u00e1s invita a repasar<strong> el camino virtuoso<\/strong> por el que se fueron alcanzando los logros.<\/p>\n<\/div>\n<div class=\"custom-text \" readability=\"38\">\n<p>En 2002, despu\u00e9s de aquella terrible decepci\u00f3n con la eliminaci\u00f3n de Corea-Jap\u00f3n en fase de grupos, la AFA reconoci\u00f3 el trabajo que se hab\u00eda hecho y<strong> apost\u00f3 por cuatro a\u00f1os m\u00e1s de Marcelo Bielsa<\/strong> (quien luego decidi\u00f3 truncarlos \u00e9l solo). \u00bfC\u00f3mo no esforzarse ahora para <strong>que Scaloni siga al frente del proyecto<\/strong>, nos vaya bien o mal en la Copa de 2026?<\/p>\n<\/div>\n<div class=\"custom-text \" readability=\"37\">\n<p>Debe seguir recibiendo el m\u00e1ximo apoyo de la AFA, y estirarse lo posible para <strong>que sienta respeto y valoraci\u00f3n<\/strong>. No es un hombre de ambiciones desmedidas, pero seamos conscientes de que si \u00e9l quisiera, podr\u00eda dirigir al Real Madrid.<\/p>\n<\/div>\n<div class=\"sc-e7b891c4-0 ifHnQL image-embed\"><img alt=\"\u00c9l mismo dijo que no descarta seguir y que est\u00e1 &quot;muy c\u00f3modo ac\u00e1&quot; (Foto Maxi Failla).\" loading=\"lazy\" width=\"720\" height=\"100\" decoding=\"async\" data-nimg=\"1\" src=\"http:\/\/hoycordobaweb.com\/wp-content\/uploads\/2025\/09\/cuidemos-al-otro-lionel-2.jpg\"><span class=\"epigraphe\">\u00c9l mismo dijo que no descarta seguir y que est\u00e1 \u00abmuy c\u00f3modo ac\u00e1\u00bb (Foto Maxi Failla).<\/span><\/div>\n<div class=\"sc-e7b891c4-0 ifHnQL image-embed\"><img alt=\"El DT siempre pens\u00f3 en el ma\u00f1ana de la Selecci\u00f3n.\" loading=\"lazy\" width=\"720\" height=\"100\" decoding=\"async\" data-nimg=\"1\" src=\"http:\/\/hoycordobaweb.com\/wp-content\/uploads\/2025\/09\/cuidemos-al-otro-lionel-3.jpg\"><span class=\"epigraphe\">El DT siempre pens\u00f3 en el ma\u00f1ana de la Selecci\u00f3n.<\/span><\/div>\n<div class=\"sc-a7166897-0 eoLsBE\" readability=\"6\">\n<section readability=\"2\"><picture><img alt=\"Remanente de entradas para Ecuador vs Argentina: \u00bfc\u00f3mo comprarlas?\" loading=\"lazy\" width=\"290\" height=\"290\" decoding=\"async\" data-nimg=\"1\" src=\"http:\/\/hoycordobaweb.com\/wp-content\/uploads\/2025\/09\/cuidemos-al-otro-lionel-4.jpg\"><\/picture>\n<p><span>Mir\u00e1 tambi\u00e9n<\/span><\/p>\n<hr>\n<h3>Remanente de entradas para Ecuador vs Argentina: \u00bfc\u00f3mo comprarlas?<\/h3>\n<\/p>\n<\/section>\n<\/div>\n<div class=\"sc-a7166897-0 eoLsBE\" readability=\"6.5\">\n<section readability=\"3\"><picture><img alt=\"El plan para que Scaloni siga post 2026: una idea que ya dej\u00f3 de ser un secreto y que toma fuerza\" loading=\"lazy\" width=\"290\" height=\"290\" decoding=\"async\" data-nimg=\"1\" src=\"http:\/\/hoycordobaweb.com\/wp-content\/uploads\/2025\/09\/cuidemos-al-otro-lionel-5.jpg\"><\/picture>\n<p><span>Mir\u00e1 tambi\u00e9n<\/span><\/p>\n<hr>\n<h3>El plan para que Scaloni siga post 2026: una idea que ya dej\u00f3 de ser un secreto y que toma fuerza<\/h3>\n<\/p>\n<\/section>\n<\/div>\n<\/div>\n","protected":false},"excerpt":{"rendered":"<p>07\/09\/2025 23:04hs. Actualizado al 07\/09\/2025 23:08hs. Durante a\u00f1os nos obsesionamos con \u201ccuidar a Messi\u201d, darle las mejores condiciones siempre para que \u00e9l pudiera brillar, ocuparse s\u00f3lo de jugar y armar todo el plan de la Selecci\u00f3n en torno a la ventaja de tener al mejor del mundo con nuestra camiseta. Mientras todav\u00eda podemos disfrutar los [&hellip;]<\/p>\n","protected":false},"author":1,"featured_media":116329,"comment_status":"open","ping_status":"closed","sticky":false,"template":"","format":"standard","meta":[],"categories":[16],"tags":[],"_links":{"self":[{"href":"http:\/\/hoycordobaweb.com\/index.php\/wp-json\/wp\/v2\/posts\/116328"}],"collection":[{"href":"http:\/\/hoycordobaweb.com\/index.php\/wp-json\/wp\/v2\/posts"}],"about":[{"href":"http:\/\/hoycordobaweb.com\/index.php\/wp-json\/wp\/v2\/types\/post"}],"author":[{"embeddable":true,"href":"http:\/\/hoycordobaweb.com\/index.php\/wp-json\/wp\/v2\/users\/1"}],"replies":[{"embeddable":true,"href":"http:\/\/hoycordobaweb.com\/index.php\/wp-json\/wp\/v2\/comments?post=116328"}],"version-history":[{"count":0,"href":"http:\/\/hoycordobaweb.com\/index.php\/wp-json\/wp\/v2\/posts\/116328\/revisions"}],"wp:featuredmedia":[{"embeddable":true,"href":"http:\/\/hoycordobaweb.com\/index.php\/wp-json\/wp\/v2\/media\/116329"}],"wp:attachment":[{"href":"http:\/\/hoycordobaweb.com\/index.php\/wp-json\/wp\/v2\/media?parent=116328"}],"wp:term":[{"taxonomy":"category","embeddable":true,"href":"http:\/\/hoycordobaweb.com\/index.php\/wp-json\/wp\/v2\/categories?post=116328"},{"taxonomy":"post_tag","embeddable":true,"href":"http:\/\/hoycordobaweb.com\/index.php\/wp-json\/wp\/v2\/tags?post=116328"}],"curies":[{"name":"wp","href":"https:\/\/api.w.org\/{rel}","templated":true}]}}