{"id":116131,"date":"2025-09-05T13:35:25","date_gmt":"2025-09-05T13:35:25","guid":{"rendered":"https:\/\/ladecimaweb.com\/?p=32980"},"modified":"2025-09-05T13:35:25","modified_gmt":"2025-09-05T13:35:25","slug":"niegan-a-abuelo-paterno-regimen-de-comunicacion-con-nietas-victimas-indirectas-de-femicidio","status":"publish","type":"post","link":"http:\/\/hoycordobaweb.com\/index.php\/2025\/09\/05\/niegan-a-abuelo-paterno-regimen-de-comunicacion-con-nietas-victimas-indirectas-de-femicidio\/","title":{"rendered":"Niegan a abuelo paterno r\u00e9gimen de comunicaci\u00f3n con nietas v\u00edctimas indirectas de femicidio"},"content":{"rendered":"<div class=\"boldgrid-section\">\n<div class=\"container\">\n<div class=\"row\">\n<div class=\"col-md-12 col-xs-12 col-sm-12\">\n<p class=\"\"><a href=\"https:\/\/www.justiciacordoba.gob.ar\/JusticiaCordoba\/Inicio\/indexDetalle.aspx?codNovedad=43962\">El Juzgado de Familia n\u00b0 4 de la ciudad de C\u00f3rdoba resolvi\u00f3<\/a> <strong>no otorgar un r\u00e9gimen comunicacional a favor del abuelo paterno de dos nietas de 11 y 13 a\u00f1os.<\/strong> Las ni\u00f1as hab\u00edan quedado hu\u00e9rfanas hace dos a\u00f1os como consecuencia del femicidio de su madre. En tanto, su padre, el autor del crimen, hab\u00eda sido abatido por la polic\u00eda despu\u00e9s del hecho. Debido a esta situaci\u00f3n, ambas ni\u00f1as est\u00e1n bajo la tutela de una t\u00eda materna, quien tambi\u00e9n manifest\u00f3 su oposici\u00f3n al r\u00e9gimen comunicacional.<\/p>\n<p class=\"\">El abuelo paterno, que vive en Buenos Aires, manifest\u00f3 en la solicitud que, antes de la tragedia, manten\u00eda un buen v\u00ednculo con sus nietas. Dijo que el contacto fue interrumpido por su t\u00eda y tutora por motivos que desconoce. Indic\u00f3 que no deseaba perder el lazo con las ni\u00f1as; pero aclar\u00f3 que respetar\u00eda su voluntad respecto del r\u00e9gimen.<\/p>\n<p class=\"\">En la contestaci\u00f3n de la demanda, la tutora de las ni\u00f1as rechaz\u00f3 el pedido a causa de la \u201crotunda negativa\u201d de sus sobrinas. Relat\u00f3 que las ni\u00f1as manten\u00edan contacto con su abuelo por imposici\u00f3n de su progenitor y que sus encuentros en persona fueron escasos. Adem\u00e1s, agreg\u00f3 que sus sobrinas <strong>contactaron al abuelo paterno el d\u00eda del femicidio de su madre y este se limit\u00f3 a justificar a su hijo, el agresor. Esto fue una gran desilusi\u00f3n para ellas.<\/strong> <strong>El abuelo paterno nunca se disculp\u00f3 ni ofreci\u00f3 ayuda econ\u00f3mica.<\/strong> Cabe remarcar que la tutela de las ni\u00f1as hab\u00eda sido otorgada con motivo a la intervenci\u00f3n de la Asesor\u00eda de Familia M\u00f3vil.<\/p>\n<p class=\"\">Si bien el abuelo manifest\u00f3 que aceptar\u00eda su voluntad, solicit\u00f3 que sus nietas fueran entrevistadas sin la presencia de su tutora. As\u00ed, ambas fueron escuchadas por las psic\u00f3logas del Cuerpo Auxiliar T\u00e9cnico Multidisciplinario (Catemu), quienes concluyeron que de la historia familiar de las ni\u00f1as no surg\u00eda v\u00ednculo afectivo alguno con el solicitante. Desaconsejaron la fijaci\u00f3n de un r\u00e9gimen de comunicaci\u00f3n.<\/p>\n<p class=\"\">La jueza Mar\u00eda Bel\u00e9n Mignon, que intervino en la causa, valor\u00f3 en su resoluci\u00f3n el grav\u00edsimo evento traum\u00e1tico vivido por las ni\u00f1as, quienes presenciaron el ataque a su progenitora. Destac\u00f3 que, actualmente, gracias a la contenci\u00f3n familiar, especialmente de su t\u00eda materna, y la asistencia a espacios terap\u00e9uticos, han logrado salir adelante y se encuentran en \u00f3ptimas condiciones. Por ello, la magistrada resolvi\u00f3 rechazar, por el momento, el r\u00e9gimen comunicacional solicitado, <strong>en pos de preservar la salud f\u00edsica y psicoemocional de las ni\u00f1as involucradas<\/strong>. Fund\u00f3 esa decisi\u00f3n en los principios de autonom\u00eda progresiva e inter\u00e9s superior de los ni\u00f1os, ni\u00f1as y adolescentes.<\/p>\n<p class=\"\">En este sentido, la resoluci\u00f3n remarca que el art\u00edculo 3 de la Ley 26.061 establece que, en caso de choque <strong>entre dos derechos v\u00e1lidos, en este caso, el derecho de comunicaci\u00f3n del abuelo y el derecho al bienestar de las ni\u00f1as, debe prevalecer el inter\u00e9s superior del ni\u00f1o<\/strong> como criterio para decidir, aunque ello conlleve limitar derechos leg\u00edtimos de terceros.&nbsp;<\/p>\n<p class=\"\">La jueza Mignon subray\u00f3 que este principio tambi\u00e9n se encuentra receptado en la Convenci\u00f3n de los Derechos del Ni\u00f1o. Adem\u00e1s, la autonom\u00eda progresiva que la legislaci\u00f3n argentina le reconoce a los ni\u00f1os ni\u00f1as y adolescentes exige que sean escuchados y su opini\u00f3n tenida en cuenta seg\u00fan su grado de madurez, cuando se trate de decisiones que los afecten.<\/p>\n<p class=\"\"><em><b>Causa: \u201cA., C. O. C\/ A., C. D. V &#8211; R\u00e9gimen comunicacional\u201d. <\/b><b>Fecha: 27 de mayo de 2025. <\/b><\/em><em><b>Resoluci\u00f3n: Decreto de fecha 27\/05\/2025.<\/b><\/em><\/p>\n<p>&nbsp;<\/p>\n<div class=\"ubm_banner\"><a href=\"https:\/\/youtu.be\/h2J_ZdbxYVc\" target=\"_blank\" rel=\"dofollow noopener noreferrer\"><img src=\"http:\/\/hoycordobaweb.com\/wp-content\/uploads\/2025\/09\/niegan-a-abuelo-paterno-regimen-de-comunicacion-con-nietas-victimas-indirectas-de-femicidio.gif\" alt=\"\"><\/a><\/div>\n<\/div>\n<p>&nbsp;<\/p>\n<\/div>\n<\/div>\n<\/div>\n<p>La entrada <a rel=\"nofollow\" href=\"https:\/\/ladecimaweb.com\/32980-2\/\">Niegan a abuelo paterno r\u00e9gimen de comunicaci\u00f3n con nietas v\u00edctimas indirectas de femicidio<\/a> se public\u00f3 primero en <a rel=\"nofollow\" href=\"https:\/\/ladecimaweb.com\">LaDecima<\/a>.<\/p>\n","protected":false},"excerpt":{"rendered":"<p>El Juzgado de Familia n\u00b0 4 de la ciudad de C\u00f3rdoba resolvi\u00f3 no otorgar un r\u00e9gimen comunicacional a favor del abuelo paterno de dos nietas de 11 y 13 a\u00f1os. Las ni\u00f1as hab\u00edan quedado hu\u00e9rfanas hace dos a\u00f1os como consecuencia del femicidio de su madre. En tanto, su padre, el autor del crimen, hab\u00eda sido [&hellip;]<\/p>\n","protected":false},"author":1,"featured_media":0,"comment_status":"closed","ping_status":"closed","sticky":false,"template":"","format":"standard","meta":[],"categories":[32],"tags":[],"_links":{"self":[{"href":"http:\/\/hoycordobaweb.com\/index.php\/wp-json\/wp\/v2\/posts\/116131"}],"collection":[{"href":"http:\/\/hoycordobaweb.com\/index.php\/wp-json\/wp\/v2\/posts"}],"about":[{"href":"http:\/\/hoycordobaweb.com\/index.php\/wp-json\/wp\/v2\/types\/post"}],"author":[{"embeddable":true,"href":"http:\/\/hoycordobaweb.com\/index.php\/wp-json\/wp\/v2\/users\/1"}],"replies":[{"embeddable":true,"href":"http:\/\/hoycordobaweb.com\/index.php\/wp-json\/wp\/v2\/comments?post=116131"}],"version-history":[{"count":0,"href":"http:\/\/hoycordobaweb.com\/index.php\/wp-json\/wp\/v2\/posts\/116131\/revisions"}],"wp:attachment":[{"href":"http:\/\/hoycordobaweb.com\/index.php\/wp-json\/wp\/v2\/media?parent=116131"}],"wp:term":[{"taxonomy":"category","embeddable":true,"href":"http:\/\/hoycordobaweb.com\/index.php\/wp-json\/wp\/v2\/categories?post=116131"},{"taxonomy":"post_tag","embeddable":true,"href":"http:\/\/hoycordobaweb.com\/index.php\/wp-json\/wp\/v2\/tags?post=116131"}],"curies":[{"name":"wp","href":"https:\/\/api.w.org\/{rel}","templated":true}]}}