{"id":116128,"date":"2025-09-06T00:26:01","date_gmt":"2025-09-06T00:26:01","guid":{"rendered":"http:\/\/hoycordobaweb.com\/index.php\/2025\/09\/06\/el-argentino-que-dejo-en-0-a-lawrence-vigouroux-en-el-futbol-chileno-redgol\/"},"modified":"2025-09-06T00:26:01","modified_gmt":"2025-09-06T00:26:01","slug":"el-argentino-que-dejo-en-0-a-lawrence-vigouroux-en-el-futbol-chileno-redgol","status":"publish","type":"post","link":"http:\/\/hoycordobaweb.com\/index.php\/2025\/09\/06\/el-argentino-que-dejo-en-0-a-lawrence-vigouroux-en-el-futbol-chileno-redgol\/","title":{"rendered":"El <b>argentino<\/b> que dej\u00f3 en 0 a Lawrence Vigouroux en el <b>f\u00fatbol<\/b> chileno &#8211; RedGol"},"content":{"rendered":"<p>Hace m\u00e1s de cinco a\u00f1os, el golero debutante con la Roja tuvo un olvidado paso por el <b>f\u00fatbol<\/b> chileno, donde ni siquiera lleg\u00f3 a debutar. \u00a1Revisa los&nbsp;&#8230; <\/p>\n","protected":false},"excerpt":{"rendered":"<p>Hace m\u00e1s de cinco a\u00f1os, el golero debutante con la Roja tuvo un olvidado paso por el f\u00fatbol chileno, donde ni siquiera lleg\u00f3 a debutar. \u00a1Revisa los&nbsp;&#8230;<\/p>\n","protected":false},"author":1,"featured_media":0,"comment_status":"closed","ping_status":"closed","sticky":false,"template":"","format":"standard","meta":[],"categories":[22],"tags":[],"_links":{"self":[{"href":"http:\/\/hoycordobaweb.com\/index.php\/wp-json\/wp\/v2\/posts\/116128"}],"collection":[{"href":"http:\/\/hoycordobaweb.com\/index.php\/wp-json\/wp\/v2\/posts"}],"about":[{"href":"http:\/\/hoycordobaweb.com\/index.php\/wp-json\/wp\/v2\/types\/post"}],"author":[{"embeddable":true,"href":"http:\/\/hoycordobaweb.com\/index.php\/wp-json\/wp\/v2\/users\/1"}],"replies":[{"embeddable":true,"href":"http:\/\/hoycordobaweb.com\/index.php\/wp-json\/wp\/v2\/comments?post=116128"}],"version-history":[{"count":0,"href":"http:\/\/hoycordobaweb.com\/index.php\/wp-json\/wp\/v2\/posts\/116128\/revisions"}],"wp:attachment":[{"href":"http:\/\/hoycordobaweb.com\/index.php\/wp-json\/wp\/v2\/media?parent=116128"}],"wp:term":[{"taxonomy":"category","embeddable":true,"href":"http:\/\/hoycordobaweb.com\/index.php\/wp-json\/wp\/v2\/categories?post=116128"},{"taxonomy":"post_tag","embeddable":true,"href":"http:\/\/hoycordobaweb.com\/index.php\/wp-json\/wp\/v2\/tags?post=116128"}],"curies":[{"name":"wp","href":"https:\/\/api.w.org\/{rel}","templated":true}]}}