{"id":115964,"date":"2025-09-04T16:24:34","date_gmt":"2025-09-04T16:24:34","guid":{"rendered":"https:\/\/enfermeria.fcm.unc.edu.ar\/?p=5653"},"modified":"2025-09-04T16:24:34","modified_gmt":"2025-09-04T16:24:34","slug":"ya-comenzo-la-muestra-de-carreras-unc-2025-escuela-de-enfermeria","status":"publish","type":"post","link":"http:\/\/hoycordobaweb.com\/index.php\/2025\/09\/04\/ya-comenzo-la-muestra-de-carreras-unc-2025-escuela-de-enfermeria\/","title":{"rendered":"Ya comenz\u00f3 la Muestra de Carreras UNC 2025- Escuela de Enfermer\u00eda"},"content":{"rendered":"<div class=\"post-content\" readability=\"51\">\n<p><strong>Ya comenz\u00f3 la Muestra de Carreras UNC 2025<\/strong><\/p>\n<p>En la primera jornada de la Muestra de Carreras UNC cientos de estudiantes de los \u00faltimos a\u00f1os del nivel secundario llegaron de diferentes puntos de la ciudad y la provincia de C\u00f3rdoba para recorrer las ofertas acad\u00e9micas que ofrece la Universidad Nacional de C\u00f3rdoba.<\/p>\n<p>La Escuela de Enfermer\u00eda en el primer d\u00eda ofreci\u00f3 diferentes propuestas:<\/p>\n<p>\u2713 La visita de la Directora de la Escuela de Enfermer\u00eda,<strong> Mgter. Juana B. Sigampa<\/strong><\/p>\n<p>\u2713 El espacio interactivo, a cargo de la c\u00e1tedra de Adulto y Anciano dispuso la actividad de Primeros Auxilios en el hall de la Escuela de Enfermer\u00eda.<\/p>\n<p>\u2713 El escenario profesional con nuestra egresada, <strong>Esp. Lic. Mar\u00eda Paula Boglione.<\/strong><\/p>\n<p>Vos qu\u00e9 todav\u00eda no te acercaste\u2026 <strong>Te esperamos&nbsp; en la Carpa Central para que nos visites en nuestro stand de Enfermer\u00eda!!!<img loading=\"lazy\" fetchpriority=\"high\" decoding=\"async\" class=\"alignnone size-full wp-image-5655\" src=\"https:\/\/enfermeria.fcm.unc.edu.ar\/wp-content\/uploads\/sites\/15\/2025\/09\/Publicar-en-pagina-dia-1-de-la-Muestra-de-Carreras-2025_page-0001.jpg\" alt width=\"967\" height=\"867\" srcset=\"https:\/\/enfermeria.fcm.unc.edu.ar\/wp-content\/uploads\/sites\/15\/2025\/09\/Publicar-en-pagina-dia-1-de-la-Muestra-de-Carreras-2025_page-0001-200x179.jpg 200w, https:\/\/enfermeria.fcm.unc.edu.ar\/wp-content\/uploads\/sites\/15\/2025\/09\/Publicar-en-pagina-dia-1-de-la-Muestra-de-Carreras-2025_page-0001-300x269.jpg 300w, https:\/\/enfermeria.fcm.unc.edu.ar\/wp-content\/uploads\/sites\/15\/2025\/09\/Publicar-en-pagina-dia-1-de-la-Muestra-de-Carreras-2025_page-0001-400x359.jpg 400w, https:\/\/enfermeria.fcm.unc.edu.ar\/wp-content\/uploads\/sites\/15\/2025\/09\/Publicar-en-pagina-dia-1-de-la-Muestra-de-Carreras-2025_page-0001-600x538.jpg 600w, https:\/\/enfermeria.fcm.unc.edu.ar\/wp-content\/uploads\/sites\/15\/2025\/09\/Publicar-en-pagina-dia-1-de-la-Muestra-de-Carreras-2025_page-0001-768x689.jpg 768w, https:\/\/enfermeria.fcm.unc.edu.ar\/wp-content\/uploads\/sites\/15\/2025\/09\/Publicar-en-pagina-dia-1-de-la-Muestra-de-Carreras-2025_page-0001-800x717.jpg 800w, https:\/\/enfermeria.fcm.unc.edu.ar\/wp-content\/uploads\/sites\/15\/2025\/09\/Publicar-en-pagina-dia-1-de-la-Muestra-de-Carreras-2025_page-0001.jpg 967w\" sizes=\"(max-width: 967px) 100vw, 967px\"><\/strong><\/p>\n<\/p><\/div>\n","protected":false},"excerpt":{"rendered":"<p>Ya comenz\u00f3 la Muestra de Carreras UNC 2025 En la primera jornada de la Muestra de Carreras UNC cientos de estudiantes de los \u00faltimos a\u00f1os del nivel secundario llegaron de diferentes puntos de la ciudad y la provincia de C\u00f3rdoba para recorrer las ofertas acad\u00e9micas que ofrece la Universidad Nacional de C\u00f3rdoba. La Escuela de [&hellip;]<\/p>\n","protected":false},"author":1,"featured_media":115965,"comment_status":"closed","ping_status":"closed","sticky":false,"template":"","format":"standard","meta":[],"categories":[17],"tags":[],"_links":{"self":[{"href":"http:\/\/hoycordobaweb.com\/index.php\/wp-json\/wp\/v2\/posts\/115964"}],"collection":[{"href":"http:\/\/hoycordobaweb.com\/index.php\/wp-json\/wp\/v2\/posts"}],"about":[{"href":"http:\/\/hoycordobaweb.com\/index.php\/wp-json\/wp\/v2\/types\/post"}],"author":[{"embeddable":true,"href":"http:\/\/hoycordobaweb.com\/index.php\/wp-json\/wp\/v2\/users\/1"}],"replies":[{"embeddable":true,"href":"http:\/\/hoycordobaweb.com\/index.php\/wp-json\/wp\/v2\/comments?post=115964"}],"version-history":[{"count":0,"href":"http:\/\/hoycordobaweb.com\/index.php\/wp-json\/wp\/v2\/posts\/115964\/revisions"}],"wp:featuredmedia":[{"embeddable":true,"href":"http:\/\/hoycordobaweb.com\/index.php\/wp-json\/wp\/v2\/media\/115965"}],"wp:attachment":[{"href":"http:\/\/hoycordobaweb.com\/index.php\/wp-json\/wp\/v2\/media?parent=115964"}],"wp:term":[{"taxonomy":"category","embeddable":true,"href":"http:\/\/hoycordobaweb.com\/index.php\/wp-json\/wp\/v2\/categories?post=115964"},{"taxonomy":"post_tag","embeddable":true,"href":"http:\/\/hoycordobaweb.com\/index.php\/wp-json\/wp\/v2\/tags?post=115964"}],"curies":[{"name":"wp","href":"https:\/\/api.w.org\/{rel}","templated":true}]}}