{"id":115939,"date":"2025-09-04T01:25:40","date_gmt":"2025-09-04T01:25:40","guid":{"rendered":"https:\/\/www.ole.com.ar\/opinion\/disfrutar-campeon-mundo-messi-scaloneta-seleccion-dibu-cuti_0_MWoL0iPkkf.html"},"modified":"2025-09-04T01:25:40","modified_gmt":"2025-09-04T01:25:40","slug":"no-vamos-a-ver-a-messi","status":"publish","type":"post","link":"http:\/\/hoycordobaweb.com\/index.php\/2025\/09\/04\/no-vamos-a-ver-a-messi\/","title":{"rendered":"No vamos \u00aba ver a Messi\u00bb"},"content":{"rendered":"<p><img src=\"http:\/\/hoycordobaweb.com\/wp-content\/uploads\/2025\/09\/no-vamos-a-ver-a-messi.jpg\"><\/p>\n<p><time class=\"createDate\" datetime=\"2025-09-03T22:25:40-03:00\">03\/09\/2025 22:25hs.<\/time><\/p>\n<div id=\"storyBody\">\n<div class=\"custom-text \" readability=\"38\">\n<p>Por supuesto que<strong> ir a ver a Leo<\/strong> es hoy una cita con el \u00e9xtasis, nos hace transcurrir la sensaci\u00f3n de estar asistiendo como testigos a <strong>momentos inigualables de la historia del f\u00fatbol<\/strong>, tenerlo cerca, verlo de al lado, jugando en persona con la blanca y celeste de la Selecci\u00f3n.<\/p>\n<\/div>\n<div class=\"custom-text \" readability=\"34\">\n<p>Con ese aroma a \u201c\u00faltimas veces\u201d que tiene cada paso de Messi por estos d\u00edas,<strong> lleva a toda su familia a la cancha<\/strong>. Hoy tendr\u00e1 una familia de 85.000 personas.<\/p>\n<\/div>\n<div class=\"custom-text \" readability=\"38\">\n<p>Pero hoy al Monumental no vamos solamente a ver a Messi. <strong>Hoy, muchachos, juega la Scaloneta<\/strong>. Hoy vamos a <strong>ver a Dibu<\/strong>, el mejor arquero del mundo. Vamos a <strong>ver a Cuti Romero<\/strong>, el m\u00e1s joven patriarca de una defensa de Selecci\u00f3n.<\/p>\n<\/div>\n<div class=\"custom-text \" readability=\"36\">\n<p>Hoy vamos a <strong>ver a Rodrigo De Paul<\/strong> y esta versi\u00f3n perfeccionada, crecida, agigantada de <strong>Leandro Paredes<\/strong>. Ellos son los dos lugartenientes que han acompa\u00f1ado a Leo desde el primer d\u00eda de su gloriosa etapa en la Scaloneta. Y siguen firmes a su lado.<\/p>\n<\/div>\n<div class=\"custom-text \" readability=\"38\">\n<p>Queremos ver la nueva sociedad de <strong>Thiago Almada con Juli\u00e1n<\/strong>; queremos ver a un capocannoniere como <strong>Lautaro<\/strong>, y queremos ver c\u00f3mo el entrenador, en un trabajo artesanal, les va haciendo un lugar a pibes tan esperanzadores como <strong>Nico Paz, Mastantuono<\/strong>&#8230;<\/p>\n<\/div>\n<div class=\"custom-text \" readability=\"40\">\n<p>Lo que vamos a ver hoy, adem\u00e1s de algunos de los compases finales de la gran sinfon\u00eda que ha sido toda la carrera de Messi, es<strong> al equipo campe\u00f3n del mundo<\/strong>, el que se trajo la copa despu\u00e9s de jugar la m\u00e1s excitante y esplendorosa final de la historia de los mundiales.<strong> Un equipo de \u00e9poca<\/strong> que tambi\u00e9n, en un futuro mediato y m\u00e1s lejano, ser\u00e1 un honor haber podido presenciar.<\/p>\n<\/div>\n<div class=\"custom-text \" readability=\"41\">\n<p>Es, adem\u00e1s, el equipo que al mism\u00edsimo Leo, que<strong> transita estos d\u00edas entre dudas y decisiones cruciales<\/strong> para el inter\u00e9s del f\u00fatbol de todo el planeta, <strong>le da ganas de seguir<\/strong> siendo parte; lo cuida, lo ayuda, lo conforta, lo potencia.<\/p>\n<\/div>\n<div class=\"custom-text \" readability=\"34\">\n<p>A disfrutar, entonces, de Leo y de todos.<\/p>\n<\/div>\n<div class=\"sc-e7b891c4-0 ifHnQL image-embed\"><img alt=\"Lleg\u00f3 el mejor arquero del mundo (EFE \/ Juan Ignacio Roncoroni).\" loading=\"lazy\" width=\"720\" height=\"100\" decoding=\"async\" data-nimg=\"1\" src=\"http:\/\/hoycordobaweb.com\/wp-content\/uploads\/2025\/09\/no-vamos-a-ver-a-messi-2.jpg\"><span class=\"epigraphe\">Lleg\u00f3 el mejor arquero del mundo (EFE \/ Juan Ignacio Roncoroni).<\/span><\/div>\n<div class=\"sc-e7b891c4-0 ifHnQL image-embed\"><img alt=\"Scaloni, armador de un equipo de \u00e9poca (EFE \/ Juan Ignacio Roncoroni).\" loading=\"lazy\" width=\"720\" height=\"100\" decoding=\"async\" data-nimg=\"1\" src=\"http:\/\/hoycordobaweb.com\/wp-content\/uploads\/2025\/09\/no-vamos-a-ver-a-messi-3.jpg\"><span class=\"epigraphe\">Scaloni, armador de un equipo de \u00e9poca (EFE \/ Juan Ignacio Roncoroni).<\/span><\/div>\n<div class=\"sc-a7166897-0 eoLsBE\" readability=\"6.5\">\n<section readability=\"3\"><picture><img alt=\"La foto de Dibu Mart\u00ednez con Fillol antes de alcanzarlo en la historia de la Selecci\u00f3n \" loading=\"lazy\" width=\"290\" height=\"290\" decoding=\"async\" data-nimg=\"1\" src=\"http:\/\/hoycordobaweb.com\/wp-content\/uploads\/2025\/09\/no-vamos-a-ver-a-messi-4.jpg\"><\/picture>\n<p><span>Mir\u00e1 tambi\u00e9n<\/span><\/p>\n<hr>\n<h3>La foto de Dibu Mart\u00ednez con Fillol antes de alcanzarlo en la historia de la Selecci\u00f3n <\/h3>\n<\/p>\n<\/section>\n<\/div>\n<div class=\"sc-a7166897-0 eoLsBE\" readability=\"7\">\n<section readability=\"4\"><picture><img alt=\"De Scaloni y Ancelotti a Alfaro y Bielsa, qu\u00e9 dijeron los t\u00e9cnicos antes de la pen\u00faltima fecha de Eliminatorias\" loading=\"lazy\" width=\"290\" height=\"290\" decoding=\"async\" data-nimg=\"1\" src=\"http:\/\/hoycordobaweb.com\/wp-content\/uploads\/2025\/09\/no-vamos-a-ver-a-messi-5.jpg\"><\/picture>\n<p><span>Mir\u00e1 tambi\u00e9n<\/span><\/p>\n<hr>\n<h3>De Scaloni y Ancelotti a Alfaro y Bielsa, qu\u00e9 dijeron los t\u00e9cnicos antes de la pen\u00faltima fecha de Eliminatorias<\/h3>\n<\/p>\n<\/section>\n<\/div>\n<\/div>\n","protected":false},"excerpt":{"rendered":"<p>03\/09\/2025 22:25hs. Por supuesto que ir a ver a Leo es hoy una cita con el \u00e9xtasis, nos hace transcurrir la sensaci\u00f3n de estar asistiendo como testigos a momentos inigualables de la historia del f\u00fatbol, tenerlo cerca, verlo de al lado, jugando en persona con la blanca y celeste de la Selecci\u00f3n. Con ese aroma [&hellip;]<\/p>\n","protected":false},"author":1,"featured_media":115940,"comment_status":"open","ping_status":"closed","sticky":false,"template":"","format":"standard","meta":[],"categories":[16],"tags":[],"_links":{"self":[{"href":"http:\/\/hoycordobaweb.com\/index.php\/wp-json\/wp\/v2\/posts\/115939"}],"collection":[{"href":"http:\/\/hoycordobaweb.com\/index.php\/wp-json\/wp\/v2\/posts"}],"about":[{"href":"http:\/\/hoycordobaweb.com\/index.php\/wp-json\/wp\/v2\/types\/post"}],"author":[{"embeddable":true,"href":"http:\/\/hoycordobaweb.com\/index.php\/wp-json\/wp\/v2\/users\/1"}],"replies":[{"embeddable":true,"href":"http:\/\/hoycordobaweb.com\/index.php\/wp-json\/wp\/v2\/comments?post=115939"}],"version-history":[{"count":0,"href":"http:\/\/hoycordobaweb.com\/index.php\/wp-json\/wp\/v2\/posts\/115939\/revisions"}],"wp:featuredmedia":[{"embeddable":true,"href":"http:\/\/hoycordobaweb.com\/index.php\/wp-json\/wp\/v2\/media\/115940"}],"wp:attachment":[{"href":"http:\/\/hoycordobaweb.com\/index.php\/wp-json\/wp\/v2\/media?parent=115939"}],"wp:term":[{"taxonomy":"category","embeddable":true,"href":"http:\/\/hoycordobaweb.com\/index.php\/wp-json\/wp\/v2\/categories?post=115939"},{"taxonomy":"post_tag","embeddable":true,"href":"http:\/\/hoycordobaweb.com\/index.php\/wp-json\/wp\/v2\/tags?post=115939"}],"curies":[{"name":"wp","href":"https:\/\/api.w.org\/{rel}","templated":true}]}}