{"id":11592,"date":"2021-02-01T23:20:51","date_gmt":"2021-02-01T23:20:51","guid":{"rendered":"http:\/\/ladecimaweb.com\/?p=8122"},"modified":"2021-02-01T23:20:51","modified_gmt":"2021-02-01T23:20:51","slug":"schiaretti-prometio-vacunar-al-70-de-la-poblacion-de-cordoba-al-inaugurar-el-ano-legislativo","status":"publish","type":"post","link":"http:\/\/hoycordobaweb.com\/index.php\/2021\/02\/01\/schiaretti-prometio-vacunar-al-70-de-la-poblacion-de-cordoba-al-inaugurar-el-ano-legislativo\/","title":{"rendered":"Schiaretti prometi\u00f3 vacunar al 70% de la poblaci\u00f3n de C\u00f3rdoba, al inaugurar el a\u00f1o legislativo"},"content":{"rendered":"<div class=\"wrapper-editable-content\">\n<div class=\"editable-content clearfix\">\n<div class=\"js-code\">\n<div class=\"twitter-tweet twitter-tweet-rendered\"><em>(Agencia T\u00e9lam)<\/em> El gobernador de C\u00f3rdoba, <strong>Juan Schiaretti, destac\u00f3 este lunes su decisi\u00f3n de &#8220;vacunar al 70% de la poblaci\u00f3n&#8221; de la provincia\u00a0<\/strong>contra el coronavirus, al encabezar el acto de apertura del 43\u00b0 per\u00edodo de la Legislatura cordobesa, y adelant\u00f3 que la gobernaci\u00f3n adquirir\u00e1 de manera directa vacunas &#8220;en cuanto entren a venderles los laboratorios a los Estados provinciales&#8221;.<\/p>\n<p>&#8220;Pese a la pandemia, C\u00f3rdoba avanza&#8221;, remarc\u00f3 Schiaretti en su discurso, en el que transmiti\u00f3 su expectativa porque, plante\u00f3, &#8220;con la aparici\u00f3n de la vacuna ya se ve la posibilidad de dejar atr\u00e1s la pandemia&#8221;.<\/p>\n<p>Sin embargo, tambi\u00e9n advirti\u00f3 que &#8220;hasta que no est\u00e9 vacunado al menos el 70% de los cordobeses nosotros, si nos cuidamos, seguiremos siendo la mejor vacuna&#8221;.<\/p>\n<\/div>\n<\/div>\n<div class=\"auth\"><strong>La compra directa<\/strong><\/div>\n<p>En relaci\u00f3n a una potencial adquisici\u00f3n de vacunas de manera directa por parte del Estado provincial, el gobernador asegur\u00f3: &#8220;Vamos a comprar las vacunas que hagan falta para alcanzar esa meta (de vacunar al 70% de la poblaci\u00f3n de C\u00f3rdoba) en cuanto entren a venderles los laboratorios a los Estados provinciales&#8221;.<\/p>\n<p>Por otro lado, Schiaretti sostuvo que en el pa\u00eds y el mundo\u00a0<strong>&#8220;hay una nueva realidad frente a la pandemia pero la pandemia no puede ser la \u00fanica realidad<\/strong>&#8220;, por lo que llam\u00f3 a &#8220;avanzar aprendiendo de la crisis para la toma de las decisiones adecuadas&#8221;.<\/p>\n<div id=\"image\" class=\"image\"><img title=\"\" src=\"http:\/\/hoycordobaweb.com\/wp-content\/uploads\/2021\/02\/schiaretti-prometio-vacunar-al-70-de-la-poblacion-de-cordoba-al-inaugurar-el-ano-legislativo.jpg\" alt=\"\" \/><\/div>\n<div class=\"auth\"><strong>La asamblea<\/strong><\/div>\n<p>La asamblea que dio inicio al a\u00f1o parlamentario comenz\u00f3 pasadas las 9:30 en el recinto de la Legislatura unicameral, con la presencia del mandatario y su esposa, la diputada nacional Alejandra Vigo; el vicegobernador Manuel Calvo, quien presidi\u00f3 la sesi\u00f3n, m\u00e1s los representantes de los bloques, entre otros invitados que totalizaron 21 personas de cuerpo presente en el recinto. Los dem\u00e1s siguieron la sesi\u00f3n de modo remoto a trav\u00e9s de la plataforma Zoom.<\/p>\n<p>En su discurso,\u00a0<strong>el mandatario hizo una rese\u00f1a del primer a\u00f1o de gesti\u00f3n de su segundo mandato consecutivo,<\/strong>\u00a0del que ponder\u00f3 las pol\u00edticas en materia de salud para enfrentar la pandemia del Covid-19.<\/p>\n<p>Tambi\u00e9n resalt\u00f3 que pese a la crisis econ\u00f3mica del pa\u00eds, como consecuencia del coronavirus, el Gobierno provincial &#8220;pudo avanzar en obras p\u00fablicas, pol\u00edticas sociales, educaci\u00f3n, seguridad y para el sector productivo&#8221;.<\/p>\n<div class=\"auth\"><strong>La deuda externa<\/strong><\/div>\n<p>El gobernador destac\u00f3, adem\u00e1s, el acuerdo de la provincia con los acreedores extranjeros, al sostener que &#8220;C\u00f3rdoba, como es su tradici\u00f3n y su conducta, cumplir\u00e1 con sus compromisos econ\u00f3micos sin caer en default&#8221;, y asegur\u00f3 que esa determinaci\u00f3n permitir\u00e1 &#8220;certeza y reglas claras&#8221; a quienes trabajan e invierten en la provincia.<\/p>\n<p>Con respecto a la gesti\u00f3n 2021, Schiaretti comprometi\u00f3 un a\u00f1o con &#8220;m\u00e1s educaci\u00f3n&#8221;, anunci\u00f3 la compra de 50.000 computadoras y la construcci\u00f3n de 51 nuevos establecimientos educativos en el marco de un &#8220;retorno paulatino de las clases presenciales&#8221;.<\/p>\n<div class=\"auth\"><strong>Seguridad<\/strong><\/div>\n<p>En materia de seguridad, Schiaretti asegur\u00f3 que la gobernaci\u00f3n mejorar\u00e1 la formaci\u00f3n de los efectivos policiales y dijo que este a\u00f1o se instalar\u00e1n 100 nuevos domos de video-vigilancia de \u00faltima generaci\u00f3n. Tambi\u00e9n anunci\u00f3 la puesta en funcionamiento de 120 m\u00f3viles policiales con radios digitales encriptados, 100 motocicletas para patrullaje en ciudades y la distribuci\u00f3n de 2.400 chalecos antibalas para los agentes policiales.<\/p>\n<p>En relaci\u00f3n a la industria, el gobernador asegur\u00f3 que C\u00f3rdoba tendr\u00e1 20 nuevos parques industriales y dijo que el objetivo es alcanzar la cifra de 42 al final de este a\u00f1o.<\/p>\n<p>Adem\u00e1s, se\u00f1al\u00f3 que se concretar\u00e1 la conexi\u00f3n de gas natural a 190 establecimientos industriales.<\/p>\n<div class=\"js-code\">\n<div class=\"twitter-tweet twitter-tweet-rendered\"><strong>Las principales obras<\/strong><\/div>\n<\/div>\n<p>Luego, en otro momento de su discurso, Schiaretti afirm\u00f3 que en el curso de 2021 se finalizar\u00e1 la obra de la planta depuradora de l\u00edquidos cloacales de Bajo Grande, cuya construcci\u00f3n se realiza en conjunto con el Estado Nacional, con una inversi\u00f3n de 230 millones de d\u00f3lares.<\/p>\n<p>&#8220;C\u00f3rdoba no para, ni por la pandemia, ni por las crisis que vengan. C\u00f3rdoba no para y siempre vamos a avanzar hacia el progreso con justicia social&#8221;, concluy\u00f3 Schiaretti casi a modo de arenga y remarc\u00f3 que su modelo de gesti\u00f3n est\u00e1 basado en &#8220;el mandato del pueblo cordob\u00e9s&#8221;.<\/p>\n<p>En tanto, desde la Uni\u00f3n C\u00edvica Radical, principal espacio de oposici\u00f3n en la provincia y que forma parte de la coalici\u00f3n Juntos por el Cambio, reaccionaron al discurso de Schiaretti con cr\u00edticas y le reprocharon &#8220;no tener autocr\u00edtica&#8221;.<\/p>\n<p>La legisladora provincial Daniela Gudi\u00f1o (UCR), por caso, consider\u00f3 que el gobernador hizo &#8220;un discurso pobre&#8221;, &#8220;sin autocr\u00edtica&#8221; y &#8220;marketinero&#8221;.<\/p>\n<div class=\"btn_externos\"><\/div>\n<\/div>\n<\/div>\n<div class=\"wrapper-tags\">\n<div class=\"tags-bar clearfix\">\n<div class=\"ubm_banner\"><a href=\"https:\/\/www.cba.gov.ar\/\" target=\"_blank\" rel=\"dofollow noopener noreferrer\"><img src=\"http:\/\/hoycordobaweb.com\/wp-content\/uploads\/2021\/02\/schiaretti-prometio-vacunar-al-70-de-la-poblacion-de-cordoba-al-inaugurar-el-ano-legislativo.gif\" alt=\"\"><\/a><\/div>\n<ul><\/ul>\n<\/div>\n<\/div>\n<p>&nbsp;<\/p>\n<p>La entrada <a rel=\"nofollow\" href=\"https:\/\/ladecimaweb.com\/schiaretti-prometio-vacunar-al-70-de-la-poblacion-de-cordoba-al-inaugurar-el-ano-legislativo\/\">Schiaretti prometi\u00f3 vacunar al 70% de la poblaci\u00f3n de C\u00f3rdoba, al inaugurar el a\u00f1o legislativo<\/a> se public\u00f3 primero en <a rel=\"nofollow\" href=\"https:\/\/ladecimaweb.com\">LaDecima<\/a>.<\/p>\n","protected":false},"excerpt":{"rendered":"<p>(Agencia T\u00e9lam) El gobernador de C\u00f3rdoba, Juan Schiaretti, destac\u00f3 este lunes su decisi\u00f3n de &#8220;vacunar al 70% de la poblaci\u00f3n&#8221; de la provincia\u00a0contra el coronavirus, al encabezar el acto de apertura del 43\u00b0 per\u00edodo de la Legislatura cordobesa, y adelant\u00f3 que la gobernaci\u00f3n adquirir\u00e1 de manera directa vacunas &#8220;en cuanto entren a venderles los laboratorios [&hellip;]<\/p>\n","protected":false},"author":1,"featured_media":11593,"comment_status":"closed","ping_status":"closed","sticky":false,"template":"","format":"standard","meta":[],"categories":[19],"tags":[],"_links":{"self":[{"href":"http:\/\/hoycordobaweb.com\/index.php\/wp-json\/wp\/v2\/posts\/11592"}],"collection":[{"href":"http:\/\/hoycordobaweb.com\/index.php\/wp-json\/wp\/v2\/posts"}],"about":[{"href":"http:\/\/hoycordobaweb.com\/index.php\/wp-json\/wp\/v2\/types\/post"}],"author":[{"embeddable":true,"href":"http:\/\/hoycordobaweb.com\/index.php\/wp-json\/wp\/v2\/users\/1"}],"replies":[{"embeddable":true,"href":"http:\/\/hoycordobaweb.com\/index.php\/wp-json\/wp\/v2\/comments?post=11592"}],"version-history":[{"count":0,"href":"http:\/\/hoycordobaweb.com\/index.php\/wp-json\/wp\/v2\/posts\/11592\/revisions"}],"wp:featuredmedia":[{"embeddable":true,"href":"http:\/\/hoycordobaweb.com\/index.php\/wp-json\/wp\/v2\/media\/11593"}],"wp:attachment":[{"href":"http:\/\/hoycordobaweb.com\/index.php\/wp-json\/wp\/v2\/media?parent=11592"}],"wp:term":[{"taxonomy":"category","embeddable":true,"href":"http:\/\/hoycordobaweb.com\/index.php\/wp-json\/wp\/v2\/categories?post=11592"},{"taxonomy":"post_tag","embeddable":true,"href":"http:\/\/hoycordobaweb.com\/index.php\/wp-json\/wp\/v2\/tags?post=11592"}],"curies":[{"name":"wp","href":"https:\/\/api.w.org\/{rel}","templated":true}]}}