{"id":1159,"date":"2020-09-05T20:45:00","date_gmt":"2020-09-05T20:45:00","guid":{"rendered":"https:\/\/www.perfil.com\/noticias\/sociedad\/56-por-ciento-portenos-asegura-inseguridad-empeoro-cuarentena-ciudad-buenos-aires.phtml"},"modified":"2020-09-05T20:45:00","modified_gmt":"2020-09-05T20:45:00","slug":"el-56-de-los-portenos-afirma-que-la-inseguridad-empeoro-en-la-cuarentena","status":"publish","type":"post","link":"http:\/\/hoycordobaweb.com\/index.php\/2020\/09\/05\/el-56-de-los-portenos-afirma-que-la-inseguridad-empeoro-en-la-cuarentena\/","title":{"rendered":"El 56% de los porte\u00f1os afirma que la inseguridad empeor\u00f3 en la cuarentena"},"content":{"rendered":"<p><img src=\"http:\/\/hoycordobaweb.com\/wp-content\/uploads\/2020\/09\/el-56-de-los-portenos-afirma-que-la-inseguridad-empeoro-en-la-cuarentena.jpg\"><\/p>\n<div><img src=\"http:\/\/hoycordobaweb.com\/wp-content\/uploads\/2020\/09\/el-56-de-los-portenos-afirma-que-la-inseguridad-empeoro-en-la-cuarentena-2.jpg\" class=\"ff-og-image-inserted\"><\/div>\n<aside class=\"relatedPost\">\n<h3>Noticias Relacionadas<\/h3>\n<\/aside>\n<p>El <strong>95%&nbsp;<\/strong>de los porte\u00f1os afirma que la <strong><a target=\"_blank\" href=\"https:\/\/www.perfil.com\/noticias\/politica\/anticipo-detalles-plan-seguridad-bonaerense-anunciara-alberto-fernandez.phtml\" rel=\"noopener noreferrer\">seguridad es un problema grave<\/a> en la Ciudad de Buenos Aires<\/strong>; el <strong>57%&nbsp;no se siente seguro<\/strong> al caminar de <strong>noche <\/strong>por sus barrios y el <strong>56%<\/strong>&nbsp;asegura que la <strong><a target=\"_blank\" href=\"https:\/\/www.perfil.com\/noticias\/policia\/alarma-robos-pirana-cuentos-del-tio-embajada-estados-unidos-palermo.phtml\" rel=\"noopener noreferrer\">inseguridad empeor\u00f3<\/a> durante los \u00faltimos seis meses, pese a la cuarentena<\/strong>. Estos son algunos de los datos que arroj\u00f3 el primer informe mensual de Seguridad Ciudadana del Observatorio Gente en Movimiento, coordinado por la periodista y diputada nacional, <a target=\"_blank\" href=\"https:\/\/noticias.perfil.com\/noticias\/politica\/2019-06-29-el-enojo-de-los-k-por-la-candidatura-de-gisella-marziotta.phtml\" rel=\"noopener noreferrer\"><strong>Gisela Marziotta<\/strong><\/a>.<\/p>\n<p>Entre las estad\u00edsticas se destaca, adem\u00e1s, que el <strong>44%<\/strong>&nbsp;de los porte\u00f1os considera que <strong>no es \u00fatil denunciar los delitos<\/strong>; que la situaci\u00f3n en el sur y en el centro de la Ciudad se deterior\u00f3 m\u00e1s en lo relativo a seguridad que la zona norte, y que las <strong>mujeres <\/strong>se sienten considerablemente <strong>m\u00e1s inseguras<\/strong> en sus barrios que los hombres.<\/p>\n<p class=\"destacadoNota\"><a target=\"_blank\" href=\"https:\/\/www.perfil.com\/noticias\/policia\/alarma-robos-pirana-cuentos-del-tio-embajada-estados-unidos-palermo.phtml\" rel=\"noopener noreferrer\">Palermo: alarma por \u00abrobos pira\u00f1a\u00bb y cuentos del t\u00edo cerca de la embajada de Estados Unidos<\/a><\/p>\n<p>El \u201c<strong>Informe Mensual de Seguridad Ciudadana<\/strong>\u201d, elaborado por un equipo multidisciplinario de profesionales del Observatorio Gente en Movimiento, es el primero de una serie que permitir\u00e1 observar continuidades, rupturas y tendencias en relaci\u00f3n a la percepci\u00f3n sobre la gravedad del problema de la seguridad a nivel ciudad y barrial. El informe contempla que el problema de la inseguridad no son \u00fanicamente los delitos en s\u00ed, sino tambi\u00e9n que la <a target=\"_blank\" href=\"https:\/\/www.perfil.com\/noticias\/policia\/tiroteo-en-caballito-termina-con-dos-delincuentes-heridos.phtml\" rel=\"noopener noreferrer\"><strong>ciudadan\u00eda transite con temor las calles de sus propios barrios<\/strong><\/a>, lo cual tiene efectos adversos para la convivencia ciudadana y para la calidad de vida.<\/p>\n<p>Por otro lado, los datos expuestos por el informe sirven para mostrar que las <strong>estad\u00edsticas oficiales no contemplan la complejidad del problema<\/strong>. En este sentido, el Observatorio registr\u00f3 que entre las personas que declaran haber sufrido ellos, o un familiar cercano, un delito en el \u00faltimo a\u00f1o, un <strong>37%&nbsp;no present\u00f3 denuncia<\/strong>. Esto se enmarca dentro de que el 44%&nbsp;de los porte\u00f1os sostiene que no es \u00fatil hacer la denuncia, ya que considera que la misma no tiene efecto. Esto es transversal a todos los sectores etarios. \u00abAqu\u00ed es donde la estad\u00edstica oficial falla: los datos oficiales se limitan a las denuncias registradas cuando, como vimos, m\u00e1s de un tercio de los y las damnificadas no denuncian los hechos sufridos\u00bb, asegur\u00f3 el informe.<\/p>\n<p class=\"destacadoNota\"><a target=\"_blank\" href=\"https:\/\/www.perfil.com\/noticias\/politica\/diego-santilli-los-delincuentes-tienen-que-estar-presos-no-pueden-salir-por-el-covid.phtml\" rel=\"noopener noreferrer\">Diego Santilli: \u00abLos delincuentes tienen que estar presos, no pueden salir por el Covid\u00bb<\/a><\/p>\n<p>La <strong>desigualdad <\/strong>entre los <a target=\"_blank\" href=\"https:\/\/www.perfil.com\/noticias\/policia\/mapa-del-delito-porteno-hubo-25-ataques-por-dia-de-motochorros-en-2019.phtml\" rel=\"noopener noreferrer\"><strong>distintos barrios<\/strong><\/a> es otra de las conclusiones del informe. Si bien en promedio el 39%&nbsp;de los porte\u00f1os afirma que la seguridad en sus barrios ha empeorado, en el norte la tendencia corresponde a un 31%, mientras que en el centro es de un 45%&nbsp;y en el sur de un 44%. Al cruzar esta informaci\u00f3n con la cantidad de <strong>polic\u00edas en la Ciudad<\/strong> \u2013la misma cuenta con <strong>650 efectivos cada 100 mil habitantes<\/strong>, m\u00e1s del doble de los 300 cada 100 mil habitantes que recomienda la Oficina de las Naciones Unidas contra la Droga y el Delito\u2013 se deduce que el <strong>problema no est\u00e1 en la cantidad de polic\u00edas, sino en la distribuci\u00f3n de los mismos<\/strong>.&nbsp;<\/p>\n<p>Un apartado del informe est\u00e1 dedicado a las <a target=\"_blank\" href=\"https:\/\/www.perfil.com\/noticias\/policia\/bajaron-casi-todos-los-delitos-pero-el-aislamiento-no-detiene-a-los-femicidas.phtml\" rel=\"noopener noreferrer\"><strong>mujeres en la Ciudad<\/strong><\/a>, que <strong>caminan por sus barrios con mayor miedo que los hombres<\/strong>. Entre los \u00faltimos, un 54%&nbsp;manifiesta no sentirse seguro al circular de noche por las calles cercanas a sus casas, mientras que el porcentaje asciende al 59%&nbsp;entre las mujeres. La misma tendencia se visualizaba previo a la <strong>pandemia del COVID\u201319<\/strong>: entre los hombres un 50%&nbsp;no se sent\u00eda seguro, mientras que en las mujeres un 58%. Estos datos son m\u00e1s llamativos si se tiene en cuenta que, seg\u00fan las \u00faltimas estad\u00edsticas del Gobierno de la Ciudad, en 2019 <strong>el 83%&nbsp;de las v\u00edctimas de delitos fueron hombres<\/strong>. \u00abAs\u00ed, queda evidenciada la imperiosa necesidad de tener una <strong>polic\u00eda con perspectiva de g\u00e9nero<\/strong>\u00ab, se\u00f1alan.<\/p>\n<p><em>EuDr CP<\/em><\/p>\n","protected":false},"excerpt":{"rendered":"<p>Noticias Relacionadas El 95%&nbsp;de los porte\u00f1os afirma que la seguridad es un problema grave en la Ciudad de Buenos Aires; el 57%&nbsp;no se siente seguro al caminar de noche por sus barrios y el 56%&nbsp;asegura que la inseguridad empeor\u00f3 durante los \u00faltimos seis meses, pese a la cuarentena. Estos son algunos de los datos que [&hellip;]<\/p>\n","protected":false},"author":1,"featured_media":1160,"comment_status":"closed","ping_status":"closed","sticky":false,"template":"","format":"standard","meta":[],"categories":[1],"tags":[],"_links":{"self":[{"href":"http:\/\/hoycordobaweb.com\/index.php\/wp-json\/wp\/v2\/posts\/1159"}],"collection":[{"href":"http:\/\/hoycordobaweb.com\/index.php\/wp-json\/wp\/v2\/posts"}],"about":[{"href":"http:\/\/hoycordobaweb.com\/index.php\/wp-json\/wp\/v2\/types\/post"}],"author":[{"embeddable":true,"href":"http:\/\/hoycordobaweb.com\/index.php\/wp-json\/wp\/v2\/users\/1"}],"replies":[{"embeddable":true,"href":"http:\/\/hoycordobaweb.com\/index.php\/wp-json\/wp\/v2\/comments?post=1159"}],"version-history":[{"count":0,"href":"http:\/\/hoycordobaweb.com\/index.php\/wp-json\/wp\/v2\/posts\/1159\/revisions"}],"wp:featuredmedia":[{"embeddable":true,"href":"http:\/\/hoycordobaweb.com\/index.php\/wp-json\/wp\/v2\/media\/1160"}],"wp:attachment":[{"href":"http:\/\/hoycordobaweb.com\/index.php\/wp-json\/wp\/v2\/media?parent=1159"}],"wp:term":[{"taxonomy":"category","embeddable":true,"href":"http:\/\/hoycordobaweb.com\/index.php\/wp-json\/wp\/v2\/categories?post=1159"},{"taxonomy":"post_tag","embeddable":true,"href":"http:\/\/hoycordobaweb.com\/index.php\/wp-json\/wp\/v2\/tags?post=1159"}],"curies":[{"name":"wp","href":"https:\/\/api.w.org\/{rel}","templated":true}]}}