{"id":115848,"date":"2025-09-03T12:41:32","date_gmt":"2025-09-03T12:41:32","guid":{"rendered":"https:\/\/www.mujerhoy.com\/moda\/no-te-pierdas\/madres-hijas-volveran-llevar-otono-piezas-firma-espanola-algo-bonito-20250903105405-nt.html"},"modified":"2025-09-03T12:41:32","modified_gmt":"2025-09-03T12:41:32","slug":"madres-e-hijas-volveran-a-llevar-este-otono-las-piezas-de-esta-firma-espanola","status":"publish","type":"post","link":"http:\/\/hoycordobaweb.com\/index.php\/2025\/09\/03\/madres-e-hijas-volveran-a-llevar-este-otono-las-piezas-de-esta-firma-espanola\/","title":{"rendered":"Madres e hijas volver\u00e1n a llevar este oto\u00f1o las piezas de esta firma espa\u00f1ola"},"content":{"rendered":"<p><!-- AUTHOR --><\/p>\n<div class=\"voc-author-timesocial \">\n<!-- AUTHOR --><\/p>\n<div class=\"voc-author-timesocial__signature \">\n<!-- IMAGE AUTHOR -->\n<picture class=\"voc-image-signature\">\n<img class=\"voc-image-signature__img\" src=\"http:\/\/hoycordobaweb.com\/wp-content\/uploads\/2025\/09\/madres-e-hijas-volveran-a-llevar-este-otono-las-piezas-de-esta-firma-espanola.jpg\" alt=\"Carla Dom\u00ednguez\">\n<\/picture>\n<!-- INFO AUTHOR --> <\/div><\/div>\n<p><!-- COMPONENTS --><\/p>\n<p class=\"voc-paragraph\">La complicidad entre <strong>madres e hijas<\/strong> se refleja tambi\u00e9n en el armario. Cada vez es m\u00e1s habitual que compartan ropa, que se presten prendas o que coincidan en marcas que gustan a ambas. Este oto\u00f1o, una de esas firmas que vuelve a enamorar a mujeres de todas las edades es <strong>Algo Bonito.<\/strong><\/p>\n<p class=\"voc-paragraph\">Con un estilo inconfundible que combina romanticismo, versatilidad y <a href=\"https:\/\/www.mujerhoy.com\/moda\/no-te-pierdas\/vestido-verano-basicos-zara-baratos-nuevo-20250731090114-nt.html\" data-voc-vtm-id=\"in-text-traffic\" title=\"un aire bohemio\" data-mrf-link=\"www.mujerhoy.com\">un aire bohemio<\/a> muy actual, la marca madrile\u00f1a se ha convertido en todo un referente del casual chic espa\u00f1ol. Sus piezas \u2014desde vestidos fluidos hasta chaquetas de punto con encanto\u2014 son ese tipo de <a href=\"https:\/\/www.mujerhoy.com\/moda\/no-te-pierdas\/camisa-blanca-vestido-negro-basicos-zara-nuevo-20250830110726-nt.html\" data-voc-vtm-id=\"in-text-traffic\" title=\"b\u00e1sicos con personalidad\" data-mrf-link=\"www.mujerhoy.com\">b\u00e1sicos con personalidad<\/a> que funcionan tanto para una adolescente como para su madre, demostrando que la moda no tiene edad, sino actitud.<\/p>\n<div class=\"v-c-cmp v-c-cmp--t1 \">\n<div class=\"v-cmp-rld v-cmp-rld--2 \">\n<div class=\"v-cnt-m v-cnt-m--m\">\n<div class=\"v-cnt-m__c\">\n<div class=\"v-cnt-m__w v-cnt-m__w--1\">\n<p class=\"v-cnt-m__t\">\nTAMBI\u00c9N TE INTERESA\n<\/p>\n<\/div>\n<\/div>\n<\/div>\n<div class=\"v-g v-g--2-c v-g--bdr-min-xs\">\n<div class=\"v-g__c \">\n<article class=\"v-a v-a--cmp-rld v-a--cmp-rld-2 v-a--p-l\">\n<div class=\"v-a-img-c\">\n<figure class=\"v-a-fig\">\n<a href=\"https:\/\/www.mujerhoy.com\/moda\/no-te-pierdas\/nuevo-sfera-basicos-tendencia-vestido-otono-20250902024336-nt.html#vtm_modulosEngag=mod-rel:moda:noticia:1:cmp:2-not\" class=\"v-a-link\" title=\"Lo nuevo de Sfera de la semana: vestidos de piel, bolsos con tachuelas y pantalones que hacen tipazo\"><br \/>\n<img loading=\"lazy\" class=\"v-a-img\" src=\"http:\/\/hoycordobaweb.com\/wp-content\/uploads\/2025\/09\/madres-e-hijas-volveran-a-llevar-este-otono-las-piezas-de-esta-firma-espanola-1.jpg\" alt=\"Lo nuevo de Sfera de la semana: vestidos de piel, bolsos con tachuelas y pantalones que hacen tipazo\"><br \/>\n<\/a><br \/>\n<\/figure>\n<\/div>\n<\/article>\n<\/div>\n<div class=\"v-g__c \">\n<article class=\"v-a v-a--cmp-rld v-a--cmp-rld-2 v-a--p-l\">\n<div class=\"v-a-img-c\">\n<figure class=\"v-a-fig\">\n<a href=\"https:\/\/www.mujerhoy.com\/belleza\/pelo\/cortes-pelo-temporada-otono-2025-segun-peluquero-20250902082707-nt.html#vtm_modulosEngag=mod-rel:moda:noticia:2:cmp:2-not\" class=\"v-a-link\" title=\"Los cortes de pelo que marcar\u00e1n la temporada de oto\u00f1o 2025 seg\u00fan un experto capilar\"><br \/>\n<img loading=\"lazy\" class=\"v-a-img\" src=\"http:\/\/hoycordobaweb.com\/wp-content\/uploads\/2025\/09\/madres-e-hijas-volveran-a-llevar-este-otono-las-piezas-de-esta-firma-espanola-2.jpg\" alt=\"Los cortes de pelo que marcar\u00e1n la temporada de oto\u00f1o 2025 seg\u00fan un experto capilar\"><br \/>\n<\/a><br \/>\n<\/figure>\n<\/div>\n<\/article>\n<\/div>\n<\/div>\n<\/div>\n<\/div>\n<p><h3 class=\"v-cmp-suh\">\nLas prendas clave de la temporada<br \/>\n<\/h3>\n<\/p>\n<p class=\"voc-paragraph\">La <strong>colecci\u00f3n de Algo Bonito<\/strong> para este oto\u00f1o est\u00e1 pensada para adaptarse a diferentes estilos y edades, con un mismo denominador com\u00fan: la comodidad que no renuncia a la tendencia. Son prendas vers\u00e1tiles, f\u00e1ciles de combinar y con ese <strong>aire desenfadado<\/strong> que caracteriza a la firma. Estas son las piezas que m\u00e1s se van a llevar en los pr\u00f3ximos meses y que madres e hijas podr\u00e1n compartir sin dudarlo.<\/p>\n<div class=\"v-c-cmp \">\n<div class=\"v-cmp-m v-cmp-m--t1\">\n<article class=\"v-a v-a--cmp-m v-c-cmp--m-p\">\n<div class=\"v-a-img-c v-a-img-c--fw-xs\">\n<div class=\"v-a-fig\">\n<div class=\"v-a-link\">\n<img loading=\"lazy\" src=\"http:\/\/hoycordobaweb.com\/wp-content\/uploads\/2025\/09\/madres-e-hijas-volveran-a-llevar-este-otono-las-piezas-de-esta-firma-espanola-3.jpg\" class=\"v-a-img\" width=\"650\" height=\"975\" alt=\"Blazer de punto en granate de Algo Bonito.\" data-voc-vtm-id=\"in-text-traffic\">\n<\/div><figcaption class=\"v-fc\">\n<span class=\"v-fc__t\"><br \/>\nBlazer de punto en granate de Algo Bonito.<br \/>\n<\/span><br \/>\n<span class=\"v-fc__p\"><br \/>\nAlgo Bonito.<br \/>\n<\/span><br \/>\n<\/figcaption><\/div>\n<\/div>\n<\/article>\n<\/div>\n<\/div>\n<p><h3 class=\"v-cmp-suh\">\nBlazer en color granate y tejido de punto (39,99 euros)<br \/>\n<\/h3>\n<\/p>\n<p class=\"voc-paragraph\">La llegada del oto\u00f1o trae de nuevo las prendas de punto. Un modelo sencillo y perfecto para lucir en la oficina es esta blazer con tejido de punto. Presenta un core recto, c\u00f3modo y flexible. Es de color granate y tiene una ca\u00edda muy relajada. Podr\u00e1s conseguir esta americana por 39,95 euros.<\/p>\n<div class=\"v-c-cmp \">\n<div class=\"v-cmp-m v-cmp-m--t1\">\n<article class=\"v-a v-a--cmp-m v-c-cmp--m-p\">\n<div class=\"v-a-img-c v-a-img-c--fw-xs\">\n<div class=\"v-a-fig\">\n<div class=\"v-a-link\">\n<img loading=\"lazy\" src=\"http:\/\/hoycordobaweb.com\/wp-content\/uploads\/2025\/09\/madres-e-hijas-volveran-a-llevar-este-otono-las-piezas-de-esta-firma-espanola-4.jpg\" class=\"v-a-img\" width=\"650\" height=\"975\" alt=\"Camisa de manga corta en burdeos de Algo Bonito.\" data-voc-vtm-id=\"in-text-traffic\">\n<\/div><figcaption class=\"v-fc\">\n<span class=\"v-fc__t\"><br \/>\nCamisa de manga corta en burdeos de Algo Bonito.<br \/>\n<\/span><br \/>\n<span class=\"v-fc__p\"><br \/>\nAlgo Bonito.<br \/>\n<\/span><br \/>\n<\/figcaption><\/div>\n<\/div>\n<\/article>\n<\/div>\n<\/div>\n<p><h3 class=\"v-cmp-suh\">\nCamisa de manga corta en burdeos (24,99 euros)<br \/>\n<\/h3>\n<\/p>\n<p class=\"voc-paragraph\">Aunque el oto\u00f1o cada vez est\u00e1 mas cerca, es cierto que a\u00fan las temperaturas no son tan bajas. Para estos d\u00edas puedes aprovechar a lucir una camisa de manga corta m\u00e1s fresquita como esta. Destaca por sus mangas ligeramente amplias y su color burdeos m\u00e1s oto\u00f1al.<\/p>\n<div class=\"v-c-cmp \">\n<div class=\"v-cmp-m v-cmp-m--t1\">\n<article class=\"v-a v-a--cmp-m v-c-cmp--m-p\">\n<div class=\"v-a-img-c v-a-img-c--fw-xs\">\n<div class=\"v-a-fig\">\n<div class=\"v-a-link\">\n<img loading=\"lazy\" src=\"http:\/\/hoycordobaweb.com\/wp-content\/uploads\/2025\/09\/madres-e-hijas-volveran-a-llevar-este-otono-las-piezas-de-esta-firma-espanola-5.jpg\" class=\"v-a-img\" width=\"650\" height=\"975\" alt=\"Chaleco acolchado en beis de Algo Bonito.\" data-voc-vtm-id=\"in-text-traffic\">\n<\/div><figcaption class=\"v-fc\">\n<span class=\"v-fc__t\"><br \/>\nChaleco acolchado en beis de Algo Bonito.<br \/>\n<\/span><br \/>\n<span class=\"v-fc__p\"><br \/>\nAlgo bonito<br \/>\n<\/span><br \/>\n<\/figcaption><\/div>\n<\/div>\n<\/article>\n<\/div>\n<\/div>\n<p><h3 class=\"v-cmp-suh\">\nChaleco acolchado en beis (39,99 euros)<br \/>\n<\/h3>\n<\/p>\n<p class=\"voc-paragraph\">Es hora de ir comprando prendas algo m\u00e1s abrigadas. Una pieza perfecta para el entretiempo son los chalecos. Nos encanta este dise\u00f1o acolchado en color beis de la firma Algo Bonito. Es un chaleco ajustable con bastante volumen en la zona de los hombros.<\/p>\n<div class=\"v-c-cmp \">\n<div class=\"v-cmp-m v-cmp-m--t1\">\n<article class=\"v-a v-a--cmp-m v-c-cmp--m-p\">\n<div class=\"v-a-img-c v-a-img-c--fw-xs\">\n<div class=\"v-a-fig\">\n<div class=\"v-a-link\">\n<img loading=\"lazy\" src=\"http:\/\/hoycordobaweb.com\/wp-content\/uploads\/2025\/09\/madres-e-hijas-volveran-a-llevar-este-otono-las-piezas-de-esta-firma-espanola-6.jpg\" class=\"v-a-img\" width=\"650\" height=\"975\" alt=\"Falda midi en color marr\u00f3n de Algo Bonito.\" data-voc-vtm-id=\"in-text-traffic\">\n<\/div><figcaption class=\"v-fc\">\n<span class=\"v-fc__t\"><br \/>\nFalda midi en color marr\u00f3n de Algo Bonito.<br \/>\n<\/span><br \/>\n<span class=\"v-fc__p\"><br \/>\nAlgo Bonito.<br \/>\n<\/span><br \/>\n<\/figcaption><\/div>\n<\/div>\n<\/article>\n<\/div>\n<\/div>\n<p><h3 class=\"v-cmp-suh\">\nFalda midi en color marr\u00f3n con rayas (29,99 euros)<br \/>\n<\/h3>\n<\/p>\n<p class=\"voc-paragraph\">El marr\u00f3n chocolate vuelve a convertirse una temporada m\u00e1s en el color del oto\u00f1o.Si a\u00fan no tienes nada en tu armario en este color, puedes hacerte con alguna pieza como esta falda con rayas verticales. Un dise\u00f1o fluido, de corte midi y perfecto para el entretiempo.<\/p>\n<div class=\"v-c-cmp \">\n<div class=\"v-cmp-m v-cmp-m--t1\">\n<article class=\"v-a v-a--cmp-m v-c-cmp--m-p\">\n<div class=\"v-a-img-c v-a-img-c--fw-xs\">\n<div class=\"v-a-fig\">\n<div class=\"v-a-link\">\n<img loading=\"lazy\" src=\"http:\/\/hoycordobaweb.com\/wp-content\/uploads\/2025\/09\/madres-e-hijas-volveran-a-llevar-este-otono-las-piezas-de-esta-firma-espanola-7.jpg\" class=\"v-a-img\" width=\"650\" height=\"975\" alt=\"Gabardina corta en color tostado de Algo Bonito.\" data-voc-vtm-id=\"in-text-traffic\">\n<\/div><figcaption class=\"v-fc\">\n<span class=\"v-fc__t\"><br \/>\nGabardina corta en color tostado de Algo Bonito.<br \/>\n<\/span><br \/>\n<span class=\"v-fc__p\"><br \/>\nAlgo Bonito.<br \/>\n<\/span><br \/>\n<\/figcaption><\/div>\n<\/div>\n<\/article>\n<\/div>\n<\/div>\n<p><h3 class=\"v-cmp-suh\">\nGabardina corta en color tostado (59,99 euros)<br \/>\n<\/h3>\n<\/p>\n<p class=\"voc-paragraph\">Otra chaqueta que siempre triunfa en la \u00e9poca de entretiempo es la gabardina. Da igual los a\u00f1os que pasen que esta chaqueta es una de las m\u00e1s populares. Este dise\u00f1o de Algo Bonito es corto, con cuello solapa, doble botonadura y lazada en la cintura.<\/p>\n<div class=\"v-c-cmp \">\n<div class=\"v-cmp-m v-cmp-m--t1\">\n<article class=\"v-a v-a--cmp-m v-c-cmp--m-p\">\n<div class=\"v-a-img-c v-a-img-c--fw-xs\">\n<div class=\"v-a-fig\">\n<div class=\"v-a-link\">\n<img loading=\"lazy\" src=\"http:\/\/hoycordobaweb.com\/wp-content\/uploads\/2025\/09\/madres-e-hijas-volveran-a-llevar-este-otono-las-piezas-de-esta-firma-espanola-8.jpg\" class=\"v-a-img\" width=\"650\" height=\"975\" alt=\"Jersey con rayas en beis y negro de Algo Bonito.\" data-voc-vtm-id=\"in-text-traffic\">\n<\/div><figcaption class=\"v-fc\">\n<span class=\"v-fc__t\"><br \/>\nJersey con rayas en beis y negro de Algo Bonito.<br \/>\n<\/span><br \/>\n<span class=\"v-fc__p\"><br \/>\nAlgo Bonito.<br \/>\n<\/span><br \/>\n<\/figcaption><\/div>\n<\/div>\n<\/article>\n<\/div>\n<\/div>\n<p><h3 class=\"v-cmp-suh\">\nJersey con rayas en beis y negro (32,99 euros)<br \/>\n<\/h3>\n<\/p>\n<p class=\"voc-paragraph\">La \u00e9poca de entretiempo nos trae de nuevo los jers\u00e9is de punto. Un dise\u00f1o perfecto para comenzar esta temporada son los dise\u00f1os de rayas. Este modelo con rayas bicolor se convertir\u00e1 en uno de tus favoritos. Ligero, f\u00e1cil de combinar y atemporal.<\/p>\n<div class=\"v-c-cmp \">\n<div class=\"v-cmp-m v-cmp-m--t1\">\n<article class=\"v-a v-a--cmp-m v-c-cmp--m-p\">\n<div class=\"v-a-img-c v-a-img-c--fw-xs\">\n<div class=\"v-a-fig\">\n<div class=\"v-a-link\">\n<img loading=\"lazy\" src=\"http:\/\/hoycordobaweb.com\/wp-content\/uploads\/2025\/09\/madres-e-hijas-volveran-a-llevar-este-otono-las-piezas-de-esta-firma-espanola-9.jpg\" class=\"v-a-img\" width=\"650\" height=\"975\" alt=\"Vaqueros en azul oscuro con bolsillos de Algo Bonito.\" data-voc-vtm-id=\"in-text-traffic\">\n<\/div><figcaption class=\"v-fc\">\n<span class=\"v-fc__t\"><br \/>\nVaqueros en azul oscuro con bolsillos de Algo Bonito.<br \/>\n<\/span><br \/>\n<span class=\"v-fc__p\"><br \/>\nAlgo Bonito.<br \/>\n<\/span><br \/>\n<\/figcaption><\/div>\n<\/div>\n<\/article>\n<\/div>\n<\/div>\n<p><h3 class=\"v-cmp-suh\">\nVaqueros en azul oscuro con bolsillos (49,99 euros)<br \/>\n<\/h3>\n<\/p>\n<p class=\"voc-paragraph\">Los vaqueros regresan a nuestras vidas. Despu\u00e9s de todo un verano sin usarlos, es hora de volverles a dar el protagonismo que se merecen. Un dise\u00f1o que queda \u00faper elegante en la vuelta a la oficina es este modelo de Algo Bonito. Unos vaqueros en azul oscuro, de pernera ancha, tiro alto y bolsillos laterales.<\/p>\n<div class=\"v-c-cmp \">\n<div class=\"v-cmp-m v-cmp-m--t1\">\n<article class=\"v-a v-a--cmp-m v-c-cmp--m-p\">\n<div class=\"v-a-img-c v-a-img-c--fw-xs\">\n<div class=\"v-a-fig\">\n<div class=\"v-a-link\">\n<img loading=\"lazy\" src=\"http:\/\/hoycordobaweb.com\/wp-content\/uploads\/2025\/09\/madres-e-hijas-volveran-a-llevar-este-otono-las-piezas-de-esta-firma-espanola-10.jpg\" class=\"v-a-img\" width=\"650\" height=\"975\" alt=\"Jersey con estampado de rayas de Algo Bonito.\" data-voc-vtm-id=\"in-text-traffic\">\n<\/div><figcaption class=\"v-fc\">\n<span class=\"v-fc__t\"><br \/>\nJersey con estampado de rayas de Algo Bonito.<br \/>\n<\/span><br \/>\n<span class=\"v-fc__p\"><br \/>\nAlgo Bonito.<br \/>\n<\/span><br \/>\n<\/figcaption><\/div>\n<\/div>\n<\/article>\n<\/div>\n<\/div>\n<p><h3 class=\"v-cmp-suh\">\nJersey con estampado de rayas (39,99 euros)<br \/>\n<\/h3>\n<\/p>\n<p class=\"voc-paragraph\">Un dise\u00f1o b\u00e1sico y que combina muy bien con vaqueros es este jersey de Algo Bonito. Se trata de un jersey con rayas anchas en diferentes tonalidades: azul marino, blanco y lima. Un modelo perfecto para ir c\u00f3moda y con estilo a cualquier parte.<\/p>\n<div class=\"v-c-cmp v-c-cmp--t1 \">\n<div class=\"v-cmp-rld v-cmp-rld--2 \">\n<div class=\"v-cnt-m v-cnt-m--m\">\n<div class=\"v-cnt-m__c\">\n<div class=\"v-cnt-m__w v-cnt-m__w--1\">\n<p class=\"v-cnt-m__t\">\nTAMBI\u00c9N TE INTERESA\n<\/p>\n<\/div>\n<\/div>\n<\/div>\n<div class=\"v-g v-g--2-c v-g--bdr-min-xs\">\n<div class=\"v-g__c \">\n<article class=\"v-a v-a--cmp-rld v-a--cmp-rld-2 v-a--p-l\">\n<div class=\"v-a-img-c\">\n<figure class=\"v-a-fig\">\n<a href=\"https:\/\/www.mujerhoy.com\/moda\/no-te-pierdas\/vestido-special-prices-massimo-dutti-mejor-compra-ponible-tendencia-20250901100140-nt.html#vtm_modulosEngag=mod-rel:moda:noticia:1:cmp:2-not\" class=\"v-a-link\" title=\"Este vestido de los Special Prices de Massimo Dutti es la mejor compra de la semana\"><br \/>\n<img loading=\"lazy\" class=\"v-a-img\" src=\"http:\/\/hoycordobaweb.com\/wp-content\/uploads\/2025\/09\/madres-e-hijas-volveran-a-llevar-este-otono-las-piezas-de-esta-firma-espanola-11.jpg\" alt=\"Este vestido de los Special Prices de Massimo Dutti es la mejor compra de la semana\"><br \/>\n<\/a><br \/>\n<\/figure>\n<\/div>\n<\/article>\n<\/div>\n<div class=\"v-g__c \">\n<article class=\"v-a v-a--cmp-rld v-a--cmp-rld-2 v-a--p-l\">\n<div class=\"v-a-img-c\">\n<figure class=\"v-a-fig\">\n<a href=\"https:\/\/www.mujerhoy.com\/moda\/no-te-pierdas\/nuevo-zapatos-baratos-camisas-instagram-stradivarius-20250831070312-nt.html#vtm_modulosEngag=mod-rel:moda:noticia:2:cmp:2-not\" class=\"v-a-link\" title=\"Las novedades de Stradivarius de la semana: blusas con volantes, pantalones que hacen tipazo y faldas satinadas\"><br \/>\n<img loading=\"lazy\" class=\"v-a-img\" src=\"http:\/\/hoycordobaweb.com\/wp-content\/uploads\/2025\/09\/madres-e-hijas-volveran-a-llevar-este-otono-las-piezas-de-esta-firma-espanola-12.jpg\" alt=\"Las novedades de Stradivarius de la semana: blusas con volantes, pantalones que hacen tipazo y faldas satinadas\"><br \/>\n<\/a><br \/>\n<\/figure>\n<\/div>\n<\/article>\n<\/div>\n<\/div>\n<\/div>\n<\/div>\n<div class=\"media_block\"><\/div>\n","protected":false},"excerpt":{"rendered":"<p>La complicidad entre madres e hijas se refleja tambi\u00e9n en el armario. Cada vez es m\u00e1s habitual que compartan ropa, que se presten prendas o que coincidan en marcas que gustan a ambas. Este oto\u00f1o, una de esas firmas que vuelve a enamorar a mujeres de todas las edades es Algo Bonito. Con un estilo [&hellip;]<\/p>\n","protected":false},"author":1,"featured_media":115849,"comment_status":"closed","ping_status":"closed","sticky":false,"template":"","format":"standard","meta":[],"categories":[],"tags":[],"_links":{"self":[{"href":"http:\/\/hoycordobaweb.com\/index.php\/wp-json\/wp\/v2\/posts\/115848"}],"collection":[{"href":"http:\/\/hoycordobaweb.com\/index.php\/wp-json\/wp\/v2\/posts"}],"about":[{"href":"http:\/\/hoycordobaweb.com\/index.php\/wp-json\/wp\/v2\/types\/post"}],"author":[{"embeddable":true,"href":"http:\/\/hoycordobaweb.com\/index.php\/wp-json\/wp\/v2\/users\/1"}],"replies":[{"embeddable":true,"href":"http:\/\/hoycordobaweb.com\/index.php\/wp-json\/wp\/v2\/comments?post=115848"}],"version-history":[{"count":0,"href":"http:\/\/hoycordobaweb.com\/index.php\/wp-json\/wp\/v2\/posts\/115848\/revisions"}],"wp:featuredmedia":[{"embeddable":true,"href":"http:\/\/hoycordobaweb.com\/index.php\/wp-json\/wp\/v2\/media\/115849"}],"wp:attachment":[{"href":"http:\/\/hoycordobaweb.com\/index.php\/wp-json\/wp\/v2\/media?parent=115848"}],"wp:term":[{"taxonomy":"category","embeddable":true,"href":"http:\/\/hoycordobaweb.com\/index.php\/wp-json\/wp\/v2\/categories?post=115848"},{"taxonomy":"post_tag","embeddable":true,"href":"http:\/\/hoycordobaweb.com\/index.php\/wp-json\/wp\/v2\/tags?post=115848"}],"curies":[{"name":"wp","href":"https:\/\/api.w.org\/{rel}","templated":true}]}}