{"id":11556,"date":"2021-02-01T01:22:00","date_gmt":"2021-02-01T01:22:00","guid":{"rendered":"http:\/\/hoycordobaweb.com\/index.php\/2021\/02\/01\/fallecio-la-nina-santiaguena-abigail-jimenez-que-padecia-un-cuadro-terminal\/"},"modified":"2021-02-01T01:22:00","modified_gmt":"2021-02-01T01:22:00","slug":"fallecio-la-nina-santiaguena-abigail-jimenez-que-padecia-un-cuadro-terminal","status":"publish","type":"post","link":"http:\/\/hoycordobaweb.com\/index.php\/2021\/02\/01\/fallecio-la-nina-santiaguena-abigail-jimenez-que-padecia-un-cuadro-terminal\/","title":{"rendered":"Falleci\u00f3 la ni\u00f1a santiague\u00f1a Abigail Jim\u00e9nez, que padec\u00eda un cuadro terminal"},"content":{"rendered":"<p><img src=\"http:\/\/hoycordobaweb.com\/wp-content\/uploads\/2021\/02\/fallecio-la-nina-santiaguena-abigail-jimenez-que-padecia-un-cuadro-terminal.jpg\"><\/p>\n<div class=\"image\" id=\"image\" readability=\"7\"> <img src=\"http:\/\/hoycordobaweb.com\/wp-content\/uploads\/2021\/02\/fallecio-la-nina-santiaguena-abigail-jimenez-que-padecia-un-cuadro-terminal-2.jpg\" alt=\"El cuadro de Abigail siempre fue delicado y terminal.\" title=\"El cuadro de Abigail siempre fue delicado y terminal.\"><\/p>\n<p>El cuadro de Abigail siempre fue delicado y terminal.<\/p>\n<\/div>\n<p><strong>La ni\u00f1a de 12 a\u00f1os Abigail Jim\u00e9nez falleci\u00f3 esta tarde en su vivienda del barrio San Mart\u00edn, en la ciudad santiague\u00f1a de Las Termas de R\u00edo Hondo, donde se realizar\u00e1 el velatorio, seg\u00fan fuentes allegadas a la familia.<\/strong><\/p>\n<p>Abigail, que fue noticia hace dos meses, cuando se viraliz\u00f3 la imagen de su padre &#8211;Diego- carg\u00e1ndola en brazos mientras cruzaba un control policial en el l\u00edmite entre Santiago del Estero y Tucum\u00e1n, falleci\u00f3 cerca de las 20 de este domingo, agregaron las fuentes consultadas.<\/p>\n<p>A fines del a\u00f1o pasado hab\u00eda sido internada en el hospital del ni\u00f1os de la capital santiague\u00f1a, pero \u201cAbi\u201d pidi\u00f3 a sus padres irse a la casa en Las Termas de R\u00edo Hondo, donde se dispuso que se instalara todo el equipamiento m\u00e9dico y la medicaci\u00f3n necesaria para su cuidado, con monitoreo constante.<\/p>\n<p>El cuadro de Abigail siempre fue delicado y terminal, al punto de que sus padres calificaron como \u201cun milagro\u201d haber compartido las fiestas con su hija. <\/p>\n","protected":false},"excerpt":{"rendered":"<p>El cuadro de Abigail siempre fue delicado y terminal. La ni\u00f1a de 12 a\u00f1os Abigail Jim\u00e9nez falleci\u00f3 esta tarde en su vivienda del barrio San Mart\u00edn, en la ciudad santiague\u00f1a de Las Termas de R\u00edo Hondo, donde se realizar\u00e1 el velatorio, seg\u00fan fuentes allegadas a la familia. Abigail, que fue noticia hace dos meses, cuando [&hellip;]<\/p>\n","protected":false},"author":1,"featured_media":11557,"comment_status":"open","ping_status":"closed","sticky":false,"template":"","format":"standard","meta":[],"categories":[19],"tags":[],"_links":{"self":[{"href":"http:\/\/hoycordobaweb.com\/index.php\/wp-json\/wp\/v2\/posts\/11556"}],"collection":[{"href":"http:\/\/hoycordobaweb.com\/index.php\/wp-json\/wp\/v2\/posts"}],"about":[{"href":"http:\/\/hoycordobaweb.com\/index.php\/wp-json\/wp\/v2\/types\/post"}],"author":[{"embeddable":true,"href":"http:\/\/hoycordobaweb.com\/index.php\/wp-json\/wp\/v2\/users\/1"}],"replies":[{"embeddable":true,"href":"http:\/\/hoycordobaweb.com\/index.php\/wp-json\/wp\/v2\/comments?post=11556"}],"version-history":[{"count":0,"href":"http:\/\/hoycordobaweb.com\/index.php\/wp-json\/wp\/v2\/posts\/11556\/revisions"}],"wp:featuredmedia":[{"embeddable":true,"href":"http:\/\/hoycordobaweb.com\/index.php\/wp-json\/wp\/v2\/media\/11557"}],"wp:attachment":[{"href":"http:\/\/hoycordobaweb.com\/index.php\/wp-json\/wp\/v2\/media?parent=11556"}],"wp:term":[{"taxonomy":"category","embeddable":true,"href":"http:\/\/hoycordobaweb.com\/index.php\/wp-json\/wp\/v2\/categories?post=11556"},{"taxonomy":"post_tag","embeddable":true,"href":"http:\/\/hoycordobaweb.com\/index.php\/wp-json\/wp\/v2\/tags?post=11556"}],"curies":[{"name":"wp","href":"https:\/\/api.w.org\/{rel}","templated":true}]}}