{"id":115530,"date":"2025-08-31T02:41:19","date_gmt":"2025-08-31T02:41:19","guid":{"rendered":"http:\/\/hoycordobaweb.com\/index.php\/2025\/08\/31\/velez-goleo-a-lanus-y-lanza-un-aviso-en-el-futbol-argentino-va-a-pelear-por-el-campeonato\/"},"modified":"2025-08-31T02:41:19","modified_gmt":"2025-08-31T02:41:19","slug":"velez-goleo-a-lanus-y-lanza-un-aviso-en-el-futbol-argentino-va-a-pelear-por-el-campeonato","status":"publish","type":"post","link":"http:\/\/hoycordobaweb.com\/index.php\/2025\/08\/31\/velez-goleo-a-lanus-y-lanza-un-aviso-en-el-futbol-argentino-va-a-pelear-por-el-campeonato\/","title":{"rendered":"V\u00e9lez gole\u00f3 a Lan\u00fas y lanza un aviso en el <b>f\u00fatbol argentino<\/b>: va a pelear por el campeonato"},"content":{"rendered":"<p>En Liniers, se impuso por 3 a 0 al equipo granate y manda en su zona; golazos Tom\u00e1s Galv\u00e1n y Maher Carrizo. <\/p>\n","protected":false},"excerpt":{"rendered":"<p>En Liniers, se impuso por 3 a 0 al equipo granate y manda en su zona; golazos Tom\u00e1s Galv\u00e1n y Maher Carrizo.<\/p>\n","protected":false},"author":1,"featured_media":0,"comment_status":"closed","ping_status":"closed","sticky":false,"template":"","format":"standard","meta":[],"categories":[22],"tags":[],"_links":{"self":[{"href":"http:\/\/hoycordobaweb.com\/index.php\/wp-json\/wp\/v2\/posts\/115530"}],"collection":[{"href":"http:\/\/hoycordobaweb.com\/index.php\/wp-json\/wp\/v2\/posts"}],"about":[{"href":"http:\/\/hoycordobaweb.com\/index.php\/wp-json\/wp\/v2\/types\/post"}],"author":[{"embeddable":true,"href":"http:\/\/hoycordobaweb.com\/index.php\/wp-json\/wp\/v2\/users\/1"}],"replies":[{"embeddable":true,"href":"http:\/\/hoycordobaweb.com\/index.php\/wp-json\/wp\/v2\/comments?post=115530"}],"version-history":[{"count":0,"href":"http:\/\/hoycordobaweb.com\/index.php\/wp-json\/wp\/v2\/posts\/115530\/revisions"}],"wp:attachment":[{"href":"http:\/\/hoycordobaweb.com\/index.php\/wp-json\/wp\/v2\/media?parent=115530"}],"wp:term":[{"taxonomy":"category","embeddable":true,"href":"http:\/\/hoycordobaweb.com\/index.php\/wp-json\/wp\/v2\/categories?post=115530"},{"taxonomy":"post_tag","embeddable":true,"href":"http:\/\/hoycordobaweb.com\/index.php\/wp-json\/wp\/v2\/tags?post=115530"}],"curies":[{"name":"wp","href":"https:\/\/api.w.org\/{rel}","templated":true}]}}