{"id":115369,"date":"2025-08-29T15:22:13","date_gmt":"2025-08-29T15:22:13","guid":{"rendered":"https:\/\/enfermeria.fcm.unc.edu.ar\/?p=5649"},"modified":"2025-08-29T15:22:13","modified_gmt":"2025-08-29T15:22:13","slug":"la-muestra-unc-2025-ya-esta-en-marcha-escuela-de-enfermeria","status":"publish","type":"post","link":"http:\/\/hoycordobaweb.com\/index.php\/2025\/08\/29\/la-muestra-unc-2025-ya-esta-en-marcha-escuela-de-enfermeria\/","title":{"rendered":"\u00a1La Muestra UNC 2025 ya est\u00e1 en marcha! \u2013 ESCUELA DE ENFERMER\u00cdA"},"content":{"rendered":"<p><strong>\u00a1La Muestra UNC 2025 ya est\u00e1 en marcha!<\/strong><\/p>\n<p>La Escuela de Enfermer\u00eda invita a participar el pr\u00f3ximo <strong>2, 3 y 4 de septiembre<\/strong> para vivir d\u00edas llenos de experiencias, informaci\u00f3n y actividades que te acercan a tu futuro universitario.<\/p>\n<p>Vas a poder recorrer:<\/p>\n<p>1- Escenario Central: Conocer acerca de todas las carreras de grado y tecnicaturas.<\/p>\n<p>2- Escenario Profesional: Charla con egresados\/as, y con nuestra egresada, Esp. Lic. Mar\u00eda Paula Boglione, el d\u00eda martes 2, a las 17:45 horas, en la Sala de Las Am\u00e9ricas.<\/p>\n<p>3- Escenario Interactivo: Animate a la pr\u00e1ctica de la profesi\u00f3n en el nodo interactivo junto al equipo de profesionales de Primeros Auxilios, el martes 2, a las 11 horas, en el hall de la Escuela de Enfermer\u00eda.<\/p>\n<p>4- Escenario de Participaci\u00f3n: Conoc\u00e9 lo que hacen los centros de estudiantes y la FUC.<\/p>\n<p>5- Visitas Guiadas: Camin\u00e1 por la UNC y descubr\u00ed cada rinc\u00f3n de la universidad y nuestra Escuela de Enfermer\u00eda, el d\u00eda mi\u00e9rcoles 3, a las 15 horas. Busc\u00e1 el lugar de encuentro en las carpas.<\/p>\n<p>6- Escenario UNC 360: Explor\u00e1 stands de \u00e1reas, secretar\u00edas y formaciones alternativas.<\/p>\n<p>7- Escenario Vida Universitaria: Todo sobre becas, bienestar, deportes y programas de acompa\u00f1amiento.<\/p>\n<p>Todo lo que necesit\u00e1s saber para elegir, decidir y empezar a ser parte de la UNC.<\/p>\n<p><strong>Te esperamos en la #muestraunc2025 #unc #bimo #bienestaruniversitario #unnuevocomienzo #muestraunc #orientacionvocacional<\/strong><\/p>\n<p><img loading=\"lazy\" fetchpriority=\"high\" decoding=\"async\" class=\"alignnone size-full wp-image-5650\" src=\"https:\/\/enfermeria.fcm.unc.edu.ar\/wp-content\/uploads\/sites\/15\/2025\/08\/muestra-de-carreras.jpg\" alt width=\"447\" height=\"560\" srcset=\"https:\/\/enfermeria.fcm.unc.edu.ar\/wp-content\/uploads\/sites\/15\/2025\/08\/muestra-de-carreras-200x251.jpg 200w, https:\/\/enfermeria.fcm.unc.edu.ar\/wp-content\/uploads\/sites\/15\/2025\/08\/muestra-de-carreras-239x300.jpg 239w, https:\/\/enfermeria.fcm.unc.edu.ar\/wp-content\/uploads\/sites\/15\/2025\/08\/muestra-de-carreras-400x501.jpg 400w, https:\/\/enfermeria.fcm.unc.edu.ar\/wp-content\/uploads\/sites\/15\/2025\/08\/muestra-de-carreras.jpg 447w\" sizes=\"(max-width: 447px) 100vw, 447px\"><\/p>\n","protected":false},"excerpt":{"rendered":"<p>\u00a1La Muestra UNC 2025 ya est\u00e1 en marcha! La Escuela de Enfermer\u00eda invita a participar el pr\u00f3ximo 2, 3 y 4 de septiembre para vivir d\u00edas llenos de experiencias, informaci\u00f3n y actividades que te acercan a tu futuro universitario. Vas a poder recorrer: 1- Escenario Central: Conocer acerca de todas las carreras de grado y [&hellip;]<\/p>\n","protected":false},"author":1,"featured_media":115370,"comment_status":"closed","ping_status":"closed","sticky":false,"template":"","format":"standard","meta":[],"categories":[17],"tags":[],"_links":{"self":[{"href":"http:\/\/hoycordobaweb.com\/index.php\/wp-json\/wp\/v2\/posts\/115369"}],"collection":[{"href":"http:\/\/hoycordobaweb.com\/index.php\/wp-json\/wp\/v2\/posts"}],"about":[{"href":"http:\/\/hoycordobaweb.com\/index.php\/wp-json\/wp\/v2\/types\/post"}],"author":[{"embeddable":true,"href":"http:\/\/hoycordobaweb.com\/index.php\/wp-json\/wp\/v2\/users\/1"}],"replies":[{"embeddable":true,"href":"http:\/\/hoycordobaweb.com\/index.php\/wp-json\/wp\/v2\/comments?post=115369"}],"version-history":[{"count":0,"href":"http:\/\/hoycordobaweb.com\/index.php\/wp-json\/wp\/v2\/posts\/115369\/revisions"}],"wp:featuredmedia":[{"embeddable":true,"href":"http:\/\/hoycordobaweb.com\/index.php\/wp-json\/wp\/v2\/media\/115370"}],"wp:attachment":[{"href":"http:\/\/hoycordobaweb.com\/index.php\/wp-json\/wp\/v2\/media?parent=115369"}],"wp:term":[{"taxonomy":"category","embeddable":true,"href":"http:\/\/hoycordobaweb.com\/index.php\/wp-json\/wp\/v2\/categories?post=115369"},{"taxonomy":"post_tag","embeddable":true,"href":"http:\/\/hoycordobaweb.com\/index.php\/wp-json\/wp\/v2\/tags?post=115369"}],"curies":[{"name":"wp","href":"https:\/\/api.w.org\/{rel}","templated":true}]}}