{"id":115356,"date":"2025-08-29T11:52:56","date_gmt":"2025-08-29T11:52:56","guid":{"rendered":"https:\/\/www.mujerhoy.com\/moda\/no-te-pierdas\/nuevo-vestidos-midi-colores-verano-20250829013559-nt.html"},"modified":"2025-08-29T11:52:56","modified_gmt":"2025-08-29T11:52:56","slug":"los-nuevos-vaqueros-de-los-rectos-a-los-flare-que-te-solucionaran-el-que-me-pongo","status":"publish","type":"post","link":"http:\/\/hoycordobaweb.com\/index.php\/2025\/08\/29\/los-nuevos-vaqueros-de-los-rectos-a-los-flare-que-te-solucionaran-el-que-me-pongo\/","title":{"rendered":"Los nuevos vaqueros, de los rectos a los flare, que te solucionar\u00e1n el qu\u00e9 me pongo"},"content":{"rendered":"<p><!-- AUTHOR --><\/p>\n<div class=\"voc-author-timesocial \">\n<!-- AUTHOR --><\/p>\n<div class=\"voc-author-timesocial__signature \">\n<!-- IMAGE AUTHOR -->\n<picture class=\"voc-image-signature\">\n<img class=\"voc-image-signature__img\" src=\"http:\/\/hoycordobaweb.com\/wp-content\/uploads\/2025\/08\/los-nuevos-vaqueros-de-los-rectos-a-los-flare-que-te-solucionaran-el-que-me-pongo.jpg\" alt=\"Gemma Cano\">\n<\/picture>\n<!-- INFO AUTHOR --><\/p>\n<div class=\"voc-author-timesocial__info\" data-mrf-recirculation=\"Autor\">\n<div class=\"voc-author-info\">\n<author><br \/>\n<a class=\"voc-author\" href=\"https:\/\/www.mujerhoy.com\/autor\/gemma-cano-1220.html\">Gemma Cano<\/a><br \/>\n<\/author><br \/>\n<!-- TIME --><br \/>\n<time datetime=\"2025-08-29T11:52:56Z\" data-timestamp><br \/>\nPublicado \u00b7 <span data-voc-date-modified-short> 29 de agosto de 2025, 13:52 h <\/span><br \/>\n<\/time>\n<\/div>\n<\/div>\n<\/div><\/div>\n<p><!-- COMPONENTS --><\/p>\n<p class=\"voc-paragraph\">Podr\u00edamos decir que ya conocemos cu\u00e1les ser\u00e1n <strong>las tendencias en vaqueros que dominar\u00e1n durante los pr\u00f3ximos meses<\/strong>. Aunque los b\u00e1sicos siguen siendo la apuesta segura, hay muchas alternativas que pretenden revolucionar nuestro armario de entretiempo. <\/p>\n<p class=\"voc-paragraph\">Estos <a href=\"https:\/\/www.mujerhoy.com\/moda\/no-te-pierdas\/nuevo-vestidos-midi-baratos-verano-zara-20250820081504-nt.html\" target=\"_self\" data-voc-vtm-id=\"in-text-traffic\" title=\"pantalones\" data-mrf-link=\"www.mujerhoy.com\" rel=\"noopener noreferrer\">pantalones<\/a> pueden convertirse en la opci\u00f3n perfecta para conseguir crear los mejores looks para sobrevivir a los d\u00edas de entretiempo. Una propuesta que nunca pasa de moda y que se presenta en una amplia gama de tonos, dese el azul lavado, al marr\u00f3n aceite o el \u00edndigo, que <a href=\"https:\/\/www.mujerhoy.com\/moda\/tendencias\/bolsos-xl-tendencia-comoda-elegante-complementos-otono-20240903073917-nt.html\" target=\"_self\" data-voc-vtm-id=\"in-text-traffic\" title=\"combina a la perfecci\u00f3n\" data-mrf-link=\"www.mujerhoy.com\" rel=\"noopener noreferrer\">combina a la perfecci\u00f3n<\/a> con cualquier look de tu armario.<\/p>\n<div class=\"v-c-cmp v-c-cmp--t1 \">\n<div class=\"v-cmp-rld v-cmp-rld--2 \">\n<div class=\"v-cnt-m v-cnt-m--m\">\n<div class=\"v-cnt-m__c\">\n<div class=\"v-cnt-m__w v-cnt-m__w--1\">\n<p class=\"v-cnt-m__t\">\nTAMBI\u00c9N TE INTERESA\n<\/p>\n<\/div>\n<\/div>\n<\/div>\n<div class=\"v-g v-g--2-c v-g--bdr-min-xs\">\n<div class=\"v-g__c \">\n<article class=\"v-a v-a--cmp-rld v-a--cmp-rld-2 v-a--p-l\">\n<div class=\"v-a-img-c\">\n<figure class=\"v-a-fig\">\n<a href=\"https:\/\/www.mujerhoy.com\/moda\/no-te-pierdas\/zara-vestido-midi-nuevo-basicos-primavera-20250825070605-nt.html#vtm_modulosEngag=mod-rel:moda:noticia:1:cmp:2-not\" class=\"v-a-link\" title=\"Las novedades de la semana de Zara: vestidos negros, camisas blancas y muchas propuestas que no puedes dejar escapar\"><br \/>\n<img loading=\"lazy\" class=\"v-a-img\" src=\"http:\/\/hoycordobaweb.com\/wp-content\/uploads\/2025\/08\/los-nuevos-vaqueros-de-los-rectos-a-los-flare-que-te-solucionaran-el-que-me-pongo-1.jpg\" alt=\"Las novedades de la semana de Zara: vestidos negros, camisas blancas y muchas propuestas que no puedes dejar escapar\"><br \/>\n<\/a><br \/>\n<\/figure>\n<\/div>\n<\/article>\n<\/div>\n<div class=\"v-g__c \">\n<article class=\"v-a v-a--cmp-rld v-a--cmp-rld-2 v-a--p-l\">\n<div class=\"v-a-img-c\">\n<figure class=\"v-a-fig\">\n<a href=\"https:\/\/www.mujerhoy.com\/moda\/no-te-pierdas\/basicos-otono-stradivarius-atemporales-merecen-la-pena-20250824065949-nt.html#vtm_modulosEngag=mod-rel:moda:noticia:2:cmp:2-not\" class=\"v-a-link\" title=\"Las compras de Stradivarius de la semana: b\u00e1sicos de oto\u00f1o, vestidos midi y botas de estilo cowboy\"><br \/>\n<img loading=\"lazy\" class=\"v-a-img\" src=\"http:\/\/hoycordobaweb.com\/wp-content\/uploads\/2025\/08\/los-nuevos-vaqueros-de-los-rectos-a-los-flare-que-te-solucionaran-el-que-me-pongo-2.jpg\" alt=\"Las compras de Stradivarius de la semana: b\u00e1sicos de oto\u00f1o, vestidos midi y botas de estilo cowboy\"><br \/>\n<\/a><br \/>\n<\/figure>\n<\/div>\n<\/article>\n<\/div>\n<\/div>\n<\/div>\n<\/div>\n<div class=\"v-c-cmp \">\n<div class=\"v-cmp-m v-cmp-m--t1\">\n<article class=\"v-a v-a--cmp-m v-c-cmp--m-p\">\n<div class=\"v-a-img-c v-a-img-c--fw-xs\">\n<div class=\"v-a-fig\">\n<div class=\"v-a-link\">\n<img loading=\"lazy\" src=\"http:\/\/hoycordobaweb.com\/wp-content\/uploads\/2025\/08\/los-nuevos-vaqueros-de-los-rectos-a-los-flare-que-te-solucionaran-el-que-me-pongo-3.jpg\" class=\"v-a-img\" width=\"650\" height=\"975\" alt data-voc-vtm-id=\"in-text-traffic\">\n<\/div>\n<\/div>\n<\/div>\n<\/article>\n<\/div>\n<\/div>\n<p class=\"voc-paragraph\">Una prenda que no necesita demasiados accesorios para convertir cualquier look de oto\u00f1o en el m\u00e1s favorecedor. \u00bfNo sabes d\u00f3nde encontrar los dise\u00f1os m\u00e1s bonitos de la nueva temporada? Aqu\u00ed est\u00e1n <strong>las mejores compras de los avances de temporada<\/strong> de H&amp;M, Mango o Zara.<\/p>\n<div class=\"v-c-cmp \">\n<div class=\"v-cmp-m v-cmp-m--t1\">\n<article class=\"v-a v-a--cmp-m v-c-cmp--m-p\">\n<div class=\"v-a-img-c v-a-img-c--fw-xs\">\n<div class=\"v-a-fig\">\n<div class=\"v-a-link\">\n<img loading=\"lazy\" src=\"http:\/\/hoycordobaweb.com\/wp-content\/uploads\/2025\/08\/los-nuevos-vaqueros-de-los-rectos-a-los-flare-que-te-solucionaran-el-que-me-pongo-4.jpg\" class=\"v-a-img\" width=\"650\" height=\"975\" alt=\"Vaqueros con bolsillos de H&amp;M (29,99 euros)\" data-voc-vtm-id=\"in-text-traffic\">\n<\/div><figcaption class=\"v-fc\">\n<span class=\"v-fc__t\"><br \/>\nVaqueros con bolsillos de H&amp;M (29,99 euros)<br \/>\n<\/span><br \/>\n<\/figcaption><\/div>\n<\/div>\n<\/article>\n<\/div>\n<\/div>\n<p><h3 class=\"v-cmp-suh\">\nVaqueros con bolsillos de H&amp;M (29,99 euros)<br \/>\n<\/h3>\n<\/p>\n<p class=\"voc-paragraph\">La firma sueca se ha convertido en la mejor fuente de inspiraci\u00f3n para encontrar los vaqueros que mejor sientan. Esta temporada de oto\u00f1o apuesta por los dise\u00f1os wide leg con bolsillos delanteros, que nos recuerdan a los dise\u00f1os de los a\u00f1os 70.<\/p>\n<div class=\"v-c-cmp \">\n<div class=\"v-cmp-m v-cmp-m--t1\">\n<article class=\"v-a v-a--cmp-m v-c-cmp--m-p\">\n<div class=\"v-a-img-c v-a-img-c--fw-xs\">\n<div class=\"v-a-fig\">\n<div class=\"v-a-link\">\n<img loading=\"lazy\" src=\"http:\/\/hoycordobaweb.com\/wp-content\/uploads\/2025\/08\/los-nuevos-vaqueros-de-los-rectos-a-los-flare-que-te-solucionaran-el-que-me-pongo-5.jpg\" class=\"v-a-img\" width=\"650\" height=\"975\" alt=\"Vaqueros asim\u00e9tricos de Zara (35,99 euros)\" data-voc-vtm-id=\"in-text-traffic\">\n<\/div><figcaption class=\"v-fc\">\n<span class=\"v-fc__t\"><br \/>\nVaqueros asim\u00e9tricos de Zara (35,99 euros)<br \/>\n<\/span><br \/>\n<\/figcaption><\/div>\n<\/div>\n<\/article>\n<\/div>\n<\/div>\n<p><h3 class=\"v-cmp-suh\">\nVaqueros asim\u00e9tricos de Zara (35,99 euros)<br \/>\n<\/h3>\n<\/p>\n<p class=\"voc-paragraph\">Un dise\u00f1o que lleva varias temporadas triunfando gracias a su original corte asim\u00e9trico. El llamado wide leg se ha convertido en una de las propuestas imprescindibles para crear los mejores looks de entretiempo. Este dise\u00f1o llega en cuatro lavados diferentes.<\/p>\n<div class=\"v-c-cmp \">\n<div class=\"v-cmp-m v-cmp-m--t1\">\n<article class=\"v-a v-a--cmp-m v-c-cmp--m-p\">\n<div class=\"v-a-img-c v-a-img-c--fw-xs\">\n<div class=\"v-a-fig\">\n<div class=\"v-a-link\">\n<img loading=\"lazy\" src=\"http:\/\/hoycordobaweb.com\/wp-content\/uploads\/2025\/08\/los-nuevos-vaqueros-de-los-rectos-a-los-flare-que-te-solucionaran-el-que-me-pongo-6.jpg\" class=\"v-a-img\" width=\"650\" height=\"975\" alt=\"Vaqueros con pa\u00f1uelo de Zara (35,99 euros)\" data-voc-vtm-id=\"in-text-traffic\">\n<\/div><figcaption class=\"v-fc\">\n<span class=\"v-fc__t\"><br \/>\nVaqueros con pa\u00f1uelo de Zara (35,99 euros)<br \/>\n<\/span><br \/>\n<\/figcaption><\/div>\n<\/div>\n<\/article>\n<\/div>\n<\/div>\n<p><h3 class=\"v-cmp-suh\">\nVaqueros con pa\u00f1uelo de Zara (35,99 euros)<br \/>\n<\/h3>\n<\/p>\n<p class=\"voc-paragraph\">Este tipo de prendas de entretiempo son una apuesta segura para crear los mejores looks, sea cual sea tu estilo. Este original dise\u00f1o es uno de nuestros favoritos de los avances de temporada que est\u00e1n llegando ahora mismo a las tiendas.<\/p>\n<div class=\"v-c-cmp \">\n<div class=\"v-cmp-m v-cmp-m--t1\">\n<article class=\"v-a v-a--cmp-m v-c-cmp--m-p\">\n<div class=\"v-a-img-c v-a-img-c--fw-xs\">\n<div class=\"v-a-fig\">\n<div class=\"v-a-link\">\n<img loading=\"lazy\" src=\"http:\/\/hoycordobaweb.com\/wp-content\/uploads\/2025\/08\/los-nuevos-vaqueros-de-los-rectos-a-los-flare-que-te-solucionaran-el-que-me-pongo-7.jpg\" class=\"v-a-img\" width=\"650\" height=\"975\" alt=\"Vaqueros bicolor de H&amp;M (29,99 euros)\" data-voc-vtm-id=\"in-text-traffic\">\n<\/div><figcaption class=\"v-fc\">\n<span class=\"v-fc__t\"><br \/>\nVaqueros bicolor de H&amp;M (29,99 euros)<br \/>\n<\/span><br \/>\n<\/figcaption><\/div>\n<\/div>\n<\/article>\n<\/div>\n<\/div>\n<p><h3 class=\"v-cmp-suh\">\nVaqueros bicolor de H&amp;M (29,99 euros)<br \/>\n<\/h3>\n<\/p>\n<p class=\"voc-paragraph\">Es tiempo de descubrir los dise\u00f1os m\u00e1s originales de los avances de colecci\u00f3n de oto\u00f1o. La firma sueca apuesta por una propuesta bicolor, de corte wide leg. Un par de vaqueros con los que no pasar\u00e1s desapercibida.<\/p>\n<div class=\"v-c-cmp \">\n<div class=\"v-cmp-m v-cmp-m--t1\">\n<article class=\"v-a v-a--cmp-m v-c-cmp--m-p\">\n<div class=\"v-a-img-c v-a-img-c--fw-xs\">\n<div class=\"v-a-fig\">\n<div class=\"v-a-link\">\n<img loading=\"lazy\" src=\"http:\/\/hoycordobaweb.com\/wp-content\/uploads\/2025\/08\/los-nuevos-vaqueros-de-los-rectos-a-los-flare-que-te-solucionaran-el-que-me-pongo-8.jpg\" class=\"v-a-img\" width=\"650\" height=\"975\" alt=\"Vaqueros con bolsillos de Zara (35,99 euros)\" data-voc-vtm-id=\"in-text-traffic\">\n<\/div><figcaption class=\"v-fc\">\n<span class=\"v-fc__t\"><br \/>\nVaqueros con bolsillos de Zara (35,99 euros)<br \/>\n<\/span><br \/>\n<\/figcaption><\/div>\n<\/div>\n<\/article>\n<\/div>\n<\/div>\n<p><h3 class=\"v-cmp-suh\">\nVaqueros con bolsillos de Zara (35,99 euros)<br \/>\n<\/h3>\n<\/p>\n<p class=\"voc-paragraph\">Es uno de los dise\u00f1os m\u00e1s deseados de la nueva colecci\u00f3n de la firma de Inditex. Con un corte de estilo setentero, y un color que se sale de lo habitual. Los llevar\u00e1s con tus b\u00e1sicos favoritos, como la camisa blanca.<\/p>\n<div class=\"v-c-cmp \">\n<div class=\"v-cmp-m v-cmp-m--t1\">\n<article class=\"v-a v-a--cmp-m v-c-cmp--m-p\">\n<div class=\"v-a-img-c v-a-img-c--fw-xs\">\n<div class=\"v-a-fig\">\n<div class=\"v-a-link\">\n<img loading=\"lazy\" src=\"http:\/\/hoycordobaweb.com\/wp-content\/uploads\/2025\/08\/los-nuevos-vaqueros-de-los-rectos-a-los-flare-que-te-solucionaran-el-que-me-pongo-9.jpg\" class=\"v-a-img\" width=\"650\" height=\"975\" alt=\"Vaqueros con flores de Mango (49,99 euros)\" data-voc-vtm-id=\"in-text-traffic\">\n<\/div><figcaption class=\"v-fc\">\n<span class=\"v-fc__t\"><br \/>\nVaqueros con flores de Mango (49,99 euros)<br \/>\n<\/span><br \/>\n<\/figcaption><\/div>\n<\/div>\n<\/article>\n<\/div>\n<\/div>\n<p><h3 class=\"v-cmp-suh\">\nVaqueros con flores de Mango (49,99 euros)<br \/>\n<\/h3>\n<\/p>\n<p class=\"voc-paragraph\">Un dise\u00f1o muy original, con el que conseguir\u00e1s un look muy c\u00f3modo y favorecedor. Apuesta por los bordados en forma de flor para conseguir el look m\u00e1s especial de la nueva temporada que acaba de arrancar.<\/p>\n<div class=\"v-c-cmp v-c-cmp--t1 \">\n<div class=\"v-cmp-rld v-cmp-rld--2 \">\n<div class=\"v-cnt-m v-cnt-m--m\">\n<div class=\"v-cnt-m__c\">\n<div class=\"v-cnt-m__w v-cnt-m__w--1\">\n<p class=\"v-cnt-m__t\">\nTAMBI\u00c9N TE INTERESA\n<\/p>\n<\/div>\n<\/div>\n<\/div>\n<div class=\"v-g v-g--2-c v-g--bdr-min-xs\">\n<div class=\"v-g__c \">\n<article class=\"v-a v-a--cmp-rld v-a--cmp-rld-2 v-a--p-l\">\n<div class=\"v-a-img-c\">\n<figure class=\"v-a-fig\">\n<a href=\"https:\/\/www.mujerhoy.com\/moda\/no-te-pierdas\/vestido-midi-nuevo-basicos-verano-zara-20250823100142-nt.html#vtm_modulosEngag=mod-rel:moda:noticia:1:cmp:2-not\" class=\"v-a-link\" title=\"El \u00fanico dise\u00f1o que necesitas ahora mismo es un vestido de tul (y ya lo hemos visto en Instagram)\"><br \/>\n<img loading=\"lazy\" class=\"v-a-img\" src=\"http:\/\/hoycordobaweb.com\/wp-content\/uploads\/2025\/08\/los-nuevos-vaqueros-de-los-rectos-a-los-flare-que-te-solucionaran-el-que-me-pongo-10.jpg\" alt=\"El \u00fanico dise\u00f1o que necesitas ahora mismo es un vestido de tul (y ya lo hemos visto en Instagram)\"><br \/>\n<\/a><br \/>\n<\/figure>\n<\/div>\n<\/article>\n<\/div>\n<div class=\"v-g__c \">\n<article class=\"v-a v-a--cmp-rld v-a--cmp-rld-2 v-a--p-l\">\n<div class=\"v-a-img-c\">\n<figure class=\"v-a-fig\">\n<a href=\"https:\/\/www.mujerhoy.com\/moda\/no-te-pierdas\/vestidos-baratos-primark-nuevo-basicos-verano-20250823072412-nt.html#vtm_modulosEngag=mod-rel:moda:noticia:2:cmp:2-not\" class=\"v-a-link\" title=\"Las novedades de Primark de la semana: vestidos con estampado de leopardo, bolsos de colores y vaqueros que hacen tipazo\"><br \/>\n<img loading=\"lazy\" class=\"v-a-img\" src=\"http:\/\/hoycordobaweb.com\/wp-content\/uploads\/2025\/08\/los-nuevos-vaqueros-de-los-rectos-a-los-flare-que-te-solucionaran-el-que-me-pongo-11.jpg\" alt=\"Las novedades de Primark de la semana: vestidos con estampado de leopardo, bolsos de colores y vaqueros que hacen tipazo\"><br \/>\n<\/a><br \/>\n<\/figure>\n<\/div>\n<\/article>\n<\/div>\n<\/div>\n<\/div>\n<\/div>\n<div class=\"media_block\"><\/div>\n","protected":false},"excerpt":{"rendered":"<p>Gemma Cano Publicado \u00b7 29 de agosto de 2025, 13:52 h Podr\u00edamos decir que ya conocemos cu\u00e1les ser\u00e1n las tendencias en vaqueros que dominar\u00e1n durante los pr\u00f3ximos meses. Aunque los b\u00e1sicos siguen siendo la apuesta segura, hay muchas alternativas que pretenden revolucionar nuestro armario de entretiempo. Estos pantalones pueden convertirse en la opci\u00f3n perfecta para [&hellip;]<\/p>\n","protected":false},"author":1,"featured_media":115357,"comment_status":"closed","ping_status":"closed","sticky":false,"template":"","format":"standard","meta":[],"categories":[],"tags":[],"_links":{"self":[{"href":"http:\/\/hoycordobaweb.com\/index.php\/wp-json\/wp\/v2\/posts\/115356"}],"collection":[{"href":"http:\/\/hoycordobaweb.com\/index.php\/wp-json\/wp\/v2\/posts"}],"about":[{"href":"http:\/\/hoycordobaweb.com\/index.php\/wp-json\/wp\/v2\/types\/post"}],"author":[{"embeddable":true,"href":"http:\/\/hoycordobaweb.com\/index.php\/wp-json\/wp\/v2\/users\/1"}],"replies":[{"embeddable":true,"href":"http:\/\/hoycordobaweb.com\/index.php\/wp-json\/wp\/v2\/comments?post=115356"}],"version-history":[{"count":0,"href":"http:\/\/hoycordobaweb.com\/index.php\/wp-json\/wp\/v2\/posts\/115356\/revisions"}],"wp:featuredmedia":[{"embeddable":true,"href":"http:\/\/hoycordobaweb.com\/index.php\/wp-json\/wp\/v2\/media\/115357"}],"wp:attachment":[{"href":"http:\/\/hoycordobaweb.com\/index.php\/wp-json\/wp\/v2\/media?parent=115356"}],"wp:term":[{"taxonomy":"category","embeddable":true,"href":"http:\/\/hoycordobaweb.com\/index.php\/wp-json\/wp\/v2\/categories?post=115356"},{"taxonomy":"post_tag","embeddable":true,"href":"http:\/\/hoycordobaweb.com\/index.php\/wp-json\/wp\/v2\/tags?post=115356"}],"curies":[{"name":"wp","href":"https:\/\/api.w.org\/{rel}","templated":true}]}}