{"id":115145,"date":"2025-08-26T21:13:30","date_gmt":"2025-08-26T21:13:30","guid":{"rendered":"https:\/\/ladecimaweb.com\/?p=32926"},"modified":"2025-08-26T21:13:30","modified_gmt":"2025-08-26T21:13:30","slug":"hospitalizan-a-una-nina-tras-ser-atropellada-por-un-camion","status":"publish","type":"post","link":"http:\/\/hoycordobaweb.com\/index.php\/2025\/08\/26\/hospitalizan-a-una-nina-tras-ser-atropellada-por-un-camion\/","title":{"rendered":"Hospitalizan a una ni\u00f1a tras ser atropellada por un cami\u00f3n"},"content":{"rendered":"<div class=\"boldgrid-section\">\n<div class=\"container\">\n<div class=\"row\">\n<div class=\"col-md-12 col-xs-12 col-sm-12\">\n<p class=\"\">Un servicio de emergencias traslad\u00f3 desde el sector de ruta 88 km 714 -a la altura de la localidad Malvinas Argentinas, en el departamento Col\u00f3n- hasta el Hospital de Ni\u00f1os, a una <strong>menor de 12 a\u00f1os con traumatismo de cr\u00e1neo grave<\/strong>.<\/p>\n<p class=\"\">Por causas que se tratan de establecer, la adolescente habr\u00eda resultado lesionada luego de <strong>ser embestida por un cami\u00f3n<\/strong> conducido por un hombre de 24 a\u00f1os, aparentemente<strong> mientras intentaba cruzar la ruta.<\/strong><\/p>\n<p class=\"\">Se investigan las circunstancias en las que se produjo el hecho.<\/p>\n<p class=\"\">&nbsp;<\/p>\n<div class=\"ubm_banner\"><a href=\"https:\/\/youtu.be\/h2J_ZdbxYVc\" target=\"_blank\" rel=\"dofollow noopener noreferrer\"><img src=\"http:\/\/hoycordobaweb.com\/wp-content\/uploads\/2025\/08\/hospitalizan-a-una-nina-tras-ser-atropellada-por-un-camion.gif\" alt=\"\"><\/a><\/div>\n<\/div>\n<\/div>\n<\/div>\n<\/div>\n<p>La entrada <a rel=\"nofollow\" href=\"https:\/\/ladecimaweb.com\/hospitalizan-a-una-nina-tras-ser-atropellada-por-un-camion\/\">Hospitalizan a una ni\u00f1a tras ser atropellada por un cami\u00f3n<\/a> se public\u00f3 primero en <a rel=\"nofollow\" href=\"https:\/\/ladecimaweb.com\">LaDecima<\/a>.<\/p>\n","protected":false},"excerpt":{"rendered":"<p>Un servicio de emergencias traslad\u00f3 desde el sector de ruta 88 km 714 -a la altura de la localidad Malvinas Argentinas, en el departamento Col\u00f3n- hasta el Hospital de Ni\u00f1os, a una menor de 12 a\u00f1os con traumatismo de cr\u00e1neo grave. Por causas que se tratan de establecer, la adolescente habr\u00eda resultado lesionada luego de [&hellip;]<\/p>\n","protected":false},"author":1,"featured_media":0,"comment_status":"closed","ping_status":"closed","sticky":false,"template":"","format":"standard","meta":[],"categories":[32],"tags":[],"_links":{"self":[{"href":"http:\/\/hoycordobaweb.com\/index.php\/wp-json\/wp\/v2\/posts\/115145"}],"collection":[{"href":"http:\/\/hoycordobaweb.com\/index.php\/wp-json\/wp\/v2\/posts"}],"about":[{"href":"http:\/\/hoycordobaweb.com\/index.php\/wp-json\/wp\/v2\/types\/post"}],"author":[{"embeddable":true,"href":"http:\/\/hoycordobaweb.com\/index.php\/wp-json\/wp\/v2\/users\/1"}],"replies":[{"embeddable":true,"href":"http:\/\/hoycordobaweb.com\/index.php\/wp-json\/wp\/v2\/comments?post=115145"}],"version-history":[{"count":0,"href":"http:\/\/hoycordobaweb.com\/index.php\/wp-json\/wp\/v2\/posts\/115145\/revisions"}],"wp:attachment":[{"href":"http:\/\/hoycordobaweb.com\/index.php\/wp-json\/wp\/v2\/media?parent=115145"}],"wp:term":[{"taxonomy":"category","embeddable":true,"href":"http:\/\/hoycordobaweb.com\/index.php\/wp-json\/wp\/v2\/categories?post=115145"},{"taxonomy":"post_tag","embeddable":true,"href":"http:\/\/hoycordobaweb.com\/index.php\/wp-json\/wp\/v2\/tags?post=115145"}],"curies":[{"name":"wp","href":"https:\/\/api.w.org\/{rel}","templated":true}]}}