{"id":115073,"date":"2025-08-26T20:25:14","date_gmt":"2025-08-26T20:25:14","guid":{"rendered":"http:\/\/hoycordobaweb.com\/index.php\/2025\/08\/26\/martin-menem-desmintio-ser-dueno-de-una-cuenta-fake-que-criticaba-a-santiago-caputo\/"},"modified":"2025-08-26T20:25:14","modified_gmt":"2025-08-26T20:25:14","slug":"martin-menem-desmintio-ser-dueno-de-una-cuenta-fake-que-criticaba-a-santiago-caputo","status":"publish","type":"post","link":"http:\/\/hoycordobaweb.com\/index.php\/2025\/08\/26\/martin-menem-desmintio-ser-dueno-de-una-cuenta-fake-que-criticaba-a-santiago-caputo\/","title":{"rendered":"Mart\u00edn Menem desminti\u00f3 ser due\u00f1o de una cuenta fake que criticaba a Santiago Caputo"},"content":{"rendered":"<div class=\"media_block\"><\/div>\n<div><img src=\"http:\/\/hoycordobaweb.com\/wp-content\/uploads\/2025\/08\/martin-menem-desmintio-ser-dueno-de-una-cuenta-fake-que-criticaba-a-santiago-caputo.jpg\" class=\"ff-og-image-inserted\"><\/div>\n<p>Una confusi\u00f3n en la red social X desat\u00f3 un nuevo cap\u00edtulo en las internas libertarias. Desde la cuenta @PraetorLeon, atribuida en distintos espacios a Mart\u00edn Menem, se public\u00f3 un mensaje explicando que no hab\u00eda podido asistir a la entrevista con Luis Majul y que lo har\u00eda \u201choy a partir de las 20hs\u201d. El tuit detallaba que el diputado ya hab\u00eda estado en el programa de Antonio Laje durante la ma\u00f1ana y que los problemas de agenda hab\u00edan impedido su participaci\u00f3n en Am\u00e9rica TV.<\/p>\n<p>Sin embargo, horas despu\u00e9s el propio presidente de la C\u00e1mara de Diputados sali\u00f3 a despegarse con contundencia: \u201cNo tengo nada que ver con esta cuenta. Dejen de montarse en cada operaci\u00f3n berreta por favor. Gracias\u201d, escribi\u00f3 desde su perfil oficial, @MenemMartin.<\/p>\n<p>El episodio convirti\u00f3 el nombre de Menem en tendencia en Argentina bajo la acusaci\u00f3n de haber \u201crespondido desde su cuenta fake\u201d.<\/p>\n<div class=\"subscription\" readability=\"6.683257918552\">\n<p> Esto no les gusta a los autoritarios <\/p>\n<div class=\"subscription__container\" readability=\"6.1467391304348\">\n<div class=\"subscription__text-wrapper\" readability=\"31.20652173913\">\n<p> El ejercicio del periodismo profesional y cr\u00edtico es un pilar fundamental de la democracia. Por eso molesta a quienes creen ser los due\u00f1os de la verdad. <\/p>\n<\/p><\/div><\/div><\/div>\n<p><em>En desarrollo<\/em><\/p>\n<p><em>GD<\/em><\/p>\n","protected":false},"excerpt":{"rendered":"<p>Una confusi\u00f3n en la red social X desat\u00f3 un nuevo cap\u00edtulo en las internas libertarias. Desde la cuenta @PraetorLeon, atribuida en distintos espacios a Mart\u00edn Menem, se public\u00f3 un mensaje explicando que no hab\u00eda podido asistir a la entrevista con Luis Majul y que lo har\u00eda \u201choy a partir de las 20hs\u201d. El tuit detallaba [&hellip;]<\/p>\n","protected":false},"author":1,"featured_media":115074,"comment_status":"closed","ping_status":"closed","sticky":false,"template":"","format":"standard","meta":[],"categories":[19],"tags":[],"_links":{"self":[{"href":"http:\/\/hoycordobaweb.com\/index.php\/wp-json\/wp\/v2\/posts\/115073"}],"collection":[{"href":"http:\/\/hoycordobaweb.com\/index.php\/wp-json\/wp\/v2\/posts"}],"about":[{"href":"http:\/\/hoycordobaweb.com\/index.php\/wp-json\/wp\/v2\/types\/post"}],"author":[{"embeddable":true,"href":"http:\/\/hoycordobaweb.com\/index.php\/wp-json\/wp\/v2\/users\/1"}],"replies":[{"embeddable":true,"href":"http:\/\/hoycordobaweb.com\/index.php\/wp-json\/wp\/v2\/comments?post=115073"}],"version-history":[{"count":0,"href":"http:\/\/hoycordobaweb.com\/index.php\/wp-json\/wp\/v2\/posts\/115073\/revisions"}],"wp:featuredmedia":[{"embeddable":true,"href":"http:\/\/hoycordobaweb.com\/index.php\/wp-json\/wp\/v2\/media\/115074"}],"wp:attachment":[{"href":"http:\/\/hoycordobaweb.com\/index.php\/wp-json\/wp\/v2\/media?parent=115073"}],"wp:term":[{"taxonomy":"category","embeddable":true,"href":"http:\/\/hoycordobaweb.com\/index.php\/wp-json\/wp\/v2\/categories?post=115073"},{"taxonomy":"post_tag","embeddable":true,"href":"http:\/\/hoycordobaweb.com\/index.php\/wp-json\/wp\/v2\/tags?post=115073"}],"curies":[{"name":"wp","href":"https:\/\/api.w.org\/{rel}","templated":true}]}}