{"id":115061,"date":"2025-08-25T23:22:52","date_gmt":"2025-08-25T23:22:52","guid":{"rendered":"https:\/\/www.ole.com.ar\/futbol-internacional\/joselopez-abelferreira-vitorroque-river_0_d1kHZVOXTF.html"},"modified":"2025-08-25T23:22:52","modified_gmt":"2025-08-25T23:22:52","slug":"atento-river-doblete-de-jose-lopez-para-palmeiras","status":"publish","type":"post","link":"http:\/\/hoycordobaweb.com\/index.php\/2025\/08\/25\/atento-river-doblete-de-jose-lopez-para-palmeiras\/","title":{"rendered":"Atento River: doblete de Jos\u00e9 L\u00f3pez para Palmeiras"},"content":{"rendered":"<p><img src=\"http:\/\/hoycordobaweb.com\/wp-content\/uploads\/2025\/08\/atento-river-doblete-de-jose-lopez-para-palmeiras.jpg\"><\/p>\n<p><span class=\"createDate\">25\/08\/2025 20:22hs.<\/span><time class=\"modificatedDate\" datetime=\"2025-08-25T21:02:26-03:00\"> Actualizado al 25\/08\/2025 21:02hs.<\/time><\/p>\n<div id=\"storyBody\">\n<div class=\"custom-text \" readability=\"34.504021447721\">\n<p><strong><a href=\"https:\/\/www.ole.com.ar\/tema\/jose-manuel-lopez.html\" title=\"Jos\u00e9 Man\u00fael L\u00f3pez\" alt=\"Jos\u00e9 Man\u00fael L\u00f3pez\" class=\"slug\">Jos\u00e9 L\u00f3pez<\/a><\/strong> contin\u00faa en su momento dulce con <a href=\"https:\/\/www.ole.com.ar\/tema\/palmeiras.html\" title=\"Palmeiras\" alt=\"Palmeiras\" class=\"slug\">Palmeiras<\/a>, a tres semanas de enfrentar a <strong><a href=\"https:\/\/www.ole.com.ar\/tema\/river-plate.html\" title=\"River Plate\" alt=\"River Plate\" class=\"slug\">River<\/a><\/strong> en los cuartos de final de la <strong><a href=\"https:\/\/www.ole.com.ar\/tema\/copa-libertadores.html\" title=\"Copa Libertadores\" alt=\"Copa Libertadores\" class=\"slug\">Copa Libertadores<\/a><\/strong>: <strong>el atacante marc\u00f3 un muy buen gol de zurda en el 1 a 0 del Verdao sobre Sport Recife,<\/strong> al culminar una buena jugada colectiva del equipo de Abel Ferreira. <strong>Luego, meti\u00f3 el 2 a 0, al definir de cabeza tras un centro de Vitor Roque.<\/strong> <\/p>\n<\/div>\n<div class=\"custom-text \" readability=\"35\">\n<p>El argentino acumul\u00f3 49 goles en 158 partidos desde que se sum\u00f3 de Lan\u00fas al equipo paulista. Aunque lo que lo potencia son sus \u00faltimas prestaciones: seis tantos en nueve encuentros, incluidos los dos a Universitario en Lima por los octavos de final del torneo continental. <\/p>\n<\/div>\n<div class=\"custom-text \" readability=\"35\">\n<p>Jos\u00e9 tambi\u00e9n tuvo otras chances: un cabezazo se le fue por arriba del travesa\u00f1o. Adem\u00e1s, en una pelota a\u00e9rea tuvo un choque con el arquero Gabriel y su rival perdi\u00f3 sangre por la nariz (la atenci\u00f3n m\u00e9dica le permiti\u00f3 terminar el partido). <\/p>\n<\/div>\n<div class=\"custom-text \" readability=\"39\">\n<p>Esto, a la espera de que Lionel Scaloni informe el corte definitivo de la lista para la pr\u00f3xima fecha de Eliminatorias: el Flaco est\u00e1 nominado a la espera de la definici\u00f3n. La Selecci\u00f3n Argentina enfrentar\u00e1 a Venezuela, de local, y a Ecuador de visitante, antes de los cruces entre Palmeiras y River.<\/p>\n<\/div>\n<div class=\"custom-text \" readability=\"33\">\n<p>El 3 a 0 definitivo fue del zaguero Gustavo G\u00f3mez: <strong>el paraguayo defini\u00f3 de cabeza una muy buena jugada preparada tras un c\u00f3rner. <\/strong>El cuerpo t\u00e9cnico de River debe verla para evitar que repitan.<\/p>\n<\/div>\n<div class=\"custom-text \" readability=\"36.334661354582\">\n<p>Gyan ingres\u00f3 en el segundo tiempo para Palmeiras, lo mismo que el paraguayo Ram\u00f3n Sosa, ex Talleres de C\u00f3rdoba. El partido ante Sport Recife fue por el <a href=\"https:\/\/www.ole.com.ar\/tema\/brasileirao.html\" title=\"brasileirao\" alt=\"brasileirao\" class=\"slug\">Brasileirao<\/a>: Palmeiras sum\u00f3 42 puntos en 19 fechas, una unidad por debajo del l\u00edder, Flamengo.<\/p>\n<\/div>\n<p><h2><strong>Mir\u00e1 el primer gol de Jos\u00e9 L\u00f3pez<\/strong><\/h2>\n<\/p>\n<div class=\"sc-3c5a76cc-1 idjLTd\" readability=\"6.5\">\n<div class=\"sc-e8b2828-0 fBmEJc\" type=\"embed\">\n<div class=\"sc-e8b2828-1 iPLbWT videoText\" id=\"contentTitleembedxjSU3rGx\" type=\"embed\"><svg fill=\"#ffffff\"><symbol id=\"play\" viewBox=\"0 0 512 512\"><path d=\"M512 256C512 397.4 397.4 512 256 512C114.6 512 0 397.4 0 256C0 114.6 114.6 0 256 0C397.4 0 512 114.6 512 256zM176 168V344C176 352.7 180.7 360.7 188.3 364.9C195.8 369.2 205.1 369 212.5 364.5L356.5 276.5C363.6 272.1 368 264.4 368 256C368 247.6 363.6 239.9 356.5 235.5L212.5 147.5C205.1 142.1 195.8 142.8 188.3 147.1C180.7 151.3 176 159.3 176 168V168z\" \/><\/symbol><use xlink:href=\"#play\" \/><\/svg><\/p>\n<div class=\"right\">\n<p>Jos\u00e9 L\u00f3pez<!-- --> &#8211; <span>&nbsp;<\/span><\/p>\n<h2 class=\"title-vid\">Jos\u00e9 L\u00f3pez puso en ventaja a Palmeiras<\/h2>\n<\/div>\n<\/div>\n<p><span class=\"back\" id=\"spanBackembedxjSU3rGx\"><\/span><\/div>\n<div class=\"JWvideoNota_title\" readability=\"8\">\n<p>El argentino marc\u00f3 el 1 a 0 ante Sport Recife para el rival de River en la Libertadores. Fuente: Globoesporte.<\/p>\n<\/div>\n<\/div>\n<div class=\"sc-e7b891c4-0 ifHnQL image-embed\"><img alt=\"Los abrazos para Jos\u00e9 L\u00f3pez por el 1 a 0 (Reuters). \" loading=\"lazy\" width=\"720\" height=\"100\" decoding=\"async\" data-nimg=\"1\" src=\"http:\/\/hoycordobaweb.com\/wp-content\/uploads\/2025\/08\/atento-river-doblete-de-jose-lopez-para-palmeiras-2.jpg\"><span class=\"epigraphe\">Los abrazos para Jos\u00e9 L\u00f3pez por el 1 a 0 (Reuters). <\/span><\/div>\n<p><h2><strong>Mir\u00e1 el segundo gol del Flaco L\u00f3pez<\/strong><\/h2>\n<\/p>\n<div class=\"sc-3c5a76cc-1 idjLTd\" readability=\"6.5\">\n<div class=\"sc-e8b2828-0 fBmEJc\" type=\"embed\">\n<div class=\"sc-e8b2828-1 iPLbWT videoText\" id=\"contentTitleembed2w075Bok\" type=\"embed\"><svg fill=\"#ffffff\"><symbol id=\"play\" viewBox=\"0 0 512 512\"><path d=\"M512 256C512 397.4 397.4 512 256 512C114.6 512 0 397.4 0 256C0 114.6 114.6 0 256 0C397.4 0 512 114.6 512 256zM176 168V344C176 352.7 180.7 360.7 188.3 364.9C195.8 369.2 205.1 369 212.5 364.5L356.5 276.5C363.6 272.1 368 264.4 368 256C368 247.6 363.6 239.9 356.5 235.5L212.5 147.5C205.1 142.1 195.8 142.8 188.3 147.1C180.7 151.3 176 159.3 176 168V168z\" \/><\/symbol><use xlink:href=\"#play\" \/><\/svg><\/p>\n<div class=\"right\">\n<p>Palmeiras<!-- --> &#8211; <span>&nbsp;<\/span><\/p>\n<h2 class=\"title-vid\">El segundo gol del Flaco L\u00f3pez para Palmeiras<\/h2>\n<\/div>\n<\/div>\n<p><span class=\"back\" id=\"spanBackembed2w075Bok\"><\/span><\/div>\n<div class=\"JWvideoNota_title\" readability=\"8\">\n<p>De cabeza, el argentino marc\u00f3 el 2 a 0 ante Sport Recife.<\/p>\n<\/div>\n<\/div>\n<div class=\"sc-e7b891c4-0 ifHnQL image-embed\"><img alt=\"Vitor Roque en Palmerias contra Sport Recife (Reuters).\" loading=\"lazy\" width=\"720\" height=\"100\" decoding=\"async\" data-nimg=\"1\" src=\"http:\/\/hoycordobaweb.com\/wp-content\/uploads\/2025\/08\/atento-river-doblete-de-jose-lopez-para-palmeiras-3.jpg\"><span class=\"epigraphe\">Vitor Roque en Palmerias contra Sport Recife (Reuters).<\/span><\/div>\n<div class=\"sc-a7166897-0 eoLsBE\" readability=\"6\">\n<section readability=\"2\"><picture><img alt=\"El anuncio de la Conmebol para los cuartos de final de las dos Copas\" loading=\"lazy\" width=\"290\" height=\"290\" decoding=\"async\" data-nimg=\"1\" src=\"http:\/\/hoycordobaweb.com\/wp-content\/uploads\/2025\/08\/atento-river-doblete-de-jose-lopez-para-palmeiras-4.jpg\"><\/picture>\n<p><span>Mir\u00e1 tambi\u00e9n<\/span><\/p>\n<hr>\n<h3>El anuncio de la Conmebol para los cuartos de final de las dos Copas<\/h3>\n<\/p>\n<\/section>\n<\/div>\n<div class=\"sc-a7166897-0 eoLsBE\" readability=\"6.5\">\n<section readability=\"3\"><picture><img alt=\"La lucha por entrar a las copas: qui\u00e9nes ingresan a la Libertadores y la Sudamericana\" loading=\"lazy\" width=\"290\" height=\"290\" decoding=\"async\" data-nimg=\"1\" src=\"http:\/\/hoycordobaweb.com\/wp-content\/uploads\/2025\/08\/atento-river-doblete-de-jose-lopez-para-palmeiras-5.jpg\"><\/picture>\n<p><span>Mir\u00e1 tambi\u00e9n<\/span><\/p>\n<hr>\n<h3>La lucha por entrar a las copas: qui\u00e9nes ingresan a la Libertadores y la Sudamericana<\/h3>\n<\/p>\n<\/section>\n<\/div>\n<\/div>\n","protected":false},"excerpt":{"rendered":"<p>25\/08\/2025 20:22hs. Actualizado al 25\/08\/2025 21:02hs. Jos\u00e9 L\u00f3pez contin\u00faa en su momento dulce con Palmeiras, a tres semanas de enfrentar a River en los cuartos de final de la Copa Libertadores: el atacante marc\u00f3 un muy buen gol de zurda en el 1 a 0 del Verdao sobre Sport Recife, al culminar una buena jugada [&hellip;]<\/p>\n","protected":false},"author":1,"featured_media":115062,"comment_status":"open","ping_status":"closed","sticky":false,"template":"","format":"standard","meta":[],"categories":[16],"tags":[],"_links":{"self":[{"href":"http:\/\/hoycordobaweb.com\/index.php\/wp-json\/wp\/v2\/posts\/115061"}],"collection":[{"href":"http:\/\/hoycordobaweb.com\/index.php\/wp-json\/wp\/v2\/posts"}],"about":[{"href":"http:\/\/hoycordobaweb.com\/index.php\/wp-json\/wp\/v2\/types\/post"}],"author":[{"embeddable":true,"href":"http:\/\/hoycordobaweb.com\/index.php\/wp-json\/wp\/v2\/users\/1"}],"replies":[{"embeddable":true,"href":"http:\/\/hoycordobaweb.com\/index.php\/wp-json\/wp\/v2\/comments?post=115061"}],"version-history":[{"count":0,"href":"http:\/\/hoycordobaweb.com\/index.php\/wp-json\/wp\/v2\/posts\/115061\/revisions"}],"wp:featuredmedia":[{"embeddable":true,"href":"http:\/\/hoycordobaweb.com\/index.php\/wp-json\/wp\/v2\/media\/115062"}],"wp:attachment":[{"href":"http:\/\/hoycordobaweb.com\/index.php\/wp-json\/wp\/v2\/media?parent=115061"}],"wp:term":[{"taxonomy":"category","embeddable":true,"href":"http:\/\/hoycordobaweb.com\/index.php\/wp-json\/wp\/v2\/categories?post=115061"},{"taxonomy":"post_tag","embeddable":true,"href":"http:\/\/hoycordobaweb.com\/index.php\/wp-json\/wp\/v2\/tags?post=115061"}],"curies":[{"name":"wp","href":"https:\/\/api.w.org\/{rel}","templated":true}]}}