{"id":115053,"date":"2025-08-26T02:47:12","date_gmt":"2025-08-26T02:47:12","guid":{"rendered":"https:\/\/www.ole.com.ar\/river-plate\/marcelo-gallardo-river-lanus-conferencia-prensa-suspension_0_iWEWzf3Vsx.html"},"modified":"2025-08-26T02:47:12","modified_gmt":"2025-08-26T02:47:12","slug":"marcelo-gallardo-suspendio-la-conferencia-de-prensa-luego-del-empate-agonico-de-lanus","status":"publish","type":"post","link":"http:\/\/hoycordobaweb.com\/index.php\/2025\/08\/26\/marcelo-gallardo-suspendio-la-conferencia-de-prensa-luego-del-empate-agonico-de-lanus\/","title":{"rendered":"Marcelo Gallardo suspendi\u00f3 la conferencia de prensa luego del empate ag\u00f3nico de Lan\u00fas"},"content":{"rendered":"<p><img src=\"http:\/\/hoycordobaweb.com\/wp-content\/uploads\/2025\/08\/marcelo-gallardo-suspendio-la-conferencia-de-prensa-luego-del-empate-agonico-de-lanus.jpg\"><\/p>\n<p><span class=\"createDate\">25\/08\/2025 23:47hs.<\/span><time class=\"modificatedDate\" datetime=\"2025-08-26T00:16:42-03:00\"> Actualizado al 26\/08\/2025 00:16hs.<\/time><\/p>\n<div id=\"storyBody\">\n<div class=\"custom-text \" readability=\"35.8163507109\">\n<p>La cara de<strong><a href=\"https:\/\/www.ole.com.ar\/tema\/marcelo-gallardo.html\" title=\"Marcelo Gallardo\" alt=\"Marcelo Gallardo\" class=\"slug\"> Marcelo Gallardo<\/a><\/strong> lo dice todo: esa \u00faltima jugada del partido, en la que su <strong><a href=\"https:\/\/www.ole.com.ar\/tema\/river-plate.html\" title=\"River Plate\" alt=\"River Plate\" class=\"slug\">River <\/a><\/strong>no pudo aguantar la pelota y se desdobl\u00f3 mal en la marca para que Rodrigo Castillo empatara ag\u00f3nicamente el score para <strong><a href=\"https:\/\/www.ole.com.ar\/tema\/lanus.html\" title=\"Lan\u00fas\" alt=\"Lan\u00fas\" class=\"slug\">Lan\u00fas<\/a><\/strong>, dej\u00f3 en el Mu\u00f1eco un mal sabor de boca:<strong> r\u00e1pidamente puntualiz\u00f3 esos errores en una lectura en caliente con el propio Mat\u00edas Biscay al borde del campo de juego.<\/strong> Tan disgustado habr\u00e1 quedado el Mu\u00f1eco con esa \u00faltima acci\u00f3n que le sac\u00f3 a su equipo un triunfo que ten\u00eda en el bolsillo que \u00e9se fue el \u00fanico an\u00e1lisis que dej\u00f3 ver para las c\u00e1maras de la transmisi\u00f3n del partido: <strong>y es que media hora despu\u00e9s los hombres de comunicaci\u00f3n del plantel informaron que la decisi\u00f3n del entrenador era no hablar en una conferencia de prensa<\/strong> que ya estaba preparada para que MG se sentara antes que Mauricio Pellegrino.<\/p>\n<\/div>\n<div class=\"sc-e7b891c4-0 ifHnQL image-embed\"><img alt=\"El gesto de Gallardo a Biscay: Galarza debi\u00f3 ir con el hombro en la previa del foul a favor de Lan\u00fas.\" loading=\"lazy\" width=\"720\" height=\"100\" decoding=\"async\" data-nimg=\"1\" src=\"http:\/\/hoycordobaweb.com\/wp-content\/uploads\/2025\/08\/marcelo-gallardo-suspendio-la-conferencia-de-prensa-luego-del-empate-agonico-de-lanus-2.jpg\"><span class=\"epigraphe\">El gesto de Gallardo a Biscay: Galarza debi\u00f3 ir con el hombro en la previa del foul a favor de Lan\u00fas.<\/span><\/div>\n<div class=\"custom-text \" readability=\"40\">\n<p><strong>No es habitual que Gallardo suspenda sus ruedas de prensa despu\u00e9s de los partidos<\/strong>, a\u00fan con resultados adversos, pero tal vez en este caso se entienda una calentura que se extendi\u00f3 de aquella \u00faltima jugada: <strong>muy transparente, el Mu\u00f1eco habr\u00e1 querido cuidarse para no decir nada inconveniente. <\/strong>Especialmente despu\u00e9s de una conferencia post pase a cuartos de final de la Copa Libertadores por penales contra Libertad en la que el t\u00e9cnico dej\u00f3 la sala abruptamente despu\u00e9s de apenas tres preguntas, algo molesto con la \u00faltima consulta (si le preocupaba el bajo rendimiento del CARP en el segundo tiempo contra los paraguayos) que le gener\u00f3 un contrapunto con el periodista Rodrigo Ancora, de DSports.<\/p>\n<\/div>\n<div class=\"sc-e7b891c4-0 ifHnQL image-embed\"><img alt=\"Foto Marcelo Carroll\" loading=\"lazy\" width=\"720\" height=\"100\" decoding=\"async\" data-nimg=\"1\" src=\"http:\/\/hoycordobaweb.com\/wp-content\/uploads\/2025\/08\/marcelo-gallardo-suspendio-la-conferencia-de-prensa-luego-del-empate-agonico-de-lanus-3.jpg\"><span class=\"epigraphe\">Foto Marcelo Carroll<\/span><\/div>\n<div class=\"custom-text \" readability=\"47\">\n<p><strong>Desde su regreso al club hace poco m\u00e1s de un a\u00f1o, es la tercera vez que el Mu\u00f1eco suspende una conferencia.<\/strong> Una vez despu\u00e9s de un flojo empate 0-0 ante San Lorenzo en el Nuevo Gas\u00f3metro en febrero de este a\u00f1o por un estado febril y la otra, en abril, luego de otra parda sin brillo, 1-1, contra Sarmiento en Jun\u00edn.<strong> Esta vez en el Sur, como en aquella \u00faltima en el Eva Per\u00f3n, el t\u00e9cnico no tuvo ganas de dar declaraciones. <\/strong>En todo caso, se guardar\u00e1 las sensaciones de este tramo del semestre de su equipo para este jueves, en el Malvinas de Mendoza, cuando el CARP vuelva a ver acci\u00f3n por Copa Argentina contra Uni\u00f3n.<strong> Anoche decidi\u00f3 hablar en la cancha: su gesto del final, negando con la cabeza tras el gol de Castillo, lo dijo todo&#8230;<\/strong><\/p>\n<\/div>\n<\/div>\n","protected":false},"excerpt":{"rendered":"<p>25\/08\/2025 23:47hs. Actualizado al 26\/08\/2025 00:16hs. La cara de Marcelo Gallardo lo dice todo: esa \u00faltima jugada del partido, en la que su River no pudo aguantar la pelota y se desdobl\u00f3 mal en la marca para que Rodrigo Castillo empatara ag\u00f3nicamente el score para Lan\u00fas, dej\u00f3 en el Mu\u00f1eco un mal sabor de boca: [&hellip;]<\/p>\n","protected":false},"author":1,"featured_media":115054,"comment_status":"open","ping_status":"closed","sticky":false,"template":"","format":"standard","meta":[],"categories":[16],"tags":[],"_links":{"self":[{"href":"http:\/\/hoycordobaweb.com\/index.php\/wp-json\/wp\/v2\/posts\/115053"}],"collection":[{"href":"http:\/\/hoycordobaweb.com\/index.php\/wp-json\/wp\/v2\/posts"}],"about":[{"href":"http:\/\/hoycordobaweb.com\/index.php\/wp-json\/wp\/v2\/types\/post"}],"author":[{"embeddable":true,"href":"http:\/\/hoycordobaweb.com\/index.php\/wp-json\/wp\/v2\/users\/1"}],"replies":[{"embeddable":true,"href":"http:\/\/hoycordobaweb.com\/index.php\/wp-json\/wp\/v2\/comments?post=115053"}],"version-history":[{"count":0,"href":"http:\/\/hoycordobaweb.com\/index.php\/wp-json\/wp\/v2\/posts\/115053\/revisions"}],"wp:featuredmedia":[{"embeddable":true,"href":"http:\/\/hoycordobaweb.com\/index.php\/wp-json\/wp\/v2\/media\/115054"}],"wp:attachment":[{"href":"http:\/\/hoycordobaweb.com\/index.php\/wp-json\/wp\/v2\/media?parent=115053"}],"wp:term":[{"taxonomy":"category","embeddable":true,"href":"http:\/\/hoycordobaweb.com\/index.php\/wp-json\/wp\/v2\/categories?post=115053"},{"taxonomy":"post_tag","embeddable":true,"href":"http:\/\/hoycordobaweb.com\/index.php\/wp-json\/wp\/v2\/tags?post=115053"}],"curies":[{"name":"wp","href":"https:\/\/api.w.org\/{rel}","templated":true}]}}