{"id":115046,"date":"2025-08-25T12:44:30","date_gmt":"2025-08-25T12:44:30","guid":{"rendered":"https:\/\/ladecimaweb.com\/?p=32913"},"modified":"2025-08-25T12:44:30","modified_gmt":"2025-08-25T12:44:30","slug":"adolescentes-roban-un-megane-y-los-detienen","status":"publish","type":"post","link":"http:\/\/hoycordobaweb.com\/index.php\/2025\/08\/25\/adolescentes-roban-un-megane-y-los-detienen\/","title":{"rendered":"Adolescentes roban un Megane y los detienen"},"content":{"rendered":"<div class=\"boldgrid-section\">\n<div class=\"container\">\n<div class=\"row\">\n<div class=\"col-md-12 col-xs-12 col-sm-12\">\n<p class=\"\">Tras un operativo que culmin\u00f3 en <strong>B\u00ba Liceo 3\u00ba Secci\u00f3n<\/strong>, personal policial procedi\u00f3 a la detenci\u00f3n de <strong>dos adolescentes de 14 y 16 a\u00f1os<\/strong>&nbsp;vinculados a la sustracci\u00f3n de un veh\u00edculo <strong>Renault Megan en B\u00ba Gral<\/strong>. <strong>Bustos<\/strong>.<\/p>\n<p class=\"\">Durante el procedimiento se logr\u00f3 recuperar el rodado mencionado y se incaut\u00f3 un juego de llaves, dos tel\u00e9fonos celulares, entre otros elementos que pertenecer\u00edan al propietario del veh\u00edculo.<\/p>\n<p class=\"\">Alertados del il\u00edcito, los efectivos realizaron un despliegue, consiguiendo interceptar a los individuos en inmediaciones de calles Gell y Obes y Rodolfo Walsh.<\/p>\n<p class=\"\">Posteriormente, los implicados y lo incautado fueron trasladados a sede policial quedando a disposici\u00f3n del magistrado interviniente.<\/p>\n<p>&nbsp;<\/p>\n<div class=\"ubm_banner\"><a href=\"https:\/\/youtu.be\/h2J_ZdbxYVc\" target=\"_blank\" rel=\"dofollow noopener noreferrer\"><img src=\"http:\/\/hoycordobaweb.com\/wp-content\/uploads\/2025\/08\/adolescentes-roban-un-megane-y-los-detienen.gif\" alt=\"\"><\/a><\/div>\n<\/div>\n<\/div>\n<\/div>\n<\/div>\n<p>La entrada <a rel=\"nofollow\" href=\"https:\/\/ladecimaweb.com\/adolescentes-roban-un-megane-y-los-detienen\/\">Adolescentes roban un Megane y los detienen<\/a> se public\u00f3 primero en <a rel=\"nofollow\" href=\"https:\/\/ladecimaweb.com\">LaDecima<\/a>.<\/p>\n","protected":false},"excerpt":{"rendered":"<p>Tras un operativo que culmin\u00f3 en B\u00ba Liceo 3\u00ba Secci\u00f3n, personal policial procedi\u00f3 a la detenci\u00f3n de dos adolescentes de 14 y 16 a\u00f1os&nbsp;vinculados a la sustracci\u00f3n de un veh\u00edculo Renault Megan en B\u00ba Gral. Bustos. Durante el procedimiento se logr\u00f3 recuperar el rodado mencionado y se incaut\u00f3 un juego de llaves, dos tel\u00e9fonos celulares, [&hellip;]<\/p>\n","protected":false},"author":1,"featured_media":0,"comment_status":"closed","ping_status":"closed","sticky":false,"template":"","format":"standard","meta":[],"categories":[32],"tags":[],"_links":{"self":[{"href":"http:\/\/hoycordobaweb.com\/index.php\/wp-json\/wp\/v2\/posts\/115046"}],"collection":[{"href":"http:\/\/hoycordobaweb.com\/index.php\/wp-json\/wp\/v2\/posts"}],"about":[{"href":"http:\/\/hoycordobaweb.com\/index.php\/wp-json\/wp\/v2\/types\/post"}],"author":[{"embeddable":true,"href":"http:\/\/hoycordobaweb.com\/index.php\/wp-json\/wp\/v2\/users\/1"}],"replies":[{"embeddable":true,"href":"http:\/\/hoycordobaweb.com\/index.php\/wp-json\/wp\/v2\/comments?post=115046"}],"version-history":[{"count":0,"href":"http:\/\/hoycordobaweb.com\/index.php\/wp-json\/wp\/v2\/posts\/115046\/revisions"}],"wp:attachment":[{"href":"http:\/\/hoycordobaweb.com\/index.php\/wp-json\/wp\/v2\/media?parent=115046"}],"wp:term":[{"taxonomy":"category","embeddable":true,"href":"http:\/\/hoycordobaweb.com\/index.php\/wp-json\/wp\/v2\/categories?post=115046"},{"taxonomy":"post_tag","embeddable":true,"href":"http:\/\/hoycordobaweb.com\/index.php\/wp-json\/wp\/v2\/tags?post=115046"}],"curies":[{"name":"wp","href":"https:\/\/api.w.org\/{rel}","templated":true}]}}