{"id":114956,"date":"2025-08-25T02:05:58","date_gmt":"2025-08-25T02:05:58","guid":{"rendered":"https:\/\/www.ole.com.ar\/futbol-internacional\/gonzalotapia-sanpablo-gol-atleticomineiro_0_pQwEt85JtS.html"},"modified":"2025-08-25T02:05:58","modified_gmt":"2025-08-25T02:05:58","slug":"en-river-no-pudo-pero-en-san-pablo-la-volvio-a-meter","status":"publish","type":"post","link":"http:\/\/hoycordobaweb.com\/index.php\/2025\/08\/25\/en-river-no-pudo-pero-en-san-pablo-la-volvio-a-meter\/","title":{"rendered":"En River no pudo pero en San Pablo la volvi\u00f3 a meter"},"content":{"rendered":"<p><img src=\"http:\/\/hoycordobaweb.com\/wp-content\/uploads\/2025\/08\/en-river-no-pudo-pero-en-san-pablo-la-volvio-a-meter.jpg\"><\/p>\n<p><time class=\"createDate\" datetime=\"2025-08-24T23:05:58-03:00\">24\/08\/2025 23:05hs.<\/time><\/p>\n<div id=\"storyBody\">\n<div class=\"custom-text \" readability=\"35.632311977716\">\n<p><strong>Gonzalo Tapia <\/strong>durante todo el primer semestre de 2025 no hab\u00eda metido un gol en <strong><a href=\"https:\/\/www.ole.com.ar\/tema\/river-plate.html\" title=\"River Plate\" alt=\"River Plate\" class=\"slug\">River<\/a><\/strong>, con 200 minutos (siete partidos) en cancha. El club de N\u00fa\u00f1ez hab\u00eda pagado 1.100.000 d\u00f3lares por el chileno, de la Universidad Cat\u00f3lica. Ante su poca continuidad fue cedido al <strong><a href=\"https:\/\/www.ole.com.ar\/tema\/sao-paulo.html\" title=\"Sao Paulo\" alt=\"Sao Paulo\" class=\"slug\">San Pablo<\/a><\/strong> y este domingo meti\u00f3 su segundo gol, de cabeza, <strong>el 2 a 0 ante <a href=\"https:\/\/www.ole.com.ar\/tema\/atletico-mineiro.html\" title=\"Atletico Mineiro\" alt=\"Atletico Mineiro\" class=\"slug\">Atl\u00e9tico Mineiro<\/a><\/strong>.<\/p>\n<\/div>\n<div class=\"custom-text \" readability=\"36\">\n<p>El atacante acumul\u00f3 siete juegos. Ya hab\u00eda marcado ante el Fluminense. <strong>En ese caso, defini\u00f3 sin arquero, Everson, en el Morumb\u00ed.<\/strong><\/p>\n<\/div>\n<p><h2><strong>Mir\u00e1 el gol de Tapia<\/strong><\/h2>\n<\/p>\n<div class=\"sc-3c5a76cc-1 idjLTd\" readability=\"7.5\">\n<div class=\"sc-e8b2828-0 fBmEJc\" type=\"embed\">\n<div class=\"sc-e8b2828-1 iPLbWT videoText\" id=\"contentTitleembed0HN3CFEz\" type=\"embed\"><svg fill=\"#ffffff\"><symbol id=\"play\" viewBox=\"0 0 512 512\"><path d=\"M512 256C512 397.4 397.4 512 256 512C114.6 512 0 397.4 0 256C0 114.6 114.6 0 256 0C397.4 0 512 114.6 512 256zM176 168V344C176 352.7 180.7 360.7 188.3 364.9C195.8 369.2 205.1 369 212.5 364.5L356.5 276.5C363.6 272.1 368 264.4 368 256C368 247.6 363.6 239.9 356.5 235.5L212.5 147.5C205.1 142.1 195.8 142.8 188.3 147.1C180.7 151.3 176 159.3 176 168V168z\" \/><\/symbol><use xlink:href=\"#play\" \/><\/svg><\/p>\n<div class=\"right\">\n<p>River Plate<!-- --> &#8211; <span>&nbsp;<\/span><\/p>\n<h2 class=\"title-vid\">El gol de Tapia para San Pablo<\/h2>\n<\/div>\n<\/div>\n<p><span class=\"back\" id=\"spanBackembed0HN3CFEz\"><\/span><\/div>\n<div class=\"JWvideoNota_title\" readability=\"10\">\n<p>El delantero, ex River, convirti\u00f3 de cabeza el 2 a 0 ante Atl\u00e9tico Mineiro, por el Brasileirao.<\/p>\n<\/div>\n<\/div>\n<div class=\"sc-e7b891c4-0 ifHnQL image-embed\"><img alt=\"Hern\u00e1n Crespo, DT del San Pablo, ante Atl\u00e9tico Mineiro.\" loading=\"lazy\" width=\"720\" height=\"100\" decoding=\"async\" data-nimg=\"1\" src=\"http:\/\/hoycordobaweb.com\/wp-content\/uploads\/2025\/08\/en-river-no-pudo-pero-en-san-pablo-la-volvio-a-meter-2.jpg\"><span class=\"epigraphe\">Hern\u00e1n Crespo, DT del San Pablo, ante Atl\u00e9tico Mineiro.<\/span><\/div>\n<div class=\"custom-text \" readability=\"35.806004618938\">\n<p>Para el San Pablo tambi\u00e9n jugaron los argentinos Alan Franco (ex Independiente) y Enzo D\u00edaz (ex River). En el equipo visitante arranc\u00f3 Fausto Vera, ex Argentinos Juniors. El 1 a 0 hab\u00eda sido de Pablo Maia. El equipo de <strong><a href=\"https:\/\/www.ole.com.ar\/tema\/hernan-crespo.html\" title=\"Hern\u00e1n Crespo\" alt=\"Hern\u00e1n Crespo\" class=\"slug\">Hern\u00e1n Crespo<\/a><\/strong> acumula 32 puntos en 21 partidos del <strong><a href=\"https:\/\/www.ole.com.ar\/tema\/brasileirao.html\" title=\"brasileirao\" alt=\"brasileirao\" class=\"slug\">Brasileirao<\/a><\/strong>, en el s\u00e9ptimo puesto, zona de clasificaci\u00f3n a la Sudamericana. En cuartos de final de la Copa Libertadores deber\u00e1 enfrentarse a Liga de Quito. <\/p>\n<\/div>\n<div class=\"custom-text \" readability=\"35\">\n<p>Para Valdanito el balance es positivo: San Pablo acumul\u00f3 ocho partidos sin perder. Recordar: Jonathan Calleri, por una rotura de ligamentos de rodilla, volver\u00e1 a jugar a principios de 2026.<\/p>\n<\/div>\n<div class=\"custom-text \" readability=\"35\">\n<p>Tapia, de 23 a\u00f1os, fue contratado a pr\u00e9stamo por San Pablo y a mediados de 2026 deber\u00eda volver a River.<\/p>\n<\/div>\n<div class=\"sc-a7166897-0 eoLsBE\" readability=\"6\">\n<section readability=\"2\"><picture><img alt=\"Vinicius J\u00fanior y un picante cruce con la gente del Real Oviedo\" loading=\"lazy\" width=\"290\" height=\"290\" decoding=\"async\" data-nimg=\"1\" src=\"http:\/\/hoycordobaweb.com\/wp-content\/uploads\/2025\/08\/en-river-no-pudo-pero-en-san-pablo-la-volvio-a-meter-3.jpg\"><\/picture>\n<p><span>Mir\u00e1 tambi\u00e9n<\/span><\/p>\n<hr>\n<h3>Vinicius J\u00fanior y un picante cruce con la gente del Real Oviedo<\/h3>\n<\/p>\n<\/section>\n<\/div>\n<div class=\"sc-a7166897-0 eoLsBE\" readability=\"6\">\n<section readability=\"2\"><picture><img alt=\"Video: Prestianni la meti\u00f3 y Otamendi lo revole\u00f3 por el aire\" loading=\"lazy\" width=\"290\" height=\"290\" decoding=\"async\" data-nimg=\"1\" src=\"http:\/\/hoycordobaweb.com\/wp-content\/uploads\/2025\/08\/en-river-no-pudo-pero-en-san-pablo-la-volvio-a-meter-4.jpg\"><\/picture>\n<p><span>Mir\u00e1 tambi\u00e9n<\/span><\/p>\n<hr>\n<h3>Video: Prestianni la meti\u00f3 y Otamendi lo revole\u00f3 por el aire<\/h3>\n<\/p>\n<\/section>\n<\/div>\n<\/div>\n","protected":false},"excerpt":{"rendered":"<p>24\/08\/2025 23:05hs. Gonzalo Tapia durante todo el primer semestre de 2025 no hab\u00eda metido un gol en River, con 200 minutos (siete partidos) en cancha. El club de N\u00fa\u00f1ez hab\u00eda pagado 1.100.000 d\u00f3lares por el chileno, de la Universidad Cat\u00f3lica. Ante su poca continuidad fue cedido al San Pablo y este domingo meti\u00f3 su segundo [&hellip;]<\/p>\n","protected":false},"author":1,"featured_media":114957,"comment_status":"open","ping_status":"closed","sticky":false,"template":"","format":"standard","meta":[],"categories":[16],"tags":[],"_links":{"self":[{"href":"http:\/\/hoycordobaweb.com\/index.php\/wp-json\/wp\/v2\/posts\/114956"}],"collection":[{"href":"http:\/\/hoycordobaweb.com\/index.php\/wp-json\/wp\/v2\/posts"}],"about":[{"href":"http:\/\/hoycordobaweb.com\/index.php\/wp-json\/wp\/v2\/types\/post"}],"author":[{"embeddable":true,"href":"http:\/\/hoycordobaweb.com\/index.php\/wp-json\/wp\/v2\/users\/1"}],"replies":[{"embeddable":true,"href":"http:\/\/hoycordobaweb.com\/index.php\/wp-json\/wp\/v2\/comments?post=114956"}],"version-history":[{"count":0,"href":"http:\/\/hoycordobaweb.com\/index.php\/wp-json\/wp\/v2\/posts\/114956\/revisions"}],"wp:featuredmedia":[{"embeddable":true,"href":"http:\/\/hoycordobaweb.com\/index.php\/wp-json\/wp\/v2\/media\/114957"}],"wp:attachment":[{"href":"http:\/\/hoycordobaweb.com\/index.php\/wp-json\/wp\/v2\/media?parent=114956"}],"wp:term":[{"taxonomy":"category","embeddable":true,"href":"http:\/\/hoycordobaweb.com\/index.php\/wp-json\/wp\/v2\/categories?post=114956"},{"taxonomy":"post_tag","embeddable":true,"href":"http:\/\/hoycordobaweb.com\/index.php\/wp-json\/wp\/v2\/tags?post=114956"}],"curies":[{"name":"wp","href":"https:\/\/api.w.org\/{rel}","templated":true}]}}