{"id":114954,"date":"2025-08-25T02:41:12","date_gmt":"2025-08-25T02:41:12","guid":{"rendered":"https:\/\/www.ole.com.ar\/opinion\/trazado-lineas-var-union-huracan-gol-convalidado-direccion-arbitraje_0_f7mc5HgNAU.html"},"modified":"2025-08-25T02:41:12","modified_gmt":"2025-08-25T02:41:12","slug":"es-tiempo-de-que-expliquen-el-trazado-de-lineas-del-var","status":"publish","type":"post","link":"http:\/\/hoycordobaweb.com\/index.php\/2025\/08\/25\/es-tiempo-de-que-expliquen-el-trazado-de-lineas-del-var\/","title":{"rendered":"Es tiempo de que expliquen el trazado de l\u00edneas del VAR"},"content":{"rendered":"<p><img src=\"http:\/\/hoycordobaweb.com\/wp-content\/uploads\/2025\/08\/es-tiempo-de-que-expliquen-el-trazado-de-lineas-del-var.jpg\"><\/p>\n<p><time class=\"createDate\" datetime=\"2025-08-24T23:41:12-03:00\">24\/08\/2025 23:41hs.<\/time><\/p>\n<div id=\"storyBody\">\n<div class=\"custom-text \" readability=\"36\">\n<p>Este domingo, el caso m\u00e1s ruidoso fue<strong> el gol con el que Uni\u00f3n le empat\u00f3 a Hurac\u00e1n<\/strong>. Ya hab\u00eda pasado hace dos semanas con uno convalidado a Barracas y otro anulado a Platense. Lo que <strong>a simple ojo parece claramente una cosa<\/strong>, con las l\u00edneas trazadas por el VAR termina resultando otra.<\/p>\n<\/div>\n<div class=\"custom-text \" readability=\"37\">\n<p>La Direcci\u00f3n de Arbitraje publica a trav\u00e9s de nuevos canales y r\u00e1pidamente su<strong> imagen con la que pretende que se termine toda discusi\u00f3n<\/strong>. Y ante dudas planteadas en un art\u00edculo period\u00edstico, respondi\u00f3 unos d\u00edas atr\u00e1s que se siguen \u201cprotocolos validados internacionalmente\u201d y que <strong>el trazado de l\u00edneas se realiza \u201ccon rigor t\u00e9cnico<\/strong>, minimizando el margen de error\u201d.<\/p>\n<\/div>\n<div class=\"custom-text \" readability=\"38\">\n<p>En esas tres jugadas, <strong>no podemos decir que se decidi\u00f3 mal<\/strong> sin los instrumentos de medici\u00f3n necesarios, y <strong>tampoco estamos convencidos de que se haya decidido bien <\/strong>porque no nos resulta claro c\u00f3mo ponen las l\u00edneas sobre la imagen. De hecho, tampoco es claro por qu\u00e9 en algunos casos las revisiones <strong>se extienden por varios minutos<\/strong> y en otros se resuelven en un abrir y cerrar de ojos.<\/p>\n<\/div>\n<div class=\"custom-text \" readability=\"39\">\n<p>Entonces, es tiempo de que hagan esa aclaraci\u00f3n:<strong> muestren en un video, paso por paso, c\u00f3mo es el proceso<\/strong> de trazado de l\u00edneas: de d\u00f3nde las sacan; c\u00f3mo las ponen sobre la imagen; c\u00f3mo determinan el punto del cuerpo m\u00e1s cercano a la l\u00ednea de fondo; <strong>con qu\u00e9 herramienta mandan la l\u00ednea al piso<\/strong> cuando miden contra una rodilla, un hombro o la pelota est\u00e1 en el aire; c\u00f3mo se determina el grosor de las l\u00edneas.<\/p>\n<\/div>\n<div class=\"custom-text \" readability=\"39\">\n<p>Cuanto con mayor claridad did\u00e1ctica <strong>sea explicado el rigor t\u00e9cnico cient\u00edfico<\/strong>, el programa aplicado y los instrumentos empleados, m\u00e1s transparente se volver\u00e1 el VAR y <strong>menos motivos habr\u00e1 para la desconfianza<\/strong>, para que se siga pensando que las trazan como se les da la gana, que <strong>se pueden manipular<\/strong> f\u00e1cilmente y que no refutan lo que uno cree ver a simple vista.<\/p>\n<\/div>\n<div class=\"sc-e7b891c4-0 ifHnQL image-embed\"><img alt=\"Primero de Barracas a Aldosivi: nadie entendi\u00f3 las l\u00edneas.\" loading=\"lazy\" width=\"720\" height=\"100\" decoding=\"async\" data-nimg=\"1\" src=\"http:\/\/hoycordobaweb.com\/wp-content\/uploads\/2025\/08\/es-tiempo-de-que-expliquen-el-trazado-de-lineas-del-var-2.jpg\"><span class=\"epigraphe\">Primero de Barracas a Aldosivi: nadie entendi\u00f3 las l\u00edneas.<\/span><\/div>\n<div class=\"sc-e7b891c4-0 ifHnQL image-embed\"><img alt=\"Gol anulado de Platense a Instituto. \u00bfQu\u00e9 evidencia es esa imagen?\" loading=\"lazy\" width=\"720\" height=\"100\" decoding=\"async\" data-nimg=\"1\" src=\"http:\/\/hoycordobaweb.com\/wp-content\/uploads\/2025\/08\/es-tiempo-de-que-expliquen-el-trazado-de-lineas-del-var-3.jpg\"><span class=\"epigraphe\">Gol anulado de Platense a Instituto. \u00bfQu\u00e9 evidencia es esa imagen?<\/span><\/div>\n<div class=\"sc-a7166897-0 eoLsBE\" readability=\"6.5\">\n<section readability=\"3\"><picture><img alt=\"La lucha por entrar a las copas: qui\u00e9nes ingresan a la Libertadores y la Sudamericana\" loading=\"lazy\" width=\"290\" height=\"290\" decoding=\"async\" data-nimg=\"1\" src=\"http:\/\/hoycordobaweb.com\/wp-content\/uploads\/2025\/08\/es-tiempo-de-que-expliquen-el-trazado-de-lineas-del-var-4.jpg\"><\/picture>\n<p><span>Mir\u00e1 tambi\u00e9n<\/span><\/p>\n<hr>\n<h3>La lucha por entrar a las copas: qui\u00e9nes ingresan a la Libertadores y la Sudamericana<\/h3>\n<\/p>\n<\/section>\n<\/div>\n<div class=\"sc-a7166897-0 eoLsBE\" readability=\"7\">\n<section readability=\"4\"><picture><img alt=\"La tabla del Clausura: Barracas sigue puntero, Boca se meti\u00f3 en puestos de playoffs y Racing qued\u00f3 ante\u00faltimo en la Zona A\" loading=\"lazy\" width=\"290\" height=\"290\" decoding=\"async\" data-nimg=\"1\" src=\"http:\/\/hoycordobaweb.com\/wp-content\/uploads\/2025\/08\/es-tiempo-de-que-expliquen-el-trazado-de-lineas-del-var-5.jpg\"><\/picture>\n<p><span>Mir\u00e1 tambi\u00e9n<\/span><\/p>\n<hr>\n<h3>La tabla del Clausura: Barracas sigue puntero, Boca se meti\u00f3 en puestos de playoffs y Racing qued\u00f3 ante\u00faltimo en la Zona A<\/h3>\n<\/p>\n<\/section>\n<\/div>\n<\/div>\n","protected":false},"excerpt":{"rendered":"<p>24\/08\/2025 23:41hs. Este domingo, el caso m\u00e1s ruidoso fue el gol con el que Uni\u00f3n le empat\u00f3 a Hurac\u00e1n. Ya hab\u00eda pasado hace dos semanas con uno convalidado a Barracas y otro anulado a Platense. Lo que a simple ojo parece claramente una cosa, con las l\u00edneas trazadas por el VAR termina resultando otra. La [&hellip;]<\/p>\n","protected":false},"author":1,"featured_media":114955,"comment_status":"open","ping_status":"closed","sticky":false,"template":"","format":"standard","meta":[],"categories":[16],"tags":[],"_links":{"self":[{"href":"http:\/\/hoycordobaweb.com\/index.php\/wp-json\/wp\/v2\/posts\/114954"}],"collection":[{"href":"http:\/\/hoycordobaweb.com\/index.php\/wp-json\/wp\/v2\/posts"}],"about":[{"href":"http:\/\/hoycordobaweb.com\/index.php\/wp-json\/wp\/v2\/types\/post"}],"author":[{"embeddable":true,"href":"http:\/\/hoycordobaweb.com\/index.php\/wp-json\/wp\/v2\/users\/1"}],"replies":[{"embeddable":true,"href":"http:\/\/hoycordobaweb.com\/index.php\/wp-json\/wp\/v2\/comments?post=114954"}],"version-history":[{"count":0,"href":"http:\/\/hoycordobaweb.com\/index.php\/wp-json\/wp\/v2\/posts\/114954\/revisions"}],"wp:featuredmedia":[{"embeddable":true,"href":"http:\/\/hoycordobaweb.com\/index.php\/wp-json\/wp\/v2\/media\/114955"}],"wp:attachment":[{"href":"http:\/\/hoycordobaweb.com\/index.php\/wp-json\/wp\/v2\/media?parent=114954"}],"wp:term":[{"taxonomy":"category","embeddable":true,"href":"http:\/\/hoycordobaweb.com\/index.php\/wp-json\/wp\/v2\/categories?post=114954"},{"taxonomy":"post_tag","embeddable":true,"href":"http:\/\/hoycordobaweb.com\/index.php\/wp-json\/wp\/v2\/tags?post=114954"}],"curies":[{"name":"wp","href":"https:\/\/api.w.org\/{rel}","templated":true}]}}