{"id":114952,"date":"2025-08-25T02:44:54","date_gmt":"2025-08-25T02:44:54","guid":{"rendered":"https:\/\/www.ole.com.ar\/independiente\/club-atletico-independiente-universidad-chile-comunicado-delincuentes-socios-derecho-admision-identificados-aprevide-libertadores-america-copa-sudamericana_0_McrRx2Br2O.html"},"modified":"2025-08-25T02:44:54","modified_gmt":"2025-08-25T02:44:54","slug":"independiente-emitio-un-fuerte-comunicado-en-el-que-informa-que-fueron-identificados-25-de-los-delincuentes-quienes-seran-expulsados-como-socios","status":"publish","type":"post","link":"http:\/\/hoycordobaweb.com\/index.php\/2025\/08\/25\/independiente-emitio-un-fuerte-comunicado-en-el-que-informa-que-fueron-identificados-25-de-los-delincuentes-quienes-seran-expulsados-como-socios\/","title":{"rendered":"Independiente emiti\u00f3 un fuerte comunicado en el que informa que \u00abfueron identificados 25 de los delincuentes\u00bb, quienes \u00abser\u00e1n expulsados como socios\u00bb"},"content":{"rendered":"<p><img src=\"http:\/\/hoycordobaweb.com\/wp-content\/uploads\/2025\/08\/independiente-emitio-un-fuerte-comunicado-en-el-que-informa-que-fueron-identificados-25-de-los-delincuentes-quienes-seran-expulsados-como-socios.jpg\"><\/p>\n<p><time class=\"createDate\" datetime=\"2025-08-24T23:44:54-03:00\">24\/08\/2025 23:44hs.<\/time><\/p>\n<div id=\"storyBody\">\n<div class=\"custom-text \" readability=\"33.346835443038\">\n<p>En el horario en que <strong><a href=\"https:\/\/www.ole.com.ar\/tema\/club-atletico-independiente.html\" title=\"Club Atl\u00e9tico Independiente\" alt=\"Club Atl\u00e9tico Independiente\" class=\"slug\">Independiente<\/a><\/strong> tendr\u00eda que haber estado recibiendo a <strong><a href=\"https:\/\/www.ole.com.ar\/tema\/platense.html\" title=\"Platense\" alt=\"Platense\" class=\"slug\">Platense<\/a><\/strong> por la sexta fecha del <strong><a href=\"https:\/\/www.ole.com.ar\/tema\/clausura-2025.html\" title=\"Clausura 2025\" alt=\"Clausura 2025\" class=\"slug\">Clausura<\/a><\/strong>, partido que no se llev\u00f3 a cabo por decisi\u00f3n de la A.Pre.Vi.De (Agencia de Prevenci\u00f3n de Violencia en el Deporte), <strong>el club sac\u00f3 un fuerte comunicado<\/strong> en el que se hizo referencia a los aberrantes hechos ocurridos durante el partido del pasado mi\u00e9rcoles frente a la <strong><a href=\"https:\/\/www.ole.com.ar\/tema\/universidad-de-chile.html\" title=\"Universidad de Chile\" alt=\"Universidad de Chile\" class=\"slug\">U de Chile<\/a><\/strong>.<\/p>\n<\/div>\n<div class=\"custom-text \" readability=\"32.581300813008\">\n<p>A trav\u00e9s de sus canales oficiales, el club de Avellaneda inform\u00f3 que <strong>\u00abya fueron identificados 25 de los delincuentes que participaron de los hechos de violencia\u00bb<\/strong> durante este encuentro de vuelta por los octavos de final de la <strong><a href=\"https:\/\/www.ole.com.ar\/tema\/copa-sudamericana.html\" title=\"Copa Sudamericana\" alt=\"Copa Sudamericana\" class=\"slug\">Copa Sudamericana<\/a><\/strong>.<\/p>\n<\/div>\n<div class=\"sc-e7b891c4-0 ifHnQL image-embed\"><img alt=\"Im\u00e1genes de la brutal golpiza (EFE).\" loading=\"lazy\" width=\"720\" height=\"100\" decoding=\"async\" data-nimg=\"1\" src=\"http:\/\/hoycordobaweb.com\/wp-content\/uploads\/2025\/08\/independiente-emitio-un-fuerte-comunicado-en-el-que-informa-que-fueron-identificados-25-de-los-delincuentes-quienes-seran-expulsados-como-socios-2.jpg\"><span class=\"epigraphe\">Im\u00e1genes de la brutal golpiza (EFE).<\/span><\/div>\n<div class=\"custom-text \" readability=\"36\">\n<p>A su vez, Independiente inform\u00f3 que este grupo de hinchas<strong> \u00abser\u00e1n expulsados como socios de manera inmediata\u00bb<\/strong> y se solicitar\u00e1 \u00abla <strong>aplicaci\u00f3n del derecho de admisi\u00f3n de por vida<\/strong>, para que nunca m\u00e1s vuelvan a pisar una cancha de f\u00fatbol\u00bb.<\/p>\n<\/div>\n<div class=\"custom-text \" readability=\"35\">\n<p>Si bien el club no inform\u00f3 los nombres de estos 25 socios del club, <strong>se estima que fueron parte del grupo de violentos que ingres\u00f3 a la tribuna en la que a\u00fan se encontraban hinchas chilenos<\/strong> y llev\u00f3 a cabo una brutal golpiza con objetos contundentes.<\/p>\n<\/div>\n<div class=\"sc-e7b891c4-0 ifHnQL image-embed\"><img alt=\"Varios hinchas de Independiente acorralaron a fan\u00e1ticos de la U (EFE).\" loading=\"lazy\" width=\"720\" height=\"100\" decoding=\"async\" data-nimg=\"1\" src=\"http:\/\/hoycordobaweb.com\/wp-content\/uploads\/2025\/08\/independiente-emitio-un-fuerte-comunicado-en-el-que-informa-que-fueron-identificados-25-de-los-delincuentes-quienes-seran-expulsados-como-socios-3.jpg\"><span class=\"epigraphe\">Varios hinchas de Independiente acorralaron a fan\u00e1ticos de la U (EFE).<\/span><\/div>\n<div class=\"custom-text \" readability=\"38\">\n<p>Por \u00faltimo, el club detall\u00f3 que \u00ablas fuerzas de seguridad avanzan en los operativos para detener a los responsables\u00bb, y se mostr\u00f3 firme explicando que<strong> \u00abno habr\u00e1 excepciones ni privilegios\u00bb, ya que \u00abquien eligi\u00f3 la violencia, eligi\u00f3 ponerse en contra de Independiente\u00bb<\/strong>.<\/p>\n<\/div>\n<p><h2><strong>El comunicado completo<\/strong><\/h2>\n<\/p>\n<div class=\"custom-text \" readability=\"37\">\n<p>El Club Atl\u00e9tico Independiente informa que, gracias a la informaci\u00f3n aportada por nuestra instituci\u00f3n y al trabajo conjunto con la A.Pre.Vi.De, ya fueron identificados 25 de los delincuentes que participaron de los hechos de violencia ocurridos en nuestro estadio durante el partido del pasado mi\u00e9rcoles.<\/p>\n<\/div>\n<div class=\"custom-text \" readability=\"38\">\n<p>Las fuerzas de seguridad avanzan en los operativos para detener a los responsables, y desde Independiente vamos a colaborar en todo lo necesario para que cada uno de ellos reciba la sanci\u00f3n que corresponde. Adem\u00e1s, ser\u00e1n expulsados como socios de manera inmediata y solicitaremos la aplicaci\u00f3n del derecho de admisi\u00f3n de por vida, para que nunca m\u00e1s vuelvan a pisar una cancha de f\u00fatbol.<\/p>\n<\/div>\n<div class=\"custom-text \" readability=\"35\">\n<p>La Comisi\u00f3n Directiva ratifica su compromiso absoluto de continuar trabajando junto con las fuerzas de seguridad y con la Justicia hasta lograr la identificaci\u00f3n de todos los implicados. No habr\u00e1 excepciones ni privilegios: quien eligi\u00f3 la violencia, eligi\u00f3 ponerse en contra de Independiente.<\/p>\n<\/div>\n<div class=\"custom-text \" readability=\"35\">\n<p>Nuestro Estadio Libertadores de Am\u00e9rica \u2013 Ricardo Enrique Bochini y cada una de nuestras instalaciones seguir\u00e1n siendo espacios de encuentro, de vinculaci\u00f3n y de pasi\u00f3n. Lugares donde los socios puedan vivir el deporte y la vida institucional con tranquilidad y amor por los colores.<\/p>\n<\/div>\n<div class=\"sc-e7b891c4-0 ifHnQL image-embed\"><img alt=\"El comunicado de Independiente (Prensa Independiente).\" loading=\"lazy\" width=\"720\" height=\"100\" decoding=\"async\" data-nimg=\"1\" src=\"http:\/\/hoycordobaweb.com\/wp-content\/uploads\/2025\/08\/independiente-emitio-un-fuerte-comunicado-en-el-que-informa-que-fueron-identificados-25-de-los-delincuentes-quienes-seran-expulsados-como-socios-4.jpg\"><span class=\"epigraphe\">El comunicado de Independiente (Prensa Independiente).<\/span><\/div>\n<p><h2><strong>Los videos del brutal ataque de la barra de Independiente<\/strong><\/h2>\n<\/p>\n<div class=\"sc-3c5a76cc-1 idjLTd\">\n<div class=\"sc-e8b2828-0 fBmEJc\" type=\"embed\">\n<div class=\"sc-e8b2828-1 iPLbWT videoText\" id=\"contentTitleembedTLJvfKIM\" type=\"embed\" readability=\"56\"><svg fill=\"#ffffff\"><symbol id=\"play\" viewBox=\"0 0 512 512\"><path d=\"M512 256C512 397.4 397.4 512 256 512C114.6 512 0 397.4 0 256C0 114.6 114.6 0 256 0C397.4 0 512 114.6 512 256zM176 168V344C176 352.7 180.7 360.7 188.3 364.9C195.8 369.2 205.1 369 212.5 364.5L356.5 276.5C363.6 272.1 368 264.4 368 256C368 247.6 363.6 239.9 356.5 235.5L212.5 147.5C205.1 142.1 195.8 142.8 188.3 147.1C180.7 151.3 176 159.3 176 168V168z\" \/><\/symbol><use xlink:href=\"#play\" \/><\/svg><\/p>\n<div class=\"right\" readability=\"7\">\n<p>Club Atl\u00e9tico Independiente<!-- --> &#8211; <span>&nbsp;<\/span><\/p>\n<h2 class=\"title-vid\">Im\u00e1genes sensibles: as\u00ed inici\u00f3 el ataque de los barras de Independiente contra la gente de U de Chile<\/h2>\n<\/div>\n<\/div>\n<p><span class=\"back\" id=\"spanBackembedTLJvfKIM\"><\/span><\/div>\n<div class=\"JWvideoNota_title\">\n<p>Video Sebasti\u00e1n Oria<\/p>\n<\/div>\n<\/div>\n<div class=\"sc-3c5a76cc-1 idjLTd\">\n<div class=\"sc-e8b2828-0 fBmEJc\" type=\"embed\">\n<div class=\"sc-e8b2828-1 iPLbWT videoText\" id=\"contentTitleembedHaxRuAGA\" type=\"embed\" readability=\"56\"><svg fill=\"#ffffff\"><symbol id=\"play\" viewBox=\"0 0 512 512\"><path d=\"M512 256C512 397.4 397.4 512 256 512C114.6 512 0 397.4 0 256C0 114.6 114.6 0 256 0C397.4 0 512 114.6 512 256zM176 168V344C176 352.7 180.7 360.7 188.3 364.9C195.8 369.2 205.1 369 212.5 364.5L356.5 276.5C363.6 272.1 368 264.4 368 256C368 247.6 363.6 239.9 356.5 235.5L212.5 147.5C205.1 142.1 195.8 142.8 188.3 147.1C180.7 151.3 176 159.3 176 168V168z\" \/><\/symbol><use xlink:href=\"#play\" \/><\/svg><\/p>\n<div class=\"right\" readability=\"7\">\n<p>Club Atl\u00e9tico Independiente<!-- --> &#8211; <span>&nbsp;<\/span><\/p>\n<h2 class=\"title-vid\">Im\u00e1genes sensibles: As\u00ed fue la golpiza de barras a de Independiente a un ni\u00f1o de la U de Chile que lo termina dejando inconsciente <\/h2>\n<\/div>\n<\/div>\n<p><span class=\"back\" id=\"spanBackembedHaxRuAGA\"><\/span><\/div>\n<\/div>\n<div class=\"sc-3c5a76cc-1 idjLTd\" readability=\"6\">\n<div class=\"sc-e8b2828-0 fBmEJc\" type=\"embed\">\n<div class=\"sc-e8b2828-1 iPLbWT videoText\" id=\"contentTitleembedKfWx51He\" type=\"embed\" readability=\"56\"><svg fill=\"#ffffff\"><symbol id=\"play\" viewBox=\"0 0 512 512\"><path d=\"M512 256C512 397.4 397.4 512 256 512C114.6 512 0 397.4 0 256C0 114.6 114.6 0 256 0C397.4 0 512 114.6 512 256zM176 168V344C176 352.7 180.7 360.7 188.3 364.9C195.8 369.2 205.1 369 212.5 364.5L356.5 276.5C363.6 272.1 368 264.4 368 256C368 247.6 363.6 239.9 356.5 235.5L212.5 147.5C205.1 142.1 195.8 142.8 188.3 147.1C180.7 151.3 176 159.3 176 168V168z\" \/><\/symbol><use xlink:href=\"#play\" \/><\/svg><\/p>\n<div class=\"right\" readability=\"7\">\n<p>Universidad de Chile<!-- --> &#8211; <span>&nbsp;<\/span><\/p>\n<h2 class=\"title-vid\">Im\u00e1genes sensibles: dos hinchas de la U caen al vac\u00edo desde la tribuna superior <\/h2>\n<\/div>\n<\/div>\n<p><span class=\"back\" id=\"spanBackembedKfWx51He\"><\/span><\/div>\n<div class=\"JWvideoNota_title\" readability=\"7\">\n<p>Ocurri\u00f3 luego que ingresaran hinchas de Independiente a la tribuna visitante<\/p>\n<\/div>\n<\/div>\n<div class=\"sc-3c5a76cc-1 idjLTd\">\n<div class=\"sc-e8b2828-0 fBmEJc vertical\" type=\"embedvertical\">\n<div class=\"sc-e8b2828-1 iPLbWT videoText\" id=\"contentTitleembedvertical10QXoTD0\" type=\"embedvertical\"><svg fill=\"#ffffff\"><symbol id=\"play\" viewBox=\"0 0 512 512\"><path d=\"M512 256C512 397.4 397.4 512 256 512C114.6 512 0 397.4 0 256C0 114.6 114.6 0 256 0C397.4 0 512 114.6 512 256zM176 168V344C176 352.7 180.7 360.7 188.3 364.9C195.8 369.2 205.1 369 212.5 364.5L356.5 276.5C363.6 272.1 368 264.4 368 256C368 247.6 363.6 239.9 356.5 235.5L212.5 147.5C205.1 142.1 195.8 142.8 188.3 147.1C180.7 151.3 176 159.3 176 168V168z\" \/><\/symbol><use xlink:href=\"#play\" \/><\/svg><\/p>\n<div class=\"right\">\n<p>Copa Sudamericana<!-- --> &#8211; <span>&nbsp;<\/span><\/p>\n<h2 class=\"title-vid\">Una persona, pr\u00e1cticamente desnuda, espera a ser asistida en la tribuna visitante del Libertadores de Am\u00e9rica<\/h2>\n<\/div>\n<\/div>\n<p><span class=\"back\" id=\"spanBackembedvertical10QXoTD0\"><\/span><\/div>\n<div class=\"JWvideoNota_title\">\n<p>Video: Ol\u00e9.<\/p>\n<\/div>\n<\/div>\n<div class=\"sc-3c5a76cc-1 idjLTd\">\n<div class=\"sc-e8b2828-0 fBmEJc vertical\" type=\"embedvertical\">\n<div class=\"sc-e8b2828-1 iPLbWT videoText\" id=\"contentTitleembedvertical5FgTFVq4\" type=\"embedvertical\"><svg fill=\"#ffffff\"><symbol id=\"play\" viewBox=\"0 0 512 512\"><path d=\"M512 256C512 397.4 397.4 512 256 512C114.6 512 0 397.4 0 256C0 114.6 114.6 0 256 0C397.4 0 512 114.6 512 256zM176 168V344C176 352.7 180.7 360.7 188.3 364.9C195.8 369.2 205.1 369 212.5 364.5L356.5 276.5C363.6 272.1 368 264.4 368 256C368 247.6 363.6 239.9 356.5 235.5L212.5 147.5C205.1 142.1 195.8 142.8 188.3 147.1C180.7 151.3 176 159.3 176 168V168z\" \/><\/symbol><use xlink:href=\"#play\" \/><\/svg><\/p>\n<div class=\"right\">\n<p>Copa Sudamericana<!-- --> &#8211; <span>&nbsp;<\/span><\/p>\n<h2 class=\"title-vid\">Hinchada entra a la cancha<\/h2>\n<\/div>\n<\/div>\n<p><span class=\"back\" id=\"spanBackembedvertical5FgTFVq4\"><\/span><\/div>\n<div class=\"JWvideoNota_title\">\n<p>Video: Ol\u00e9.\t<\/p>\n<\/div>\n<\/div>\n<div class=\"sc-a7166897-0 eoLsBE\" readability=\"6.5\">\n<section readability=\"3\"><picture><img alt=\"Dos hinchas de la U que estuvieron detenidos por los incidentes en Independiente chocaron en una ruta de Argentina\" loading=\"lazy\" width=\"290\" height=\"290\" decoding=\"async\" data-nimg=\"1\" src=\"http:\/\/hoycordobaweb.com\/wp-content\/uploads\/2025\/08\/independiente-emitio-un-fuerte-comunicado-en-el-que-informa-que-fueron-identificados-25-de-los-delincuentes-quienes-seran-expulsados-como-socios-5.jpg\"><\/picture>\n<p><span>Mir\u00e1 tambi\u00e9n<\/span><\/p>\n<hr>\n<h3>Dos hinchas de la U que estuvieron detenidos por los incidentes en Independiente chocaron en una ruta de Argentina<\/h3>\n<\/p>\n<\/section>\n<\/div>\n<div class=\"sc-a7166897-0 eoLsBE\" readability=\"6.5\">\n<section readability=\"3\"><picture><img alt=\"El salvaje relato de un hincha de la U de Chile que estuvo detenido en Argentina: &quot;Nos trataron como animales&quot;\" loading=\"lazy\" width=\"290\" height=\"290\" decoding=\"async\" data-nimg=\"1\" src=\"http:\/\/hoycordobaweb.com\/wp-content\/uploads\/2025\/08\/independiente-emitio-un-fuerte-comunicado-en-el-que-informa-que-fueron-identificados-25-de-los-delincuentes-quienes-seran-expulsados-como-socios-6.jpg\"><\/picture>\n<p><span>Mir\u00e1 tambi\u00e9n<\/span><\/p>\n<hr>\n<h3>El salvaje relato de un hincha de la U de Chile que estuvo detenido en Argentina: \u00abNos trataron como animales\u00bb<\/h3>\n<\/p>\n<\/section>\n<\/div>\n<div class=\"sc-a7166897-0 eoLsBE\" readability=\"6\">\n<section readability=\"2\"><picture><img alt=\"Independiente define su estrategia judicial y tiene dos frentes abiertos\" loading=\"lazy\" width=\"290\" height=\"290\" decoding=\"async\" data-nimg=\"1\" src=\"http:\/\/hoycordobaweb.com\/wp-content\/uploads\/2025\/08\/independiente-emitio-un-fuerte-comunicado-en-el-que-informa-que-fueron-identificados-25-de-los-delincuentes-quienes-seran-expulsados-como-socios-7.jpg\"><\/picture>\n<p><span>Mir\u00e1 tambi\u00e9n<\/span><\/p>\n<hr>\n<h3>Independiente define su estrategia judicial y tiene dos frentes abiertos<\/h3>\n<\/p>\n<\/section>\n<\/div>\n<\/div>\n","protected":false},"excerpt":{"rendered":"<p>24\/08\/2025 23:44hs. En el horario en que Independiente tendr\u00eda que haber estado recibiendo a Platense por la sexta fecha del Clausura, partido que no se llev\u00f3 a cabo por decisi\u00f3n de la A.Pre.Vi.De (Agencia de Prevenci\u00f3n de Violencia en el Deporte), el club sac\u00f3 un fuerte comunicado en el que se hizo referencia a los [&hellip;]<\/p>\n","protected":false},"author":1,"featured_media":114953,"comment_status":"open","ping_status":"closed","sticky":false,"template":"","format":"standard","meta":[],"categories":[16],"tags":[],"_links":{"self":[{"href":"http:\/\/hoycordobaweb.com\/index.php\/wp-json\/wp\/v2\/posts\/114952"}],"collection":[{"href":"http:\/\/hoycordobaweb.com\/index.php\/wp-json\/wp\/v2\/posts"}],"about":[{"href":"http:\/\/hoycordobaweb.com\/index.php\/wp-json\/wp\/v2\/types\/post"}],"author":[{"embeddable":true,"href":"http:\/\/hoycordobaweb.com\/index.php\/wp-json\/wp\/v2\/users\/1"}],"replies":[{"embeddable":true,"href":"http:\/\/hoycordobaweb.com\/index.php\/wp-json\/wp\/v2\/comments?post=114952"}],"version-history":[{"count":0,"href":"http:\/\/hoycordobaweb.com\/index.php\/wp-json\/wp\/v2\/posts\/114952\/revisions"}],"wp:featuredmedia":[{"embeddable":true,"href":"http:\/\/hoycordobaweb.com\/index.php\/wp-json\/wp\/v2\/media\/114953"}],"wp:attachment":[{"href":"http:\/\/hoycordobaweb.com\/index.php\/wp-json\/wp\/v2\/media?parent=114952"}],"wp:term":[{"taxonomy":"category","embeddable":true,"href":"http:\/\/hoycordobaweb.com\/index.php\/wp-json\/wp\/v2\/categories?post=114952"},{"taxonomy":"post_tag","embeddable":true,"href":"http:\/\/hoycordobaweb.com\/index.php\/wp-json\/wp\/v2\/tags?post=114952"}],"curies":[{"name":"wp","href":"https:\/\/api.w.org\/{rel}","templated":true}]}}