{"id":114949,"date":"2025-08-18T16:36:36","date_gmt":"2025-08-18T16:36:36","guid":{"rendered":"https:\/\/ladecimaweb.com\/?p=32889"},"modified":"2025-08-18T16:36:36","modified_gmt":"2025-08-18T16:36:36","slug":"un-libertario-tapado-schiaretti-que-se-anima-de-la-sota-que-patea-el-tablero-y-un-mestre-impensado","status":"publish","type":"post","link":"http:\/\/hoycordobaweb.com\/index.php\/2025\/08\/18\/un-libertario-tapado-schiaretti-que-se-anima-de-la-sota-que-patea-el-tablero-y-un-mestre-impensado\/","title":{"rendered":"Un libertario tapado, Schiaretti que se anima, De la Sota que patea el tablero y un Mestre impensado"},"content":{"rendered":"<div class=\"boldgrid-section\">\n<div class=\"container\">\n<div class=\"row\">\n<div class=\"col-md-12 col-xs-12 col-sm-12\">\n<p class=\"\"><span>El escenario electoral de C\u00f3rdoba se movi\u00f3 en los \u00faltimos d\u00edas por decisiones que no estaban en los planes de nadie hasta hace unas semanas.&nbsp;<\/span><\/p>\n<p class=\"\"><strong>El oficialismo que encarnan el gobernador Mart\u00edn Llaryora y Juan Schiaretti, del frente Provincias Unidas, sufri\u00f3 el desprendimiento de la peronista Natalia de la Sota, que participar\u00e1 de los comicios de octubre con el frente Defendamos C\u00f3rdoba.<\/strong><span>&nbsp;La Libertad Avanza opt\u00f3 por presentar una n\u00f3mina con figuras nuevas, mientras la UCR sumida en una feroz interna participar\u00e1 de los comicios con un candidato inesperado.<\/span><\/p>\n<p class=\"\"><span>Como resultado de estas diferencias, el diputado radical peluca&nbsp;<\/span><strong>Rodrigo de Loredo<\/strong><span>&nbsp;no estar\u00e1 en ninguna n\u00f3mina y volver\u00e1 al llano en diciembre. El PRO cordob\u00e9s se desmarc\u00f3 de la conducci\u00f3n nacional, no acompa\u00f1ar\u00e1 a LLA, y el kirchnerismo ir\u00e1 con candidato propio.<\/span><\/p>\n<p class=\"\"><span>En el ranking de provincias con mayor caudal de votantes, seg\u00fan datos oficiales de los comicios de 2023, <strong>C\u00f3rdoba tiene unos 3.065.088 votantes (8,66 % del padr\u00f3n)<\/strong> y sobre ella solo est\u00e1 Buenos Aires con 13.110.768 electores (37.04%). <\/span><\/p>\n<p class=\"\"><span><strong>En diciembre se renuevan nueve bancas<\/strong> que son los del radical Rodrigo De Loredo, H\u00e9ctor Baldassi, Laura Rodr\u00edguez Machado, Gabriela Brouwer De Koning, Soledad Carrizo y de Oscar Agost Carre\u00f1o, quenes ganaron por Juntos por el Cambio. Tambi\u00e9n se vencen los per\u00edodos de Natalia de la Sota y de Ignacio Garc\u00eda Aresca, que accedieron por Hacemos Por C\u00f3rdoba, y de Pablo Carro, del otrora Frente de Todos.<\/span><\/p>\n<p><strong>Oficialismo provincial&nbsp;<\/strong><\/p>\n<article class=\"article-body article-body--fourth-paragraph content-protected-false\">\n<p class=\"\"><strong>Por el lado del sello Provincias Unidas, el armado de los gobernadores, la lista estar\u00e1 encabezada por el exmandatario cordob\u00e9s Juan Schiaretti.<\/strong><span>&nbsp;<\/span>&#8220;Soy candidato a diputado nacional para aportar mi experiencia desde el Congreso a esta Argentina que est\u00e1 viviendo un verdadero cambio de era\u201d, dijo, y a\u00f1adi\u00f3: \u201cQuiero que este cambio llegue a buen puerto y que la esperanza de nuestro pueblo, que soporta sacrificios para que las cosas mejoren, no se transforme en frustraci\u00f3n&#8221;.<\/p>\n<p class=\"\">En el segundo lugar aparece<span>&nbsp;<\/span><strong>Carolina Basualdo<\/strong>, intendenta de Despe\u00f1aderos y miembro de las Lideresas, la red de dirigentes mujeres que impuls\u00f3 la senadora<strong><span>&nbsp;<\/span>Alejandra Vigo<\/strong>, esposa de Schiaretti. Debajo aparecen el legislador provincial<strong><span>&nbsp;<\/span>Miguel Siciliano<\/strong>, la ministra de Desarrollo Social de C\u00f3rdoba,<span>&nbsp;<\/span><strong>Laura Jure<\/strong>, y el diputado<strong><span>&nbsp;<\/span>Ignacio Garc\u00eda Aresca<\/strong>. Completan la n\u00f3mina<span>&nbsp;<\/span><strong>Ver\u00f3nica Navarro, Juan Manuel Llamosas, Mar\u00eda Eugenia Romero<\/strong><span>&nbsp;<\/span>y<span>&nbsp;<\/span><strong>Emiliano Paredes<\/strong>.<\/p>\n<\/article>\n<article class=\"article-body article-body--fifth-paragraph content-protected-false\">\n<p class=\"\">La lista de Provincias Unidas que encabezar\u00e1 Schiaretti cuenta con el respaldo del bloque que, adem\u00e1s del gobernador Mart\u00edn Llaryora, tambi\u00e9n impulsan<span>&nbsp;<\/span><strong>Maximiliano Pullaro<\/strong><span>&nbsp;<\/span>(Santa Fe),<span>&nbsp;<\/span><strong>Ignacio Torres<\/strong><span>&nbsp;<\/span>(Chubut),<strong><span>&nbsp;<\/span>Claudio Vidal<\/strong><span>&nbsp;<\/span>(Santa Cruz) y<strong><span>&nbsp;<\/span>Carlos Sadir<span>&nbsp;<\/span><\/strong>(Jujuy). El exgobernador afirm\u00f3 que, a diferencia del pasado, en esta oportunidad el cordobesismo ir\u00e1 acompa\u00f1ado del bloque de gobernadores &#8220;que expresan la geograf\u00eda argentina de norte a sur y la producci\u00f3n: la miner\u00eda, el campo, la industria, el petr\u00f3leo y el gas; en definitiva, el interior productivo y de trabajo de nuestra patria&#8221;.<\/p>\n<\/article>\n<article class=\"article-body article-body--remaining-paragraph content-protected-false\">\n<p class=\"\"><strong>Pate\u00f3 el tablero<\/strong><\/p>\n<p class=\"\"><strong>Por fuera de la estructura del PJ provincial se presentar\u00e1 Natalia de la Sota como cabeza de lista de la alianza Defendamos C\u00f3rdoba<\/strong>, integrada por vertientes provenientes del mundo acad\u00e9mico, social y sindical. La diputada nacional, que rompi\u00f3 filas con Llaryora, estar\u00e1 acompa\u00f1ada en segundo lugar<span>&nbsp;<\/span><strong>Marcelo Ruiz<\/strong>, exdecano de la Universidad Nacional de R\u00edo Cuarto, ferviente defensor de la educaci\u00f3n p\u00fablica y cr\u00edtico del ajuste de<strong><span>&nbsp;<\/span>Javier Milei<\/strong>.<\/p>\n<p class=\"\">El tercer escal\u00f3n de la boleta lo integrar\u00e1<span>&nbsp;<\/span><strong>Marta Lastra<\/strong>, una abogada con amplia trayectoria en el Colegio de la Abogados de C\u00f3rdoba y reconocida por su trabajo social junto a las madres de personas con autismo. Debajo estar\u00e1 el sindicalista y referente de los empleados de peajes de C\u00f3rdoba,<span>&nbsp;<\/span><strong>Gustavo Rossi<\/strong>, y en quinto lugar<strong><span>&nbsp;<\/span>Graciela Fassi<\/strong>, docente y profesora de la Universidad de C\u00f3rdoba. M\u00e1s abajo aparecen<span>&nbsp;<\/span><strong>Pedro Gonz\u00e1lez Cholaky<\/strong>, abogado oriundo de R\u00edo Cuarto y con presencia en la militancia universitaria. El s\u00e9ptimo lugar fue para <strong>Cristina Fern\u00e1ndez<\/strong>, titular del gremio Trabajadores de la Sanidad Argentina de R\u00edo Cuarto. El m\u00e9dico<span>&nbsp;<\/span><strong>Enrique Lastreto<\/strong><span>&nbsp;<\/span>estar\u00e1 en octavo casillero y en \u00faltimo lugar la<span>&nbsp;<\/span><strong>Anal\u00eda S\u00e1nchez<\/strong>, productora frut\u00edcola y vitivin\u00edcola en San Jos\u00e9.<\/p>\n<p class=\"\">Luego de dar a conocer la boleta, De la Sota apunt\u00f3 contra el gobierno nacional y dijo no estar sola en el camino: &#8220;Son muchos los cordobeses que sufren el ajuste de Milei pero no pierden la esperanza y siguen peleando todos los d\u00edas para salir adelante. Eso me da fuerzas y me compromete. Hoy puedo decir que me siento acompa\u00f1ada\u201d.<\/p>\n<p class=\"\"><strong>La presentaci\u00f3n de De la Sota abre un escenario de incertidumbre para el gobernador:<\/strong> por un lado, sufrir\u00e1 el asedio de La Libertad Avanza, PRO y UCR, mientras que tambi\u00e9n enfrentar\u00e1 una posible dispersi\u00f3n del voto peronista.<\/p>\n<p class=\"\"><strong>Leones de la Casa Rosada<\/strong><\/p>\n<p class=\"\">En LLA fue el diputado nacional<strong><span>&nbsp;<\/span>Gabriel Bornoroni<span>&nbsp;<\/span><\/strong>quien hizo la presentaci\u00f3n ante la Justicia Electoral Federal y devel\u00f3 el misterio con el que esa fuerza trabaj\u00f3 la lista. Estar\u00e1 encabezada por el empresario<span>&nbsp;<\/span><strong>Gonzalo Roca<\/strong>, vicepresidente del partido y de estrecha confianza de Bornoroni, por lo que cuenta con el aval directo de la Casa Rosada. Al segundo lugar lo ocupar\u00e1 la tambi\u00e9n empresaria y dirigente de R\u00edo Cuarto,<span>&nbsp;<\/span><strong>Laura Soldano<\/strong>, y le siguen el abogado<span>&nbsp;<\/span><strong>Marcos Pati\u00f1o<\/strong><span>&nbsp;<\/span>y la diputada nacional<span>&nbsp;<\/span><strong>Laura Rodr\u00edguez Machado<\/strong>, del PRO. &#8220;Gonzalo es un le\u00f3n que cree firmemente en las ideas de la libertad y en el Congreso ser\u00e1 un fiel soldado&#8221;, expres\u00f3 Bornoroni en su cuenta de X, y prometi\u00f3 una campa\u00f1a en la que &#8220;gente com\u00fan enfrentar\u00e1 una batalla \u00e9pica contra la casta pol\u00edtica&#8221;.<\/p>\n<p class=\"\">La conformaci\u00f3n de este espacio mostr\u00f3 la ausencia del diputado radical peluca<span>&nbsp;<\/span><strong>Rodrigo de Loredo<\/strong>, quien se empe\u00f1\u00f3 en integrar un espacio com\u00fan con LLA. En la recta final, al no contar con el apoyo org\u00e1nico de su partido y ante un supuesto ofrecimiento de sumarse a la lista en un tercer t\u00e9rmino, De Loredo comunic\u00f3 que se bajaba de los comicios, aunque aclar\u00f3 que apoya las pol\u00edticas del Gobierno. &#8220;A un cordob\u00e9s le pod\u00e9s pedir muchas cosas, menos sumisi\u00f3n&#8221;, sostuvo en un video que comparti\u00f3 en redes sociales.<\/p>\n<p class=\"\">Por otro lado, tambi\u00e9n se not\u00f3 que falt\u00f3 el nombre del senador nacional<span>&nbsp;<\/span><strong>Luis Juez<\/strong><span>&nbsp;<\/span>o de alguien de su confianza, pese a que adscribe a la mayor parte de las decisiones de la Casa Rosada. As\u00ed, el armado fue 100% decidido por Bornoroni y convalidado por<span>&nbsp;<\/span><strong>Karina Milei<\/strong><span>&nbsp;<\/span>y<span>&nbsp;<\/span><strong>Eduardo &#8220;Lule&#8221; Menem<\/strong>.<\/p>\n<p><strong>La UCR va con Mestre<\/strong><\/p>\n<p class=\"\"><strong>La UCR tendr\u00e1 lista en octubre, la M\u00e1s Radicalismo, y ser\u00e1 encabezada por Ram\u00f3n Mestre, exintendente de la capital cordobesa<\/strong>, y adversario de De Loredo.<\/p>\n<p class=\"\">Mestre, cuyo espacio fue el \u00fanico que cumpli\u00f3 con los pasos dispuestos para la interna partidaria que deber\u00eda haberse realizado el pasado 10 de agosto, avalada por la Justicia Federal, ser\u00e1 la representaci\u00f3n boina blanca en el cuarto oscuro. La lista fue completada con<span>&nbsp;<\/span><strong>Patricia Rodr\u00edguez<\/strong>, abogada especialista en derecho administrativo y docente universitaria;<span>&nbsp;<\/span><strong>Mart\u00edn Lucas<\/strong>, abogado de perfil alfonsinista y con trayectoria en derechos humanos;<span>&nbsp;<\/span><strong>Norma Ghione<\/strong>, abogada y exconcejal, y<strong><span>&nbsp;<\/span>Franco Jular<\/strong>, licenciado licenciado en Econom\u00eda y expresidente de la Juventud Radical.<\/p>\n<p><strong>El juego del PRO<\/strong><\/p>\n<p class=\"\">El PRO cordob\u00e9s no se aline\u00f3 con la directiva que imparti\u00f3 Mauricio Macri, de acompa\u00f1ar a LLA en el armado de las n\u00f3minas. Cuando la Justicia restableci\u00f3 hace dos semanas a Agost Carre\u00f1o en la presidencia de ese partido, que hab\u00eda sido empujada por Macri, se produjo el giro, al tratarse de un diputado nacional cr\u00edtico de la gesti\u00f3n de Javier Milei. &#8220;Somos una generaci\u00f3n de j\u00f3venes cordobeses de todos los rincones de la provincia que hicimos nuestro camino en la militancia diaria, defendiendo las ideas y valores que dieron origen a este espacio. No llegamos de afuera ni por la ventana: crecimos en el PRO, convencidos de que la pol\u00edtica es compromiso y trabajo&#8221;, colg\u00f3 en sus redes sociales este domingo el parlamentario. Tambi\u00e9n anunci\u00f3 que el PRO participar\u00e1 en los comicios y que ir\u00e1 por su reelecci\u00f3n.<\/p>\n<p class=\"\"><strong>Carro va por la reelecci\u00f3n<\/strong><\/p>\n<p class=\"\">Dentro del c\u00famulo de galaxias peronistas cordobesas tambi\u00e9n se presentar\u00e1<span>&nbsp;<\/span><strong>la versi\u00f3n local de Fuerza Patria, el armado de dirigentes del ri\u00f1\u00f3n del kirchnerismo que llevar\u00e1 como cabeza de listas de diputados a Pablo Carro<\/strong>, actual miembro de la C\u00e1mara baja, cuyo mandato vencer\u00e1 en diciembre y buscar\u00e1 renovar.<\/p>\n<p class=\"\">Lo acompa\u00f1ar\u00e1<span>&nbsp;<\/span><strong>Constanza San Pedro<\/strong>, referente local de Patria Grande, el espacio que comanda a nivel nacional<span>&nbsp;<\/span><strong>Juan Grabois<\/strong>. &#8220;Frente al ajuste y la crueldad, nace Fuerza Patria C\u00f3rdoba: la verdadera alternativa nacional para defender a nuestro pueblo&#8221;, public\u00f3 Carro en su cuenta de X en la que dio a conocer su candidatura y la de su compa\u00f1era de f\u00f3rmula.<\/p>\n<p class=\"\">&nbsp;<\/p>\n<div class=\"ubm_banner\"><a href=\"https:\/\/youtu.be\/h2J_ZdbxYVc\" target=\"_blank\" rel=\"dofollow noopener noreferrer\"><img src=\"http:\/\/hoycordobaweb.com\/wp-content\/uploads\/2025\/08\/un-libertario-tapado-schiaretti-que-se-anima-de-la-sota-que-patea-el-tablero-y-un-mestre-impensado.gif\" alt=\"\"><\/a><\/div>\n<\/article>\n<\/div>\n<\/div>\n<\/div>\n<\/div>\n<p>La entrada <a rel=\"nofollow\" href=\"https:\/\/ladecimaweb.com\/un-libertario-tapado-schiaretti-que-se-anima-de-la-sota-que-patea-el-tablero-y-un-mestre-impensado\/\">Un libertario tapado, Schiaretti que se anima, De la Sota que patea el tablero y un Mestre impensado<\/a> se public\u00f3 primero en <a rel=\"nofollow\" href=\"https:\/\/ladecimaweb.com\">LaDecima<\/a>.<\/p>\n","protected":false},"excerpt":{"rendered":"<p>El escenario electoral de C\u00f3rdoba se movi\u00f3 en los \u00faltimos d\u00edas por decisiones que no estaban en los planes de nadie hasta hace unas semanas.&nbsp; El oficialismo que encarnan el gobernador Mart\u00edn Llaryora y Juan Schiaretti, del frente Provincias Unidas, sufri\u00f3 el desprendimiento de la peronista Natalia de la Sota, que participar\u00e1 de los comicios [&hellip;]<\/p>\n","protected":false},"author":1,"featured_media":0,"comment_status":"closed","ping_status":"closed","sticky":false,"template":"","format":"standard","meta":[],"categories":[32],"tags":[],"_links":{"self":[{"href":"http:\/\/hoycordobaweb.com\/index.php\/wp-json\/wp\/v2\/posts\/114949"}],"collection":[{"href":"http:\/\/hoycordobaweb.com\/index.php\/wp-json\/wp\/v2\/posts"}],"about":[{"href":"http:\/\/hoycordobaweb.com\/index.php\/wp-json\/wp\/v2\/types\/post"}],"author":[{"embeddable":true,"href":"http:\/\/hoycordobaweb.com\/index.php\/wp-json\/wp\/v2\/users\/1"}],"replies":[{"embeddable":true,"href":"http:\/\/hoycordobaweb.com\/index.php\/wp-json\/wp\/v2\/comments?post=114949"}],"version-history":[{"count":0,"href":"http:\/\/hoycordobaweb.com\/index.php\/wp-json\/wp\/v2\/posts\/114949\/revisions"}],"wp:attachment":[{"href":"http:\/\/hoycordobaweb.com\/index.php\/wp-json\/wp\/v2\/media?parent=114949"}],"wp:term":[{"taxonomy":"category","embeddable":true,"href":"http:\/\/hoycordobaweb.com\/index.php\/wp-json\/wp\/v2\/categories?post=114949"},{"taxonomy":"post_tag","embeddable":true,"href":"http:\/\/hoycordobaweb.com\/index.php\/wp-json\/wp\/v2\/tags?post=114949"}],"curies":[{"name":"wp","href":"https:\/\/api.w.org\/{rel}","templated":true}]}}