{"id":114858,"date":"2025-08-23T22:14:59","date_gmt":"2025-08-23T22:14:59","guid":{"rendered":"https:\/\/www.ole.com.ar\/futbol-internacional\/italia\/paulo-dybala-roma-italia-bologna-volvio-jugar-lesion-gian-piero-gasperini_0_19OER0U2kc.html"},"modified":"2025-08-23T22:14:59","modified_gmt":"2025-08-23T22:14:59","slug":"tras-cinco-meses-de-recuperacion-dybala-volvio-a-jugar-con-la-roma","status":"publish","type":"post","link":"http:\/\/hoycordobaweb.com\/index.php\/2025\/08\/23\/tras-cinco-meses-de-recuperacion-dybala-volvio-a-jugar-con-la-roma\/","title":{"rendered":"Tras cinco meses de recuperaci\u00f3n, Dybala volvi\u00f3 a jugar con la Roma"},"content":{"rendered":"<p><img src=\"http:\/\/hoycordobaweb.com\/wp-content\/uploads\/2025\/08\/tras-cinco-meses-de-recuperacion-dybala-volvio-a-jugar-con-la-roma.jpg\"><\/p>\n<p><time class=\"createDate\" datetime=\"2025-08-23T19:14:59-03:00\">23\/08\/2025 19:14hs.<\/time><\/p>\n<div id=\"storyBody\">\n<div class=\"custom-text \" readability=\"32.962790697674\">\n<p>Despu\u00e9s de una larga recuperaci\u00f3n de la lesi\u00f3n en el tend\u00f3n semitendinoso de la parte trasera del muslo izquierdo, la cual sufri\u00f3 el 16 de marzo frente al Cagliari e implic\u00f3 una operaci\u00f3n, <strong><a href=\"https:\/\/www.ole.com.ar\/tema\/paulo-dybala.html\" title=\"Paulo Dybala\" alt=\"Paulo Dybala\" class=\"slug\">Paulo Dybala<\/a> volvi\u00f3 a las canchas<\/strong>. En el debut de <strong><a href=\"https:\/\/www.ole.com.ar\/tema\/gian-piero-gasperini.html\" title=\"Gian Piero Gasperini\" alt=\"Gian Piero Gasperini\" class=\"slug\">Gian Piero Gasperini<\/a><\/strong> como DT de la <strong><a href=\"https:\/\/www.ole.com.ar\/tema\/roma.html\" title=\"Roma\" alt=\"Roma\" class=\"slug\">Roma<\/a><\/strong>, el argentino entr\u00f3 en reemplazo de su compatriota <strong><a href=\"https:\/\/www.ole.com.ar\/tema\/matias-soule.html\" title=\"Mat\u00edas Soule\" alt=\"Mat\u00edas Soule\" class=\"slug\">Mat\u00edas Soul\u00e9<\/a><\/strong> y <strong>cerr\u00f3 una buena actuaci\u00f3n en la victoria de su equipo frente al <a href=\"https:\/\/www.ole.com.ar\/tema\/bologna.html\" title=\"Bologna\" alt=\"Bologna\" class=\"slug\">Bologna<\/a><\/strong>.<\/p>\n<\/div>\n<div class=\"custom-text \" readability=\"38.457583547558\">\n<p>Con <strong><a href=\"https:\/\/www.ole.com.ar\/tema\/santiago-castro.html\" title=\"Santiago Castro\" alt=\"Santiago Castro\" class=\"slug\">Santiago Castro<\/a><\/strong> enfrente, quien revent\u00f3 un tiro en el travesa\u00f1o cuando el partido a\u00fan estaba empatado en cero, la Joya recibi\u00f3 el llamado del entrenador italiano, dej\u00f3 la pechera fluorecente a los 29&#8242; del segundo tiempo y, con el encuentro 1 a 0 en favor de la Loba, que termin\u00f3 ganando gracias al gol del debutante Wesley; <strong>hizo su ingreso despu\u00e9s de 161 d\u00edas de recuperaci\u00f3n<\/strong>.<\/p>\n<\/div>\n<div class=\"sc-e7b891c4-0 ifHnQL image-embed\"><img alt=\"Dybala forcejeando con Nicolo Cambiaghi, volante del Bologna (EFE).\" loading=\"lazy\" width=\"720\" height=\"100\" decoding=\"async\" data-nimg=\"1\" src=\"http:\/\/hoycordobaweb.com\/wp-content\/uploads\/2025\/08\/tras-cinco-meses-de-recuperacion-dybala-volvio-a-jugar-con-la-roma-2.jpg\"><span class=\"epigraphe\">Dybala forcejeando con Nicolo Cambiaghi, volante del Bologna (EFE).<\/span><\/div>\n<div class=\"custom-text \" readability=\"40\">\n<p>Durante sus casi 20 minutos en cancha, el campe\u00f3n del mundo <strong>tuvo un remate al arco<\/strong>, el cual fue contenido por \u0141ukasz Skorupski, arquero rival. A esta clara chance, el argentino le sum\u00f3 15 toques y un <strong>100% de efectividad en pases<\/strong>, aunque <strong>su falta de ritmo se vio reflejada en las seis p\u00e9rdidas de pelota y los nulos duelos ganados que tuvo<\/strong>.<\/p>\n<\/div>\n<div class=\"custom-text \" readability=\"36.28650137741\">\n<p>Esta <strong>noticia claramente resulta important\u00edsima para el reci\u00e9n llegado Gasperini<\/strong>, quien en la tarde de este s\u00e1bado lleg\u00f3 a los 600 partidos dirigiendo en la <strong><a href=\"https:\/\/www.ole.com.ar\/tema\/serie-a.html\" title=\"Serie A\" alt=\"Serie A\" class=\"slug\">Serie A<\/a><\/strong>. Y es que a la l\u00f3gica necesidad de contar con un futbolista con la jerarqu\u00eda de Dybala dentro del equipo, tambi\u00e9n se le suma la experiencia que el argentino le puede aportar a un equipo joven.<\/p>\n<\/div>\n<div class=\"sc-e7b891c4-0 ifHnQL image-embed\"><img alt=\"Dybala cerr\u00f3 el partido sin errar un pase (AP Photo).\" loading=\"lazy\" width=\"720\" height=\"100\" decoding=\"async\" data-nimg=\"1\" src=\"http:\/\/hoycordobaweb.com\/wp-content\/uploads\/2025\/08\/tras-cinco-meses-de-recuperacion-dybala-volvio-a-jugar-con-la-roma-3.jpg\"><span class=\"epigraphe\">Dybala cerr\u00f3 el partido sin errar un pase (AP Photo).<\/span><\/div>\n<div class=\"custom-text \" readability=\"37.718309859155\">\n<p>A su vez, esta noticia beneficia a <strong><a href=\"https:\/\/www.ole.com.ar\/tema\/lionel-scaloni.html\" title=\"Lionel Scaloni\" alt=\"Lionel Scaloni\" class=\"slug\">Lionel Scaloni<\/a><\/strong>, DT de la Selecci\u00f3n Argentina que no convoc\u00f3 al mediapunta para los dos \u00faltimos duelos de las Eliminatorias Sudamericanas -Venezuela el 4\/9 en el M\u00e1s Monumental y Ecuador el 9\/9 en Guayaquil- por su falta de continuidad. As\u00ed, <strong>la Joya podr\u00e1 ir sumando ritmo en su club para llegar al 100% a la Finalissima<\/strong>, la cual se jugar\u00eda entre Argentina y Espa\u00f1a en marzo del 2026.<\/p>\n<\/div>\n<p><h2><strong>Los n\u00fameros de Dybala en la \u00faltima temporada<\/strong><\/h2>\n<\/p>\n<div class=\"custom-text \" readability=\"39\">\n<p>Debido a su lesi\u00f3n, el 21 de la Roma no pudo estar presente en la recta final de la \u00faltima temporada, donde <strong>su equipo ocup\u00f3 el quinto lugar de la Serie A y asegur\u00f3 su pasaje a la Europa League<\/strong>. Sin embargo, el ex Juventus y Palermo disput\u00f3 36 partidos, marc\u00f3 ocho goles y brind\u00f3 cuatro asistencias.<\/p>\n<\/div>\n<p><h2><strong>Video: el tremendo de remate de Santi Castro al travesa\u00f1o <\/strong><\/h2>\n<\/p>\n<div class=\"sc-3c5a76cc-1 idjLTd\">\n<div class=\"sc-e8b2828-0 fBmEJc\" type=\"embed\">\n<div class=\"sc-e8b2828-1 iPLbWT videoText\" id=\"contentTitleembedbgJUw5cN\" type=\"embed\"><svg fill=\"#ffffff\"><symbol id=\"play\" viewBox=\"0 0 512 512\"><path d=\"M512 256C512 397.4 397.4 512 256 512C114.6 512 0 397.4 0 256C0 114.6 114.6 0 256 0C397.4 0 512 114.6 512 256zM176 168V344C176 352.7 180.7 360.7 188.3 364.9C195.8 369.2 205.1 369 212.5 364.5L356.5 276.5C363.6 272.1 368 264.4 368 256C368 247.6 363.6 239.9 356.5 235.5L212.5 147.5C205.1 142.1 195.8 142.8 188.3 147.1C180.7 151.3 176 159.3 176 168V168z\" \/><\/symbol><use xlink:href=\"#play\" \/><\/svg><\/p>\n<div class=\"right\">\n<p>Serie A<!-- --> &#8211; <span>&nbsp;<\/span><\/p>\n<h2 class=\"title-vid\">Santi Castro y un tremendo remate al travesa\u00f1o en la derrota del Bologna frente a la Roma<\/h2>\n<\/div>\n<\/div>\n<p><span class=\"back\" id=\"spanBackembedbgJUw5cN\"><\/span><\/div>\n<\/div>\n<div class=\"sc-a7166897-0 eoLsBE\" readability=\"6\">\n<section readability=\"2\"><picture><img alt=\"Milan debut\u00f3 con una derrota ante el reci\u00e9n ascendido Cremonese\" loading=\"lazy\" width=\"290\" height=\"290\" decoding=\"async\" data-nimg=\"1\" src=\"http:\/\/hoycordobaweb.com\/wp-content\/uploads\/2025\/08\/tras-cinco-meses-de-recuperacion-dybala-volvio-a-jugar-con-la-roma-4.jpg\"><\/picture>\n<p><span>Mir\u00e1 tambi\u00e9n<\/span><\/p>\n<hr>\n<h3>Milan debut\u00f3 con una derrota ante el reci\u00e9n ascendido Cremonese<\/h3>\n<\/p>\n<\/section>\n<\/div>\n<div class=\"sc-a7166897-0 eoLsBE\" readability=\"6.5\">\n<section readability=\"3\"><picture><img alt=\"\u00a1Remontada con sello de Flick! Barcelona pas\u00f3 del 0-2 al 3-2 en la \u00faltima jugada y se llev\u00f3 tres puntazos ante Levante\" loading=\"lazy\" width=\"290\" height=\"290\" decoding=\"async\" data-nimg=\"1\" src=\"http:\/\/hoycordobaweb.com\/wp-content\/uploads\/2025\/08\/tras-cinco-meses-de-recuperacion-dybala-volvio-a-jugar-con-la-roma-5.jpg\"><\/picture>\n<p><span>Mir\u00e1 tambi\u00e9n<\/span><\/p>\n<hr>\n<h3>\u00a1Remontada con sello de Flick! Barcelona pas\u00f3 del 0-2 al 3-2 en la \u00faltima jugada y se llev\u00f3 tres puntazos ante Levante<\/h3>\n<\/p>\n<\/section>\n<\/div>\n<div class=\"sc-a7166897-0 eoLsBE\" readability=\"6\">\n<section readability=\"2\"><picture><img alt=\"El Atleti de los argentinos empat\u00f3 con Elche y sigue sin convencer\" loading=\"lazy\" width=\"290\" height=\"290\" decoding=\"async\" data-nimg=\"1\" src=\"http:\/\/hoycordobaweb.com\/wp-content\/uploads\/2025\/08\/tras-cinco-meses-de-recuperacion-dybala-volvio-a-jugar-con-la-roma-6.jpg\"><\/picture>\n<p><span>Mir\u00e1 tambi\u00e9n<\/span><\/p>\n<hr>\n<h3>El Atleti de los argentinos empat\u00f3 con Elche y sigue sin convencer<\/h3>\n<\/p>\n<\/section>\n<\/div>\n<\/div>\n","protected":false},"excerpt":{"rendered":"<p>23\/08\/2025 19:14hs. Despu\u00e9s de una larga recuperaci\u00f3n de la lesi\u00f3n en el tend\u00f3n semitendinoso de la parte trasera del muslo izquierdo, la cual sufri\u00f3 el 16 de marzo frente al Cagliari e implic\u00f3 una operaci\u00f3n, Paulo Dybala volvi\u00f3 a las canchas. En el debut de Gian Piero Gasperini como DT de la Roma, el argentino [&hellip;]<\/p>\n","protected":false},"author":1,"featured_media":114859,"comment_status":"open","ping_status":"closed","sticky":false,"template":"","format":"standard","meta":[],"categories":[16],"tags":[],"_links":{"self":[{"href":"http:\/\/hoycordobaweb.com\/index.php\/wp-json\/wp\/v2\/posts\/114858"}],"collection":[{"href":"http:\/\/hoycordobaweb.com\/index.php\/wp-json\/wp\/v2\/posts"}],"about":[{"href":"http:\/\/hoycordobaweb.com\/index.php\/wp-json\/wp\/v2\/types\/post"}],"author":[{"embeddable":true,"href":"http:\/\/hoycordobaweb.com\/index.php\/wp-json\/wp\/v2\/users\/1"}],"replies":[{"embeddable":true,"href":"http:\/\/hoycordobaweb.com\/index.php\/wp-json\/wp\/v2\/comments?post=114858"}],"version-history":[{"count":0,"href":"http:\/\/hoycordobaweb.com\/index.php\/wp-json\/wp\/v2\/posts\/114858\/revisions"}],"wp:featuredmedia":[{"embeddable":true,"href":"http:\/\/hoycordobaweb.com\/index.php\/wp-json\/wp\/v2\/media\/114859"}],"wp:attachment":[{"href":"http:\/\/hoycordobaweb.com\/index.php\/wp-json\/wp\/v2\/media?parent=114858"}],"wp:term":[{"taxonomy":"category","embeddable":true,"href":"http:\/\/hoycordobaweb.com\/index.php\/wp-json\/wp\/v2\/categories?post=114858"},{"taxonomy":"post_tag","embeddable":true,"href":"http:\/\/hoycordobaweb.com\/index.php\/wp-json\/wp\/v2\/tags?post=114858"}],"curies":[{"name":"wp","href":"https:\/\/api.w.org\/{rel}","templated":true}]}}