{"id":114780,"date":"2025-08-23T16:00:46","date_gmt":"2025-08-23T16:00:46","guid":{"rendered":"https:\/\/www.trendencias.com\/shopping\/novedades-h-m-falda-plisada-color-marron-que-llevaremos-jersey-oversize-otono"},"modified":"2025-08-23T16:00:46","modified_gmt":"2025-08-23T16:00:46","slug":"novedades-de-hm-la-falda-plisada-color-marron-que-llevaremos-con-jersey-oversize-en-otono","status":"publish","type":"post","link":"http:\/\/hoycordobaweb.com\/index.php\/2025\/08\/23\/novedades-de-hm-la-falda-plisada-color-marron-que-llevaremos-con-jersey-oversize-en-otono\/","title":{"rendered":"Novedades de H&amp;M: la falda plisada color marr\u00f3n que llevaremos con jersey oversize en oto\u00f1o"},"content":{"rendered":"<p>Las vacaciones de verano van llegando a su fin y entre las novedades de H&amp;M he fichado una falda plisada muy elegante que llevaremos sin parar a la <a class=\"text-outboundlink\" href=\"https:\/\/www.trendencias.com\/shopping\/como-vestir-oficina-verano-ropa-calzado-accesorios\" data-vars-post-title=\"C\u00f3mo vestir en la oficina en verano: ropa, calzado y accesorios\" data-vars-post-url=\"https:\/\/www.trendencias.com\/shopping\/como-vestir-oficina-verano-ropa-calzado-accesorios\">oficina<\/a>. Una<strong> opci\u00f3n discreta con la que podemos hacer muchos <\/strong><em><strong>looks<\/strong><\/em> y combinarlas tanto con <a class=\"text-outboundlink\" href=\"https:\/\/www.trendencias.com\/shopping\/como-combinar-jersey-oversize-look-elegante-casual-sport\" data-vars-post-title=\"C\u00f3mo combinar un jersey oversize en un look elegante, casual y de sport \" data-vars-post-url=\"https:\/\/www.trendencias.com\/shopping\/como-combinar-jersey-oversize-look-elegante-casual-sport\">jers\u00e9is <em>oversize<\/em><\/a> como con una camiseta b\u00e1sica en un rollo m\u00e1s casual.<\/p>\n<p><!-- BREAK 1 --> <!-- PIVOT START --><\/p>\n<div class=\"pivot-ecommerce-container m-pivot-ecommerce-redesign article-asset-normal article-asset-center\" readability=\"24.470588235294\">\n<div class=\"pivot-ecommerce\">\n<div class=\"pivot-ecommerce-figure\"> <a rel=\"nofollow, sponsored, noopener, noreferrer noopener\" target=\"_blank\" href=\"https:\/\/www.webedia-afilia.com\/redirect?url=https%3A%2F%2Fwww2.hm.com%2Fes_es%2Fproductpage.1300646003.html&amp;category=shopping&amp;site=trendencias&amp;pivot=1&amp;ecomPostExpiration=everlasting&amp;postId=646409\"> <img loading=\"lazy\" alt=\"Falda plisada\" width=\"1536\" height=\"2304\" src=\"http:\/\/hoycordobaweb.com\/wp-content\/uploads\/2025\/08\/novedades-de-hm-la-falda-plisada-color-marron-que-llevaremos-con-jersey-oversize-en-otono.jpg\"> <\/a> <\/div>\n<div class=\"pivot-ecommerce-summary\">\n<p class=\"pivot-ecommerce-desc\">Falda plisada<\/p>\n<\/p><\/div><\/div>\n<p>* Alg\u00fan precio puede haber cambiado desde la \u00faltima revisi\u00f3n<\/p>\n<\/p><\/div>\n<p><!-- PIVOT END --><\/p>\n<p>Las faldas plisadas llevan varios a\u00f1os acompa\u00f1\u00e1ndonos y este oto\u00f1o tambi\u00e9n triunfar\u00e1n. Est\u00e1 disponible en marr\u00f3n y gris, <strong>aunque este es uno de los colores en tendencia de la temporada<\/strong>. Combinado con una americana, queda genial y recuerda a la silueta<em> New Look<\/em> de Dior, con matices.<\/p>\n<p><!-- BREAK 2 --><\/p>\n<div class=\"article-asset-image article-asset-normal article-asset-center\">\n<div class=\"asset-content\"> <a rel=\"nofollow, sponsored, noopener, noreferrer noopener\" target=\"_blank\" class=\"js-ecommerce\" id=\"link-ecommerce-1\" href=\"https:\/\/www.webedia-afilia.com\/redirect?url=https%3A%2F%2Fwww2.hm.com%2Fes_es%2Fproductpage.1300646003.html&amp;category=shopping&amp;site=trendencias&amp;ecomPostExpiration=everlasting&amp;postId=646409\" data-vars-affiliate-url=\"https:\/\/www2.hm.com\/es_es\/productpage.1300646003.html\"> <img class=\"centro_sinmarco\" height=\"2304\" width=\"1536\" loading=\"lazy\" decoding=\"async\" sizes=\"100vw\" fetchpriority=\"high\" srcset=\"http:\/\/hoycordobaweb.com\/wp-content\/uploads\/2025\/08\/novedades-de-hm-la-falda-plisada-color-marron-que-llevaremos-con-jersey-oversize-en-otono-1.jpg 450w, http:\/\/hoycordobaweb.com\/wp-content\/uploads\/2025\/08\/novedades-de-hm-la-falda-plisada-color-marron-que-llevaremos-con-jersey-oversize-en-otono-4.jpg 681w, http:\/\/hoycordobaweb.com\/wp-content\/uploads\/2025\/08\/novedades-de-hm-la-falda-plisada-color-marron-que-llevaremos-con-jersey-oversize-en-otono-5.jpg 1024w, http:\/\/hoycordobaweb.com\/wp-content\/uploads\/2025\/08\/novedades-de-hm-la-falda-plisada-color-marron-que-llevaremos-con-jersey-oversize-en-otono-6.jpg 1366w\" src=\"http:\/\/hoycordobaweb.com\/wp-content\/uploads\/2025\/08\/novedades-de-hm-la-falda-plisada-color-marron-que-llevaremos-con-jersey-oversize-en-otono-1.jpg\" alt=\"B62b1201adc5d854aad668bfd3ab14c1\"> <noscript><img alt=\"B62b1201adc5d854aad668bfd3ab14c1\" class=\"centro_sinmarco\" src=\"http:\/\/hoycordobaweb.com\/wp-content\/uploads\/2025\/08\/novedades-de-hm-la-falda-plisada-color-marron-que-llevaremos-con-jersey-oversize-en-otono-1.jpg\"><\/noscript> <\/a> <\/div>\n<\/div>\n<p>Es de talle alto y tiene un doble cierre con cremallera oculta y corchete en el lateral. <strong>No cuenta con forro y no marca nada<\/strong>. Resulta una opci\u00f3n muy c\u00f3moda de llevar y su precio en H&amp;M es <a rel=\"nofollow, sponsored, noopener, noreferrer noopener\" target=\"_blank\" class=\"js-ecommerce\" id=\"link-ecommerce-2\" href=\"https:\/\/www.webedia-afilia.com\/redirect?url=https%3A%2F%2Fwww2.hm.com%2Fes_es%2Fproductpage.1300646003.html&amp;category=shopping&amp;site=trendencias&amp;ecomPostExpiration=everlasting&amp;postId=646409\" data-vars-affiliate-url=\"https:\/\/www2.hm.com\/es_es\/productpage.1300646003.html\">44,99 euros<\/a>.<\/p>\n<p><!-- BREAK 3 --> <\/p>\n<h2>C\u00f3mo combinar esta falda<\/h2>\n<div class=\"article-asset-image article-asset-normal article-asset-center\">\n<div class=\"asset-content\"> <img class=\"centro_sinmarco\" height=\"1980\" width=\"1321\" loading=\"lazy\" decoding=\"async\" sizes=\"100vw\" fetchpriority=\"high\" srcset=\"http:\/\/hoycordobaweb.com\/wp-content\/uploads\/2025\/08\/novedades-de-hm-la-falda-plisada-color-marron-que-llevaremos-con-jersey-oversize-en-otono-2.jpg 450w, http:\/\/hoycordobaweb.com\/wp-content\/uploads\/2025\/08\/novedades-de-hm-la-falda-plisada-color-marron-que-llevaremos-con-jersey-oversize-en-otono-7.jpg 681w, http:\/\/hoycordobaweb.com\/wp-content\/uploads\/2025\/08\/novedades-de-hm-la-falda-plisada-color-marron-que-llevaremos-con-jersey-oversize-en-otono-8.jpg 1024w, http:\/\/hoycordobaweb.com\/wp-content\/uploads\/2025\/08\/novedades-de-hm-la-falda-plisada-color-marron-que-llevaremos-con-jersey-oversize-en-otono-9.jpg 1366w\" src=\"http:\/\/hoycordobaweb.com\/wp-content\/uploads\/2025\/08\/novedades-de-hm-la-falda-plisada-color-marron-que-llevaremos-con-jersey-oversize-en-otono-2.jpg\" alt=\"Tokyo Str F25 0501\"> <noscript><img alt=\"Tokyo Str F25 0501\" class=\"centro_sinmarco\" src=\"http:\/\/hoycordobaweb.com\/wp-content\/uploads\/2025\/08\/novedades-de-hm-la-falda-plisada-color-marron-que-llevaremos-con-jersey-oversize-en-otono-2.jpg\"><\/noscript> <\/div>\n<\/div>\n<p>Seg\u00fan la teor\u00eda del color equivocado, el marr\u00f3n y el negro combinan. As\u00ed que la falda de H&amp;M es un <em>must<\/em> en este <em>look<\/em> del <em>street style<\/em> de Tokyo. <strong>Para los complementos se puede optar por los mismos tonos<\/strong>, como un <em>shopper<\/em> negro y unas botas marrones.&nbsp;<\/p>\n<p><!-- BREAK 4 --><\/p>\n<p>Un <em>outfit<\/em> muy sobrio, pero con mucho estilo. Para las joyas, las piezas plateadas quedar\u00edan genial y<strong> aportar\u00edan mucha luz y quedar\u00eda muy bien con los detalles met\u00e1licos<\/strong> de la chaqueta tipo <em>biker<\/em> que a\u00f1ade un aspecto muy cool a cualquier <em>look<\/em> de <a class=\"text-outboundlink\" href=\"https:\/\/www.trendencias.com\/shopping\/como-vestir-oficina-verano-ropa-calzado-accesorios\" data-vars-post-title=\"C\u00f3mo vestir en la oficina en verano: ropa, calzado y accesorios\" data-vars-post-url=\"https:\/\/www.trendencias.com\/shopping\/como-vestir-oficina-verano-ropa-calzado-accesorios\">oficina<\/a>.&nbsp;<\/p>\n<p><!-- BREAK 5 --><\/p>\n<p><em>Nota: algunos de los enlaces de este art\u00edculo son afiliados y pueden reportar un beneficio a Trendencias. En caso de no disponibilidad, las ofertas pueden variar.<\/em><\/p>\n<p><!-- BREAK 6 --> <\/p>\n<p>Fotos |H&amp;M, Launchmetrics<\/p>\n<p>En Trendencias | <a class=\"text-outboundlink\" href=\"https:\/\/www.trendencias.com\/eventos\/cuando-empiezan-rebajas-verano-inditex-mango-h-m-corte-ingles\" data-vars-post-title=\"Cu\u00e1ndo empiezan las rebajas de verano 2025 en Zara, Mango, H&amp;M, El Corte Ingl\u00e9s y m\u00e1s\" data-vars-post-url=\"https:\/\/www.trendencias.com\/eventos\/cuando-empiezan-rebajas-verano-inditex-mango-h-m-corte-ingles\" data-id=\"noopener noreferrer\">Cu\u00e1ndo empiezan las rebajas de verano 2025 en Zara, Mango, H&amp;M, El Corte Ingl\u00e9s y m\u00e1s<\/a><\/p>\n<p>En Trendencias | <a class=\"text-outboundlink\" href=\"https:\/\/www.trendencias.com\/propuestas-y-consejos\/nuestro-flechazo-vaqueros-wide-leg-tiro-alto-como-llevarlos-cuatro-modelos-favorecedores\" data-vars-post-title=\"Nuestro flechazo son los vaqueros wide leg de tiro alto: c\u00f3mo llevarlos y 11 formas de combinarlos con estilo\" data-vars-post-url=\"https:\/\/www.trendencias.com\/propuestas-y-consejos\/nuestro-flechazo-vaqueros-wide-leg-tiro-alto-como-llevarlos-cuatro-modelos-favorecedores\" data-id=\"noopener noreferrer\">Nuestro flechazo son los vaqueros <em>wide leg<\/em> de tiro alto: c\u00f3mo llevarlos y los diez modelos m\u00e1s favorecedores<\/a><\/p>\n<p>En Trendencias | <a class=\"text-outboundlink\" href=\"https:\/\/www.trendencias.com\/eventos\/arenal-sound-todos-conciertos-entradas-horarios-confirmados-festival\" data-vars-post-title=\"Arenal Sound 2025: todos los conciertos, entradas y horarios confirmados del festival\" data-vars-post-url=\"https:\/\/www.trendencias.com\/eventos\/arenal-sound-todos-conciertos-entradas-horarios-confirmados-festival\" data-id=\"noopener noreferrer\"><u>Arenal Sound 2025: todos los conciertos, entradas y horarios confirmados del festival<\/u><\/a><\/p>\n","protected":false},"excerpt":{"rendered":"<p>Las vacaciones de verano van llegando a su fin y entre las novedades de H&amp;M he fichado una falda plisada muy elegante que llevaremos sin parar a la oficina. Una opci\u00f3n discreta con la que podemos hacer muchos looks y combinarlas tanto con jers\u00e9is oversize como con una camiseta b\u00e1sica en un rollo m\u00e1s casual. [&hellip;]<\/p>\n","protected":false},"author":1,"featured_media":114781,"comment_status":"closed","ping_status":"closed","sticky":false,"template":"","format":"standard","meta":[],"categories":[],"tags":[],"_links":{"self":[{"href":"http:\/\/hoycordobaweb.com\/index.php\/wp-json\/wp\/v2\/posts\/114780"}],"collection":[{"href":"http:\/\/hoycordobaweb.com\/index.php\/wp-json\/wp\/v2\/posts"}],"about":[{"href":"http:\/\/hoycordobaweb.com\/index.php\/wp-json\/wp\/v2\/types\/post"}],"author":[{"embeddable":true,"href":"http:\/\/hoycordobaweb.com\/index.php\/wp-json\/wp\/v2\/users\/1"}],"replies":[{"embeddable":true,"href":"http:\/\/hoycordobaweb.com\/index.php\/wp-json\/wp\/v2\/comments?post=114780"}],"version-history":[{"count":0,"href":"http:\/\/hoycordobaweb.com\/index.php\/wp-json\/wp\/v2\/posts\/114780\/revisions"}],"wp:featuredmedia":[{"embeddable":true,"href":"http:\/\/hoycordobaweb.com\/index.php\/wp-json\/wp\/v2\/media\/114781"}],"wp:attachment":[{"href":"http:\/\/hoycordobaweb.com\/index.php\/wp-json\/wp\/v2\/media?parent=114780"}],"wp:term":[{"taxonomy":"category","embeddable":true,"href":"http:\/\/hoycordobaweb.com\/index.php\/wp-json\/wp\/v2\/categories?post=114780"},{"taxonomy":"post_tag","embeddable":true,"href":"http:\/\/hoycordobaweb.com\/index.php\/wp-json\/wp\/v2\/tags?post=114780"}],"curies":[{"name":"wp","href":"https:\/\/api.w.org\/{rel}","templated":true}]}}