{"id":114774,"date":"2025-08-23T14:09:06","date_gmt":"2025-08-23T14:09:06","guid":{"rendered":"https:\/\/www.mujerhoy.com\/moda\/no-te-pierdas\/faldas-elegantes-fondo-armario-entretiempo-looks-diarios-mango-20250823105353-nt.html"},"modified":"2025-08-23T14:09:06","modified_gmt":"2025-08-23T14:09:06","slug":"faldas-elegantes-que-estrenaras-ya-y-te-pondras-sin-parar-en-septiembre-para-volver-a-la-rutina-con-estilo","status":"publish","type":"post","link":"http:\/\/hoycordobaweb.com\/index.php\/2025\/08\/23\/faldas-elegantes-que-estrenaras-ya-y-te-pondras-sin-parar-en-septiembre-para-volver-a-la-rutina-con-estilo\/","title":{"rendered":"Faldas elegantes que estrenar\u00e1s ya y te pondr\u00e1s sin parar en septiembre para volver a la rutina con estilo"},"content":{"rendered":"<p><!-- AUTHOR --><\/p>\n<div class=\"voc-author-timesocial \">\n<!-- AUTHOR --><\/p>\n<div class=\"voc-author-timesocial__signature \">\n<!-- IMAGE AUTHOR -->\n<picture class=\"voc-image-signature\">\n<img class=\"voc-image-signature__img\" src=\"http:\/\/hoycordobaweb.com\/wp-content\/uploads\/2025\/08\/faldas-elegantes-que-estrenaras-ya-y-te-pondras-sin-parar-en-septiembre-para-volver-a-la-rutina-con-estilo.jpg\" alt=\"Elena Olivero\">\n<\/picture>\n<!-- INFO AUTHOR --> <\/div><\/div>\n<p><!-- COMPONENTS --><\/p>\n<p class=\"voc-paragraph\">La llegada de septiembre est\u00e1 a la vuelta de la esquina y eso significa la vuelta a la rutina. Para muchas, la rentr\u00e9e es algo que coger con ganas y otras se lamentan por dejar atr\u00e1s ese tiempo de relax de las vacaciones. Pero, no podemos escapar al regreso a la oficina y mejor hacerlo con buena actitud y un <strong>look estiloso<\/strong> que nos d\u00e9 un impulso a la autoestima y ayuda a mejorar nuestro humor. Porque, lleg\u00f3 el momento de empezar a llenar el <a href=\"https:\/\/www.mujerhoy.com\/moda\/no-te-pierdas\/basicos-uniqlo-fondo-armario-vestir-bien-verano-entretiempo-20250721101258-nt.html\" data-voc-vtm-id=\"in-text-traffic\" title=\"armario de b\u00e1sicos\" data-mrf-link=\"www.mujerhoy.com\">armario de b\u00e1sicos<\/a> para ir a trabajar como <a href=\"https:\/\/www.mujerhoy.com\/moda\/no-te-pierdas\/camisas-rayas-basicos-atemporales-armario-capsula-mujeres-mayores-50-anos-zara-hym-20250802081145-nt.html\" data-voc-vtm-id=\"in-text-traffic\" title=\"camisas de rayas\" data-mrf-link=\"www.mujerhoy.com\">camisas de rayas<\/a>.<\/p>\n<p class=\"voc-paragraph\">Tambi\u00e9n regresan los vaqueros comod\u00edn y las <a href=\"https:\/\/www.mujerhoy.com\/moda\/tendencias\/chaquetas-entretiempo-modelos-bonitos-otono-rebajas-nueva-temporada-20250715101617-nt.html\" data-voc-vtm-id=\"in-text-traffic\" title=\"chaquetas de entretiempo\" data-mrf-link=\"www.mujerhoy.com\">chaquetas de entretiempo<\/a> entre otros esenciales de esta \u00e9poca del a\u00f1o. Pero, sobre todo, si quieres llevar outfits de oficina que son dignos de fotografiarse en el street style o vestir mucho mejor a partir de ahora, lo que m\u00e1s necesitas comprar son estas <strong>faldas elegantes<\/strong> que te pondr\u00e1s en septiembre y oto\u00f1o para derrochar estilo. Todas de la nueva colecci\u00f3n de Mango.<\/p>\n<div class=\"v-c-cmp v-c-cmp--t1 \">\n<div class=\"v-cmp-rld v-cmp-rld--2 \">\n<div class=\"v-cnt-m v-cnt-m--m\">\n<div class=\"v-cnt-m__c\">\n<div class=\"v-cnt-m__w v-cnt-m__w--1\">\n<p class=\"v-cnt-m__t\">\nTAMBI\u00c9N TE INTERESA\n<\/p>\n<\/div>\n<\/div>\n<\/div>\n<div class=\"v-g v-g--2-c v-g--bdr-min-xs\">\n<div class=\"v-g__c \">\n<article class=\"v-a v-a--cmp-rld v-a--cmp-rld-2 v-a--p-l\">\n<div class=\"v-a-img-c\">\n<figure class=\"v-a-fig\">\n<a href=\"https:\/\/www.mujerhoy.com\/moda\/no-te-pierdas\/ideas-looks-oficina-verano-trucos-elegante-20250725103503-nt.html#vtm_modulosEngag=mod-rel:moda:noticia:1:cmp:2-not\" class=\"v-a-link\" title=\"Ideas de looks para ir a la oficina en verano: los trucos para ir elegante sin pasar calor a los 50\"><br \/>\n<img loading=\"lazy\" class=\"v-a-img\" src=\"http:\/\/hoycordobaweb.com\/wp-content\/uploads\/2025\/08\/faldas-elegantes-que-estrenaras-ya-y-te-pondras-sin-parar-en-septiembre-para-volver-a-la-rutina-con-estilo-1.jpg\" alt=\"Ideas de looks para ir a la oficina en verano: los trucos para ir elegante sin pasar calor a los 50\"><br \/>\n<\/a><br \/>\n<\/figure>\n<\/div>\n<\/article>\n<\/div>\n<div class=\"v-g__c \">\n<article class=\"v-a v-a--cmp-rld v-a--cmp-rld-2 v-a--p-l\">\n<div class=\"v-a-img-c\">\n<figure class=\"v-a-fig\">\n<a href=\"https:\/\/www.mujerhoy.com\/moda\/no-te-pierdas\/pantalones-cortos-oficina-vacaciones-verano-20250710101540-nt.html#vtm_modulosEngag=mod-rel:moda:noticia:2:cmp:2-not\" class=\"v-a-link\" title=\"Seis pantalones cortos para ir a la oficina o de vacaciones: combinan con todo\"><br \/>\n<img loading=\"lazy\" class=\"v-a-img\" src=\"http:\/\/hoycordobaweb.com\/wp-content\/uploads\/2025\/08\/faldas-elegantes-que-estrenaras-ya-y-te-pondras-sin-parar-en-septiembre-para-volver-a-la-rutina-con-estilo-2.jpg\" alt=\"Seis pantalones cortos para ir a la oficina o de vacaciones: combinan con todo\"><br \/>\n<\/a><br \/>\n<\/figure>\n<\/div>\n<\/article>\n<\/div>\n<\/div>\n<\/div>\n<\/div>\n<p><h3 class=\"v-cmp-suh\">\nLas faldas elegantes de Mango que llevar\u00e1s a diario<br \/>\n<\/h3>\n<\/p>\n<div class=\"v-c-cmp v-c-cmp--s\">\n<div class=\"v-cmp-m \">\n<article class=\"v-a v-a--cmp-m v-c-cmp--m-z\">\n<div class=\"v-a-img-c \">\n<div class=\"v-a-fig\">\n<button class=\"v-a-link\" popovertarget=\"photo-492\"><br \/>\n<img loading=\"lazy\" src=\"http:\/\/hoycordobaweb.com\/wp-content\/uploads\/2025\/08\/faldas-elegantes-que-estrenaras-ya-y-te-pondras-sin-parar-en-septiembre-para-volver-a-la-rutina-con-estilo-3.jpg\" class=\"v-a-img\" width=\"650\" height=\"650\" alt=\"Falda midi satinada\" data-voc-vtm-id=\"in-text-traffic\"> <\/button><figcaption class=\"v-fc\">\n<span class=\"v-fc__t\"><br \/>\nFalda midi satinada<br \/>\n<\/span><br \/>\n<span class=\"v-fc__p\"><br \/>\nMANGO<br \/>\n<\/span><br \/>\n<\/figcaption><\/div>\n<\/div>\n<div id=\"photo-492\" popover class=\"v-mdl v-mdl--fw\">\n<button class=\"v-x\" popovertarget=\"photo-492\" popovertargetaction=\"hide\"><br \/>\n<span class=\"v-i\"><br \/>\n<svg width=\"24\" height=\"23.996\" viewBox=\"0 0 24 23.996\">\n<path data-name=\"Uni\u00f3n 29\" d=\"M12,14.03,2.031,24,0,21.963,9.968,12,0,2.033,2.031,0,12,9.966,21.969,0,24,2.033,14.032,12,24,21.963,21.969,24Z\" \/>\n<\/svg><br \/>\n<\/span><br \/>\n<\/button><\/p>\n<div class=\"v-mdl__c\">\n<div class=\"v-mdl__w\">\n<img loading=\"lazy\" src=\"http:\/\/hoycordobaweb.com\/wp-content\/uploads\/2025\/08\/faldas-elegantes-que-estrenaras-ya-y-te-pondras-sin-parar-en-septiembre-para-volver-a-la-rutina-con-estilo-3.jpg\" class=\"v-mdl__img-z\" width=\"650\" height=\"650\" alt>\n<\/div>\n<\/div>\n<\/div>\n<p><span class=\"v-bdp\"><\/span><br \/>\n<\/article>\n<\/div>\n<\/div>\n<p class=\"voc-paragraph\">En ning\u00fan armario c\u00e1psula elegante puede faltar esta <strong>falda midi satinada<\/strong> color amarillo pastel que puedes llevar con camisetas de tirantes, <a href=\"https:\/\/www.mujerhoy.com\/moda\/no-te-pierdas\/camisas-lino-elegantes-que-no-se-arrugan-20250718153049-nt.html\" title=\"www.mujerhoy.com\" data-voc-vtm-id=\"in-text-traffic\" data-mrf-link=\"www.mujerhoy.com\">camisas cl\u00e1sicas<\/a>, tops de todo tipo o incluso jers\u00e9is en cualquier \u00e9poca del a\u00f1o para ser siempre la mejor vestida. Queda fluida. Se amolda a la silueta. El tiro es alto con el\u00e1stico en la cintura. Y el bajo acaba en evas\u00e9.<\/p>\n<div class=\"v-c-cmp v-c-cmp--s\">\n<div class=\"v-cmp-m \">\n<article class=\"v-a v-a--cmp-m v-c-cmp--m-z\">\n<div class=\"v-a-img-c \">\n<div class=\"v-a-fig\">\n<button class=\"v-a-link\" popovertarget=\"photo-210\"><br \/>\n<img loading=\"lazy\" src=\"http:\/\/hoycordobaweb.com\/wp-content\/uploads\/2025\/08\/faldas-elegantes-que-estrenaras-ya-y-te-pondras-sin-parar-en-septiembre-para-volver-a-la-rutina-con-estilo-4.jpg\" class=\"v-a-img\" width=\"650\" height=\"650\" alt=\"Falda midi cruzada\" data-voc-vtm-id=\"in-text-traffic\"> <\/button><figcaption class=\"v-fc\">\n<span class=\"v-fc__t\"><br \/>\nFalda midi cruzada<br \/>\n<\/span><br \/>\n<span class=\"v-fc__p\"><br \/>\nMANGO<br \/>\n<\/span><br \/>\n<\/figcaption><\/div>\n<\/div>\n<div id=\"photo-210\" popover class=\"v-mdl v-mdl--fw\">\n<button class=\"v-x\" popovertarget=\"photo-210\" popovertargetaction=\"hide\"><br \/>\n<span class=\"v-i\"><br \/>\n<svg width=\"24\" height=\"23.996\" viewBox=\"0 0 24 23.996\">\n<path data-name=\"Uni\u00f3n 29\" d=\"M12,14.03,2.031,24,0,21.963,9.968,12,0,2.033,2.031,0,12,9.966,21.969,0,24,2.033,14.032,12,24,21.963,21.969,24Z\" \/>\n<\/svg><br \/>\n<\/span><br \/>\n<\/button><\/p>\n<div class=\"v-mdl__c\">\n<div class=\"v-mdl__w\">\n<img loading=\"lazy\" src=\"http:\/\/hoycordobaweb.com\/wp-content\/uploads\/2025\/08\/faldas-elegantes-que-estrenaras-ya-y-te-pondras-sin-parar-en-septiembre-para-volver-a-la-rutina-con-estilo-4.jpg\" class=\"v-mdl__img-z\" width=\"650\" height=\"650\" alt>\n<\/div>\n<\/div>\n<\/div>\n<p><span class=\"v-bdp\"><\/span><br \/>\n<\/article>\n<\/div>\n<\/div>\n<p class=\"voc-paragraph\">Ideal para llevar a la oficina con unos zapatos de tac\u00f3n bajo y un <a href=\"https:\/\/www.mujerhoy.com\/moda\/no-te-pierdas\/chalecos-elegantes-look-verano-rebajas-corte-ingles-20250627104231-nt.html\" data-voc-vtm-id=\"in-text-traffic\" title=\"chaleco de vestir\" data-mrf-link=\"www.mujerhoy.com\">chaleco de vestir<\/a>, es esta <strong>falda cruzada midi en azul marino<\/strong>. La mitad es lisa y la otra mitad est\u00e1 terminada en plisados. El corte es en evas\u00e9. Queda fluida. Tiene abertura en la parte delantera. El tiro es alto. Y, el cierre es con broche met\u00e1lico en la cintura.<\/p>\n<div class=\"v-c-cmp v-c-cmp--s\">\n<div class=\"v-cmp-m \">\n<article class=\"v-a v-a--cmp-m v-c-cmp--m-z\">\n<div class=\"v-a-img-c \">\n<div class=\"v-a-fig\">\n<button class=\"v-a-link\" popovertarget=\"photo-775\"><br \/>\n<img loading=\"lazy\" src=\"http:\/\/hoycordobaweb.com\/wp-content\/uploads\/2025\/08\/faldas-elegantes-que-estrenaras-ya-y-te-pondras-sin-parar-en-septiembre-para-volver-a-la-rutina-con-estilo-5.jpg\" class=\"v-a-img\" width=\"650\" height=\"650\" alt data-voc-vtm-id=\"in-text-traffic\"> <\/button>\n<\/div>\n<\/div>\n<div id=\"photo-775\" popover class=\"v-mdl v-mdl--fw\">\n<button class=\"v-x\" popovertarget=\"photo-775\" popovertargetaction=\"hide\"><br \/>\n<span class=\"v-i\"><br \/>\n<svg width=\"24\" height=\"23.996\" viewBox=\"0 0 24 23.996\">\n<path data-name=\"Uni\u00f3n 29\" d=\"M12,14.03,2.031,24,0,21.963,9.968,12,0,2.033,2.031,0,12,9.966,21.969,0,24,2.033,14.032,12,24,21.963,21.969,24Z\" \/>\n<\/svg><br \/>\n<\/span><br \/>\n<\/button><\/p>\n<div class=\"v-mdl__c\">\n<div class=\"v-mdl__w\">\n<img loading=\"lazy\" src=\"http:\/\/hoycordobaweb.com\/wp-content\/uploads\/2025\/08\/faldas-elegantes-que-estrenaras-ya-y-te-pondras-sin-parar-en-septiembre-para-volver-a-la-rutina-con-estilo-5.jpg\" class=\"v-mdl__img-z\" width=\"650\" height=\"650\" alt>\n<\/div>\n<\/div>\n<\/div>\n<p><span class=\"v-bdp\"><\/span><br \/>\n<\/article>\n<\/div>\n<\/div>\n<p class=\"voc-paragraph\">Si te pones cualquier camisa sencilla, sea de lino o algod\u00f3n, con unas bailarinas o <a href=\"https:\/\/www.mujerhoy.com\/moda\/tendencias\/zapatos-tendencia-primavera-mocasines-basicos-imprescindibles-20250302130217-nt.html\" data-voc-vtm-id=\"in-text-traffic\" title=\"mocasines cl\u00e1sicos\" data-mrf-link=\"www.mujerhoy.com\">mocasines cl\u00e1sicos<\/a> y esta <strong>falda midi de tablas en color burdeos<\/strong>, causar\u00e1s sensaci\u00f3n (e ir\u00e1s comod\u00edsima a diario). Tiene tiro alto. Se ajusta a la cintura. Incorpora pliegues en la zona de las caderas. El corte es fluido. Y, cuenta con ligero vuelo.<\/p>\n<div class=\"v-c-cmp v-c-cmp--s\">\n<div class=\"v-cmp-m \">\n<article class=\"v-a v-a--cmp-m v-c-cmp--m-z\">\n<div class=\"v-a-img-c \">\n<div class=\"v-a-fig\">\n<button class=\"v-a-link\" popovertarget=\"photo-199\"><br \/>\n<img loading=\"lazy\" src=\"http:\/\/hoycordobaweb.com\/wp-content\/uploads\/2025\/08\/faldas-elegantes-que-estrenaras-ya-y-te-pondras-sin-parar-en-septiembre-para-volver-a-la-rutina-con-estilo-6.jpg\" class=\"v-a-img\" width=\"650\" height=\"650\" alt=\"Falda l\u00e1piz recta\" data-voc-vtm-id=\"in-text-traffic\"> <\/button><figcaption class=\"v-fc\">\n<span class=\"v-fc__t\"><br \/>\nFalda l\u00e1piz recta<br \/>\n<\/span><br \/>\n<span class=\"v-fc__p\"><br \/>\nMANGO<br \/>\n<\/span><br \/>\n<\/figcaption><\/div>\n<\/div>\n<div id=\"photo-199\" popover class=\"v-mdl v-mdl--fw\">\n<button class=\"v-x\" popovertarget=\"photo-199\" popovertargetaction=\"hide\"><br \/>\n<span class=\"v-i\"><br \/>\n<svg width=\"24\" height=\"23.996\" viewBox=\"0 0 24 23.996\">\n<path data-name=\"Uni\u00f3n 29\" d=\"M12,14.03,2.031,24,0,21.963,9.968,12,0,2.033,2.031,0,12,9.966,21.969,0,24,2.033,14.032,12,24,21.963,21.969,24Z\" \/>\n<\/svg><br \/>\n<\/span><br \/>\n<\/button><\/p>\n<div class=\"v-mdl__c\">\n<div class=\"v-mdl__w\">\n<img loading=\"lazy\" src=\"http:\/\/hoycordobaweb.com\/wp-content\/uploads\/2025\/08\/faldas-elegantes-que-estrenaras-ya-y-te-pondras-sin-parar-en-septiembre-para-volver-a-la-rutina-con-estilo-6.jpg\" class=\"v-mdl__img-z\" width=\"650\" height=\"650\" alt>\n<\/div>\n<\/div>\n<\/div>\n<p><span class=\"v-bdp\"><\/span><br \/>\n<\/article>\n<\/div>\n<\/div>\n<p class=\"voc-paragraph\">El modelo favorito de todas las mejor vestidas para combinar con blusas elegantes, <a href=\"https:\/\/www.mujerhoy.com\/moda\/no-te-pierdas\/camisetas-manga-corta-versatiles-comodas-verano-20250726150248-nt.html\" data-voc-vtm-id=\"in-text-traffic\" title=\"camisetas b\u00e1sicas\" data-mrf-link=\"www.mujerhoy.com\">camisetas b\u00e1sicas<\/a> o camisas en looks de oficina, es esta <strong>falda larga tipo l\u00e1piz color negro<\/strong>. El corte es recto. Queda fluida. Incorpora abertura en la parte trasera del bajo. Cuenta con bolsillos. Y, el tiro es alto con trabillas para el cintur\u00f3n.<\/p>\n<div class=\"v-c-cmp v-c-cmp--s\">\n<div class=\"v-cmp-m \">\n<article class=\"v-a v-a--cmp-m v-c-cmp--m-z\">\n<div class=\"v-a-img-c \">\n<div class=\"v-a-fig\">\n<button class=\"v-a-link\" popovertarget=\"photo-396\"><br \/>\n<img loading=\"lazy\" src=\"http:\/\/hoycordobaweb.com\/wp-content\/uploads\/2025\/08\/faldas-elegantes-que-estrenaras-ya-y-te-pondras-sin-parar-en-septiembre-para-volver-a-la-rutina-con-estilo-7.jpg\" class=\"v-a-img\" width=\"650\" height=\"650\" alt=\"Falda con volumen y faj\u00edn\" data-voc-vtm-id=\"in-text-traffic\"> <\/button><figcaption class=\"v-fc\">\n<span class=\"v-fc__t\"><br \/>\nFalda con volumen y faj\u00edn<br \/>\n<\/span><br \/>\n<span class=\"v-fc__p\"><br \/>\nMANGO<br \/>\n<\/span><br \/>\n<\/figcaption><\/div>\n<\/div>\n<div id=\"photo-396\" popover class=\"v-mdl v-mdl--fw\">\n<button class=\"v-x\" popovertarget=\"photo-396\" popovertargetaction=\"hide\"><br \/>\n<span class=\"v-i\"><br \/>\n<svg width=\"24\" height=\"23.996\" viewBox=\"0 0 24 23.996\">\n<path data-name=\"Uni\u00f3n 29\" d=\"M12,14.03,2.031,24,0,21.963,9.968,12,0,2.033,2.031,0,12,9.966,21.969,0,24,2.033,14.032,12,24,21.963,21.969,24Z\" \/>\n<\/svg><br \/>\n<\/span><br \/>\n<\/button><\/p>\n<div class=\"v-mdl__c\">\n<div class=\"v-mdl__w\">\n<img loading=\"lazy\" src=\"http:\/\/hoycordobaweb.com\/wp-content\/uploads\/2025\/08\/faldas-elegantes-que-estrenaras-ya-y-te-pondras-sin-parar-en-septiembre-para-volver-a-la-rutina-con-estilo-7.jpg\" class=\"v-mdl__img-z\" width=\"650\" height=\"650\" alt>\n<\/div>\n<\/div>\n<\/div>\n<p><span class=\"v-bdp\"><\/span><br \/>\n<\/article>\n<\/div>\n<\/div>\n<p class=\"voc-paragraph\">Tambi\u00e9n se lleva mucho entre las m\u00e1s <a href=\"https:\/\/www.mujerhoy.com\/moda\/tendencias\/zapatos-comodos-elegantes-kitten-heels-primavera-20250510123528-nt.html\" data-voc-vtm-id=\"in-text-traffic\" title=\"elegantes con kitten heels\" data-mrf-link=\"www.mujerhoy.com\">elegantes con kitten heels<\/a> o elegantes bailarinas y adem\u00e1s estiliza mucho. Por eso necesitas esta <strong>falda midi con vuelo en color beige<\/strong>. Incorpora cintura ancha estilo faj\u00edn bien entallada al cuerpo. El tiro es alto. Tiene bajo deshilachado. Y, cuenta con pliegues que le aportan volumen.<\/p>\n<div class=\"v-c-cmp v-c-cmp--s\">\n<div class=\"v-cmp-m \">\n<article class=\"v-a v-a--cmp-m v-c-cmp--m-z\">\n<div class=\"v-a-img-c \">\n<div class=\"v-a-fig\">\n<button class=\"v-a-link\" popovertarget=\"photo-880\"><br \/>\n<img loading=\"lazy\" src=\"http:\/\/hoycordobaweb.com\/wp-content\/uploads\/2025\/08\/faldas-elegantes-que-estrenaras-ya-y-te-pondras-sin-parar-en-septiembre-para-volver-a-la-rutina-con-estilo-8.jpg\" class=\"v-a-img\" width=\"650\" height=\"650\" alt=\"Falda fluida animal print\" data-voc-vtm-id=\"in-text-traffic\"> <\/button><figcaption class=\"v-fc\">\n<span class=\"v-fc__t\"><br \/>\nFalda fluida animal print<br \/>\n<\/span><br \/>\n<span class=\"v-fc__p\"><br \/>\nMANGO<br \/>\n<\/span><br \/>\n<\/figcaption><\/div>\n<\/div>\n<div id=\"photo-880\" popover class=\"v-mdl v-mdl--fw\">\n<button class=\"v-x\" popovertarget=\"photo-880\" popovertargetaction=\"hide\"><br \/>\n<span class=\"v-i\"><br \/>\n<svg width=\"24\" height=\"23.996\" viewBox=\"0 0 24 23.996\">\n<path data-name=\"Uni\u00f3n 29\" d=\"M12,14.03,2.031,24,0,21.963,9.968,12,0,2.033,2.031,0,12,9.966,21.969,0,24,2.033,14.032,12,24,21.963,21.969,24Z\" \/>\n<\/svg><br \/>\n<\/span><br \/>\n<\/button><\/p>\n<div class=\"v-mdl__c\">\n<div class=\"v-mdl__w\">\n<img loading=\"lazy\" src=\"http:\/\/hoycordobaweb.com\/wp-content\/uploads\/2025\/08\/faldas-elegantes-que-estrenaras-ya-y-te-pondras-sin-parar-en-septiembre-para-volver-a-la-rutina-con-estilo-8.jpg\" class=\"v-mdl__img-z\" width=\"650\" height=\"650\" alt>\n<\/div>\n<\/div>\n<\/div>\n<p><span class=\"v-bdp\"><\/span><br \/>\n<\/article>\n<\/div>\n<\/div>\n<p class=\"voc-paragraph\">Para la pr\u00f3xima temporada, el estampado animal regresa a las tendencias (si es que alguna vez se ha ido). As\u00ed que, tienes que conjuntar tus <a href=\"https:\/\/www.mujerhoy.com\/moda\/no-te-pierdas\/cinco-blazers-basicas-asequibles-renovar-armario-20250802090230-nt.html\" data-voc-vtm-id=\"in-text-traffic\" title=\"blazers elegantes\" data-mrf-link=\"www.mujerhoy.com\">blazers elegantes<\/a> con esta <strong>falda midi animal print de leopardo<\/strong>. El corte es fluido. Es acampanada. Se amolda a la silueta. Tiene tiro alto decorado con detalle de puntilla. Y, la cintura es el\u00e1stica.<\/p>\n<div class=\"v-c-cmp v-c-cmp--s\">\n<div class=\"v-cmp-m \">\n<article class=\"v-a v-a--cmp-m v-c-cmp--m-z\">\n<div class=\"v-a-img-c \">\n<div class=\"v-a-fig\">\n<button class=\"v-a-link\" popovertarget=\"photo-328\"><br \/>\n<img loading=\"lazy\" src=\"http:\/\/hoycordobaweb.com\/wp-content\/uploads\/2025\/08\/faldas-elegantes-que-estrenaras-ya-y-te-pondras-sin-parar-en-septiembre-para-volver-a-la-rutina-con-estilo-9.jpg\" class=\"v-a-img\" width=\"650\" height=\"650\" alt=\"Falda denim con vuelo\" data-voc-vtm-id=\"in-text-traffic\"> <\/button><figcaption class=\"v-fc\">\n<span class=\"v-fc__t\"><br \/>\nFalda denim con vuelo<br \/>\n<\/span><br \/>\n<span class=\"v-fc__p\"><br \/>\nMANGO<br \/>\n<\/span><br \/>\n<\/figcaption><\/div>\n<\/div>\n<div id=\"photo-328\" popover class=\"v-mdl v-mdl--fw\">\n<button class=\"v-x\" popovertarget=\"photo-328\" popovertargetaction=\"hide\"><br \/>\n<span class=\"v-i\"><br \/>\n<svg width=\"24\" height=\"23.996\" viewBox=\"0 0 24 23.996\">\n<path data-name=\"Uni\u00f3n 29\" d=\"M12,14.03,2.031,24,0,21.963,9.968,12,0,2.033,2.031,0,12,9.966,21.969,0,24,2.033,14.032,12,24,21.963,21.969,24Z\" \/>\n<\/svg><br \/>\n<\/span><br \/>\n<\/button><\/p>\n<div class=\"v-mdl__c\">\n<div class=\"v-mdl__w\">\n<img loading=\"lazy\" src=\"http:\/\/hoycordobaweb.com\/wp-content\/uploads\/2025\/08\/faldas-elegantes-que-estrenaras-ya-y-te-pondras-sin-parar-en-septiembre-para-volver-a-la-rutina-con-estilo-9.jpg\" class=\"v-mdl__img-z\" width=\"650\" height=\"650\" alt>\n<\/div>\n<\/div>\n<\/div>\n<p><span class=\"v-bdp\"><\/span><br \/>\n<\/article>\n<\/div>\n<\/div>\n<p class=\"voc-paragraph\">Y queda el modelo imprescindible en cualquier armario para llevar con todas tus <a href=\"https:\/\/www.mujerhoy.com\/moda\/no-te-pierdas\/blusas-lunares-favorecedoras-elegantes-mango-cortefiel-20250423163135-nt.html\" data-voc-vtm-id=\"in-text-traffic\" title=\"blusas favorecedoras\" data-mrf-link=\"www.mujerhoy.com\">blusas favorecedoras<\/a> y dem\u00e1s partes de arriba a cualquier edad. Nos referimos a esta <strong>falda midi vaquera<\/strong> con tablas en azul oscuro. Llega a la altura de las rodillas. El bajo termina en evas\u00e9. Tiene vuelo. Y, cuenta con tiro alto.<\/p>\n<div class=\"v-c-cmp v-c-cmp--t1 \">\n<div class=\"v-cmp-rld v-cmp-rld--2 \">\n<div class=\"v-cnt-m v-cnt-m--m\">\n<div class=\"v-cnt-m__c\">\n<div class=\"v-cnt-m__w v-cnt-m__w--1\">\n<p class=\"v-cnt-m__t\">\nTAMBI\u00c9N TE INTERESA\n<\/p>\n<\/div>\n<\/div>\n<\/div>\n<div class=\"v-g v-g--2-c v-g--bdr-min-xs\">\n<div class=\"v-g__c \">\n<article class=\"v-a v-a--cmp-rld v-a--cmp-rld-2 v-a--p-l\">\n<div class=\"v-a-img-c\">\n<figure class=\"v-a-fig\">\n<a href=\"https:\/\/www.mujerhoy.com\/moda\/no-te-pierdas\/vestidos-vaqueros-tendencia-basicos-verano-favorito-reina-letizia-20250710111049-nt.html#vtm_modulosEngag=mod-rel:moda:noticia:1:cmp:2-not\" class=\"v-a-link\" title=\"Vestidos vaqueros, la tendencia que conquista a las royals y que es perfecta para llevar de la oficina al afterwork\"><br \/>\n<img loading=\"lazy\" class=\"v-a-img\" src=\"http:\/\/hoycordobaweb.com\/wp-content\/uploads\/2025\/08\/faldas-elegantes-que-estrenaras-ya-y-te-pondras-sin-parar-en-septiembre-para-volver-a-la-rutina-con-estilo-10.jpg\" alt=\"Vestidos vaqueros, la tendencia que conquista a las royals y que es perfecta para llevar de la oficina al afterwork\"><br \/>\n<\/a><br \/>\n<\/figure>\n<\/div>\n<\/article>\n<\/div>\n<div class=\"v-g__c \">\n<article class=\"v-a v-a--cmp-rld v-a--cmp-rld-2 v-a--p-l\">\n<div class=\"v-a-img-c\">\n<figure class=\"v-a-fig\">\n<a href=\"https:\/\/www.mujerhoy.com\/moda\/no-te-pierdas\/blazers-basicos-fondo-armario-rebajas-zara-20250707104658-nt.html#vtm_modulosEngag=mod-rel:moda:noticia:2:cmp:2-not\" class=\"v-a-link\" title=\"C\u00f3mpralas ahora, estr\u00e9nalas en oto\u00f1o: las blazers m\u00e1s bonitas de las rebajas para un fondo de armario de sobresaliente\"><br \/>\n<img loading=\"lazy\" class=\"v-a-img\" src=\"http:\/\/hoycordobaweb.com\/wp-content\/uploads\/2025\/08\/faldas-elegantes-que-estrenaras-ya-y-te-pondras-sin-parar-en-septiembre-para-volver-a-la-rutina-con-estilo-11.jpg\" alt=\"C\u00f3mpralas ahora, estr\u00e9nalas en oto\u00f1o: las blazers m\u00e1s bonitas de las rebajas para un fondo de armario de sobresaliente\"><br \/>\n<\/a><br \/>\n<\/figure>\n<\/div>\n<\/article>\n<\/div>\n<\/div>\n<\/div>\n<\/div>\n<div class=\"media_block\"><\/div>\n","protected":false},"excerpt":{"rendered":"<p>La llegada de septiembre est\u00e1 a la vuelta de la esquina y eso significa la vuelta a la rutina. Para muchas, la rentr\u00e9e es algo que coger con ganas y otras se lamentan por dejar atr\u00e1s ese tiempo de relax de las vacaciones. Pero, no podemos escapar al regreso a la oficina y mejor hacerlo [&hellip;]<\/p>\n","protected":false},"author":1,"featured_media":114775,"comment_status":"closed","ping_status":"closed","sticky":false,"template":"","format":"standard","meta":[],"categories":[],"tags":[],"_links":{"self":[{"href":"http:\/\/hoycordobaweb.com\/index.php\/wp-json\/wp\/v2\/posts\/114774"}],"collection":[{"href":"http:\/\/hoycordobaweb.com\/index.php\/wp-json\/wp\/v2\/posts"}],"about":[{"href":"http:\/\/hoycordobaweb.com\/index.php\/wp-json\/wp\/v2\/types\/post"}],"author":[{"embeddable":true,"href":"http:\/\/hoycordobaweb.com\/index.php\/wp-json\/wp\/v2\/users\/1"}],"replies":[{"embeddable":true,"href":"http:\/\/hoycordobaweb.com\/index.php\/wp-json\/wp\/v2\/comments?post=114774"}],"version-history":[{"count":0,"href":"http:\/\/hoycordobaweb.com\/index.php\/wp-json\/wp\/v2\/posts\/114774\/revisions"}],"wp:featuredmedia":[{"embeddable":true,"href":"http:\/\/hoycordobaweb.com\/index.php\/wp-json\/wp\/v2\/media\/114775"}],"wp:attachment":[{"href":"http:\/\/hoycordobaweb.com\/index.php\/wp-json\/wp\/v2\/media?parent=114774"}],"wp:term":[{"taxonomy":"category","embeddable":true,"href":"http:\/\/hoycordobaweb.com\/index.php\/wp-json\/wp\/v2\/categories?post=114774"},{"taxonomy":"post_tag","embeddable":true,"href":"http:\/\/hoycordobaweb.com\/index.php\/wp-json\/wp\/v2\/tags?post=114774"}],"curies":[{"name":"wp","href":"https:\/\/api.w.org\/{rel}","templated":true}]}}