{"id":114758,"date":"2025-08-23T03:09:45","date_gmt":"2025-08-23T03:09:45","guid":{"rendered":"https:\/\/www.ole.com.ar\/opinion\/armani-arquero-river-trabajando-mejorar-penales-titulos-superacion_0_rZooHTk0uV.html"},"modified":"2025-08-23T03:09:45","modified_gmt":"2025-08-23T03:09:45","slug":"armani-lo-viejo-funciona","status":"publish","type":"post","link":"http:\/\/hoycordobaweb.com\/index.php\/2025\/08\/23\/armani-lo-viejo-funciona\/","title":{"rendered":"Armani: lo viejo funciona"},"content":{"rendered":"<p><img src=\"http:\/\/hoycordobaweb.com\/wp-content\/uploads\/2025\/08\/armani-lo-viejo-funciona.jpg\"><\/p>\n<p><time class=\"createDate\" datetime=\"2025-08-23T00:09:45-03:00\">23\/08\/2025 00:09hs.<\/time><\/p>\n<div id=\"storyBody\">\n<div class=\"custom-text \" readability=\"38\">\n<p>Una nueva actuaci\u00f3n consagratoria de Franco<strong> Armani contiene un mensaje de superaci\u00f3n<\/strong>. Pr\u00f3ximo a los 39 a\u00f1os, con su vitrina personal rebosante de copas y medallas, cuando cualquiera podr\u00eda pensar que ya se gan\u00f3 el cielo y seguir con la simple inercia el tramo final de su carrera, el arquero de River<strong> sigue trabajando para mejorar <\/strong>y aprendiendo cosas que lo hagan progresar.<\/p>\n<\/div>\n<div class=\"custom-text \" readability=\"38\">\n<p>Aunque lleg\u00f3 tarde en el gol de Libertad, ya su actuaci\u00f3n en los 90\u2019 hab\u00eda sido<strong> otro testimonio de vigencia<\/strong>: las dos pelotas que sac\u00f3 de la \u201cratonera\u201d, al ladito del palo izquierdo, fueron <strong>m\u00e1s dif\u00edciles que lo que se ve a simple vista<\/strong>, y mantuvieron a su equipo en partido.<\/p>\n<\/div>\n<div class=\"custom-text \" readability=\"41\">\n<p>Que haya resultado el h\u00e9roe de los penales es todo un acto de justicia po\u00e9tica para alguien que, despu\u00e9s de una definici\u00f3n en la que se patearon 20 (<strong>contra Inter de Porto Alegre, 2023<\/strong>) y ninguno de los dos arqueros ataj\u00f3 ni uno, recibi\u00f3 sobre \u00e9l la descarga de <strong>una catarata de cuestionamientos<\/strong>. Lleg\u00f3 a reclamarse que el club fuera a comprar un arquero \u201cque ataje penales\u201d, y su DT de ese momento, Mart\u00edn Demichelis, le trajo un competidor para el puesto.<\/p>\n<\/div>\n<div class=\"custom-text \" readability=\"38\">\n<p>Viendo que, aun con todo su palmar\u00e9s para escudarse, <strong>defeccionaba en un aspecto importante<\/strong> (todos los mano a mano se definen a penales), se esforz\u00f3 en trabajar ese tema en especial, y su prestaci\u00f3n mejor\u00f3 claramente.<\/p>\n<\/div>\n<div class=\"custom-text \" readability=\"40\">\n<p>Entonces, mientras lleva m\u00e1s de 350 partidos en casi <strong>ocho a\u00f1os de bancarse el enorme arco de River<\/strong>, transmiti\u00f3 tambi\u00e9n un ejemplo de liderazgo: due\u00f1o de r\u00e9cords de presencias, t\u00edtulos, vallas invictas, eficacia en cl\u00e1sicos, igual <strong>hay que persevera<\/strong>r en ser todav\u00eda mejor.<\/p>\n<\/div>\n<div class=\"custom-text \" readability=\"35\">\n<p>Otra impronta de liderazgo, como la que<strong> expone con humildad cada vez que habla<\/strong>. Sin subirse a ning\u00fan poni por ganar, y con entereza para dar la cara cuando \u00e9l se equivoca o su equipo pierde.<\/p>\n<\/div>\n<div class=\"sc-e7b891c4-0 ifHnQL image-embed\"><img alt=\"El que le ataj\u00f3 a Talleres en la Supercopa Internacional (EFE \/ Juan Pablo Pino).\" loading=\"lazy\" width=\"720\" height=\"100\" decoding=\"async\" data-nimg=\"1\" src=\"http:\/\/hoycordobaweb.com\/wp-content\/uploads\/2025\/08\/armani-lo-viejo-funciona-2.jpg\"><span class=\"epigraphe\">El que le ataj\u00f3 a Talleres en la Supercopa Internacional (EFE \/ Juan Pablo Pino).<\/span><\/div>\n<div class=\"sc-e7b891c4-0 ifHnQL image-embed\"><img alt=\"Tambi\u00e9n le par\u00f3 uno a Platense (foto: Imagen TV).\" loading=\"lazy\" width=\"720\" height=\"100\" decoding=\"async\" data-nimg=\"1\" src=\"http:\/\/hoycordobaweb.com\/wp-content\/uploads\/2025\/08\/armani-lo-viejo-funciona-3.jpg\"><span class=\"epigraphe\">Tambi\u00e9n le par\u00f3 uno a Platense (foto: Imagen TV).<\/span><\/div>\n<div class=\"sc-a7166897-0 eoLsBE\" readability=\"6\">\n<section readability=\"2\"><picture><img alt=\"Los cambios que llevaron a Armani a mejorar en los penales a los 38 a\u00f1os\" loading=\"lazy\" width=\"290\" height=\"290\" decoding=\"async\" data-nimg=\"1\" src=\"http:\/\/hoycordobaweb.com\/wp-content\/uploads\/2025\/08\/armani-lo-viejo-funciona-4.jpg\"><\/picture>\n<p><span>Mir\u00e1 tambi\u00e9n<\/span><\/p>\n<hr>\n<h3>Los cambios que llevaron a Armani a mejorar en los penales a los 38 a\u00f1os<\/h3>\n<\/p>\n<\/section>\n<\/div>\n<div class=\"sc-a7166897-0 eoLsBE\" readability=\"6\">\n<section readability=\"2\"><picture><img alt=\"Las dos nuevas marcas coperas de Armani y el reconocimiento del Dibu Mart\u00ednez\" loading=\"lazy\" width=\"290\" height=\"290\" decoding=\"async\" data-nimg=\"1\" src=\"http:\/\/hoycordobaweb.com\/wp-content\/uploads\/2025\/08\/armani-lo-viejo-funciona-5.jpg\"><\/picture>\n<p><span>Mir\u00e1 tambi\u00e9n<\/span><\/p>\n<hr>\n<h3>Las dos nuevas marcas coperas de Armani y el reconocimiento del Dibu Mart\u00ednez<\/h3>\n<\/p>\n<\/section>\n<\/div>\n<\/div>\n","protected":false},"excerpt":{"rendered":"<p>23\/08\/2025 00:09hs. Una nueva actuaci\u00f3n consagratoria de Franco Armani contiene un mensaje de superaci\u00f3n. Pr\u00f3ximo a los 39 a\u00f1os, con su vitrina personal rebosante de copas y medallas, cuando cualquiera podr\u00eda pensar que ya se gan\u00f3 el cielo y seguir con la simple inercia el tramo final de su carrera, el arquero de River sigue [&hellip;]<\/p>\n","protected":false},"author":1,"featured_media":114759,"comment_status":"open","ping_status":"closed","sticky":false,"template":"","format":"standard","meta":[],"categories":[16],"tags":[],"_links":{"self":[{"href":"http:\/\/hoycordobaweb.com\/index.php\/wp-json\/wp\/v2\/posts\/114758"}],"collection":[{"href":"http:\/\/hoycordobaweb.com\/index.php\/wp-json\/wp\/v2\/posts"}],"about":[{"href":"http:\/\/hoycordobaweb.com\/index.php\/wp-json\/wp\/v2\/types\/post"}],"author":[{"embeddable":true,"href":"http:\/\/hoycordobaweb.com\/index.php\/wp-json\/wp\/v2\/users\/1"}],"replies":[{"embeddable":true,"href":"http:\/\/hoycordobaweb.com\/index.php\/wp-json\/wp\/v2\/comments?post=114758"}],"version-history":[{"count":0,"href":"http:\/\/hoycordobaweb.com\/index.php\/wp-json\/wp\/v2\/posts\/114758\/revisions"}],"wp:featuredmedia":[{"embeddable":true,"href":"http:\/\/hoycordobaweb.com\/index.php\/wp-json\/wp\/v2\/media\/114759"}],"wp:attachment":[{"href":"http:\/\/hoycordobaweb.com\/index.php\/wp-json\/wp\/v2\/media?parent=114758"}],"wp:term":[{"taxonomy":"category","embeddable":true,"href":"http:\/\/hoycordobaweb.com\/index.php\/wp-json\/wp\/v2\/categories?post=114758"},{"taxonomy":"post_tag","embeddable":true,"href":"http:\/\/hoycordobaweb.com\/index.php\/wp-json\/wp\/v2\/tags?post=114758"}],"curies":[{"name":"wp","href":"https:\/\/api.w.org\/{rel}","templated":true}]}}