{"id":114757,"date":"2025-08-22T11:45:34","date_gmt":"2025-08-22T11:45:34","guid":{"rendered":"https:\/\/ladecimaweb.com\/?p=32907"},"modified":"2025-08-22T11:45:34","modified_gmt":"2025-08-22T11:45:34","slug":"la-corte-suprema-dejo-firmes-las-condenas-por-asociacion-ilicita-a-un-subcomisario-cordobes","status":"publish","type":"post","link":"http:\/\/hoycordobaweb.com\/index.php\/2025\/08\/22\/la-corte-suprema-dejo-firmes-las-condenas-por-asociacion-ilicita-a-un-subcomisario-cordobes\/","title":{"rendered":"La Corte Suprema dej\u00f3 firmes las condenas por asociaci\u00f3n il\u00edcita a un subcomisario cordob\u00e9s"},"content":{"rendered":"<div class=\"boldgrid-section\">\n<div class=\"container\">\n<div class=\"row\">\n<div class=\"col-md-12 col-xs-12 col-sm-12\">\n<p class=\"\"><a href=\"https:\/\/noticiasargentinas.com\/politica\/judiciales\/policias-de-cordoba--la-corte-suprema-dejo-firmes-las-condenas-por-asociacion-ilicita_a68a7cfe72d5122c75f76c977\">La Corte Suprema de Justicia de la Naci\u00f3n dej\u00f3 firme la condena<\/a> a un subcomisario de la Polic\u00eda de C\u00f3rdoba por integrar una banda de ladrones dedicada al robo y venta de autopartes.<\/p>\n<p>El m\u00e1ximo tribunal, con las firmas de Horacio Rosatti, Carlos Rosenkrantz y Ricardo Lorenzetti,<span>&nbsp;<\/span><strong>rechaz\u00f3 por cuestiones formales un recurso extraordinario<\/strong><span>&nbsp;<\/span>presentado por la defensa de<span>&nbsp;<\/span><strong>Roberto Carlos Salv\u00e1tico<\/strong>, quien se desempe\u00f1aba como<span>&nbsp;<\/span><strong>jefe de brigada de la Divisi\u00f3n Sustracci\u00f3n de Automotores<\/strong>.<\/p>\n<p class=\"\">La investigaci\u00f3n determin\u00f3 que entre 2011 y 2012 un grupo de polic\u00edas<span>&nbsp;<\/span><strong>se asoci\u00f3 con delincuentes para sustraer veh\u00edculos, ocultarlos, trasladarlos a distintas provincias, falsificar documentaci\u00f3n y luego venderlos<\/strong><span>&nbsp;<\/span>como unidades completas o desguazados en autopartes.<\/p>\n<p class=\"\">En 2019, la C\u00e1mara en lo Criminal y Correccional de Quinta Nominaci\u00f3n de C\u00f3rdoba conden\u00f3 al comisario retirado Alejandro Molina y al subcomisario Salv\u00e1tico a<span>&nbsp;<\/span><strong>cuatro a\u00f1os y medio de prisi\u00f3n<\/strong>. Tambi\u00e9n recibieron penas de tres a\u00f1os y medio dos oficiales que reconocieron su participaci\u00f3n.<\/p>\n<p class=\"\">El Tribunal Superior de Justicia provincial ratific\u00f3 en 2021 esas condenas y describi\u00f3 la trama de la organizaci\u00f3n liderada por Jorge Alberto Fredes, que<span>&nbsp;<\/span><strong>utilizaba a miembros de la fuerza para facilitar las maniobras delictivas<\/strong>.<\/p>\n<p>Ante ese rev\u00e9s, la defensa de Salv\u00e1tico llev\u00f3 el caso a la Corte, que finalmente<span>&nbsp;<\/span><strong>desestim\u00f3 la queja por incumplimiento de requisitos procesales<\/strong><span>&nbsp;<\/span>establecidos en la acordada 4\/2007.<\/p>\n<p class=\"\">&nbsp;<\/p>\n<div class=\"ubm_banner\"><a href=\"https:\/\/youtu.be\/h2J_ZdbxYVc\" target=\"_blank\" rel=\"dofollow noopener noreferrer\"><img src=\"http:\/\/hoycordobaweb.com\/wp-content\/uploads\/2025\/08\/la-corte-suprema-dejo-firmes-las-condenas-por-asociacion-ilicita-a-un-subcomisario-cordobes.gif\" alt=\"\"><\/a><\/div>\n<\/div>\n<\/div>\n<\/div>\n<\/div>\n<p>La entrada <a rel=\"nofollow\" href=\"https:\/\/ladecimaweb.com\/la-corte-suprema-dejo-firmes-las-condenas-por-asociacion-ilicita-a-un-subcomisario-cordobes\/\">La Corte Suprema dej\u00f3 firmes las condenas por asociaci\u00f3n il\u00edcita a un subcomisario cordob\u00e9s<\/a> se public\u00f3 primero en <a rel=\"nofollow\" href=\"https:\/\/ladecimaweb.com\">LaDecima<\/a>.<\/p>\n","protected":false},"excerpt":{"rendered":"<p>La Corte Suprema de Justicia de la Naci\u00f3n dej\u00f3 firme la condena a un subcomisario de la Polic\u00eda de C\u00f3rdoba por integrar una banda de ladrones dedicada al robo y venta de autopartes. El m\u00e1ximo tribunal, con las firmas de Horacio Rosatti, Carlos Rosenkrantz y Ricardo Lorenzetti,&nbsp;rechaz\u00f3 por cuestiones formales un recurso extraordinario&nbsp;presentado por la [&hellip;]<\/p>\n","protected":false},"author":1,"featured_media":0,"comment_status":"closed","ping_status":"closed","sticky":false,"template":"","format":"standard","meta":[],"categories":[32],"tags":[],"_links":{"self":[{"href":"http:\/\/hoycordobaweb.com\/index.php\/wp-json\/wp\/v2\/posts\/114757"}],"collection":[{"href":"http:\/\/hoycordobaweb.com\/index.php\/wp-json\/wp\/v2\/posts"}],"about":[{"href":"http:\/\/hoycordobaweb.com\/index.php\/wp-json\/wp\/v2\/types\/post"}],"author":[{"embeddable":true,"href":"http:\/\/hoycordobaweb.com\/index.php\/wp-json\/wp\/v2\/users\/1"}],"replies":[{"embeddable":true,"href":"http:\/\/hoycordobaweb.com\/index.php\/wp-json\/wp\/v2\/comments?post=114757"}],"version-history":[{"count":0,"href":"http:\/\/hoycordobaweb.com\/index.php\/wp-json\/wp\/v2\/posts\/114757\/revisions"}],"wp:attachment":[{"href":"http:\/\/hoycordobaweb.com\/index.php\/wp-json\/wp\/v2\/media?parent=114757"}],"wp:term":[{"taxonomy":"category","embeddable":true,"href":"http:\/\/hoycordobaweb.com\/index.php\/wp-json\/wp\/v2\/categories?post=114757"},{"taxonomy":"post_tag","embeddable":true,"href":"http:\/\/hoycordobaweb.com\/index.php\/wp-json\/wp\/v2\/tags?post=114757"}],"curies":[{"name":"wp","href":"https:\/\/api.w.org\/{rel}","templated":true}]}}