{"id":114669,"date":"2025-08-22T03:11:51","date_gmt":"2025-08-22T03:11:51","guid":{"rendered":"https:\/\/www.ole.com.ar\/futbol-internacional\/libertadores\/armani-penales-desahogo-llanto-lagrimas-libetad-libertadores_0_rqtKZzSj0X.html"},"modified":"2025-08-22T03:11:51","modified_gmt":"2025-08-22T03:11:51","slug":"armani-el-gran-desahogo-y-los-abrazos-con-gallardo-y-enzo-perez-tras-los-penales-vs-libertad","status":"publish","type":"post","link":"http:\/\/hoycordobaweb.com\/index.php\/2025\/08\/22\/armani-el-gran-desahogo-y-los-abrazos-con-gallardo-y-enzo-perez-tras-los-penales-vs-libertad\/","title":{"rendered":"Armani: el gran desahogo y los abrazos con Gallardo y Enzo P\u00e9rez tras los penales vs. Libertad"},"content":{"rendered":"<p><img src=\"http:\/\/hoycordobaweb.com\/wp-content\/uploads\/2025\/08\/armani-el-gran-desahogo-y-los-abrazos-con-gallardo-y-enzo-perez-tras-los-penales-vs-libertad.jpg\"><\/p>\n<p><span class=\"createDate\">22\/08\/2025 00:11hs.<\/span><time class=\"modificatedDate\" datetime=\"2025-08-22T00:13:35-03:00\"> Actualizado al 22\/08\/2025 00:13hs.<\/time><\/p>\n<div id=\"storyBody\">\n<div class=\"custom-text \" readability=\"34.894736842105\">\n<p>L\u00e1grimas. Gran desahogo. Porque pudo cortar la racha de River y la de \u00e9l a nivel personal. Seis a\u00f1os pasaron para que Franco Armani y el Millo pudieran volver a festejar en una tanda de penales. Se acab\u00f3 la mufa. Por eso el festejo final, el emotivo abrazo con Enzo P\u00e9rez, otro de mil batallas. Con el propio Marcelo Gallardo y con Tato Montes, el entrenador de arqueros. Un Pulpo que ataj\u00f3 el remate final de Fern\u00e1ndez y le dio a River el boleto a cuartos de final de la Libertadores. <a href=\"https:\/\/www.ole.com.ar\/futbol-internacional\/libertadores\/river-vs-libertad-partido-vuelta-copa-libertadores-2025-minuto-minuto_0_x0oP3DzCRL.html\" target=\"_self\" title=\"Atr\u00e1s qued\u00f3 Libertad, un inesperado e inc\u00f3modo escollo. \" alt=\"Atr\u00e1s qued\u00f3 Libertad, un inesperado e inc\u00f3modo escollo. \" rel=\"noopener noreferrer\">Atr\u00e1s qued\u00f3 Libertad, un inesperado e inc\u00f3modo escollo. <\/a><\/p>\n<\/div>\n<div class=\"custom-text \" readability=\"41\">\n<p><strong>\u201cNo se nos ven\u00eda dando. La final con Talleres en Paraguay, Platense. Siempre se nos hicieron dif\u00edciles los penales. Se nos pudo dar en la Libertadores. Es la recompensa al trabajo, al sacrificio y no darse por vencido. Hay un grupo humano, grandes jugadores. No nos pod\u00edamos quedar afuera\u201d,<\/strong> expres\u00f3 un Armani ya m\u00e1s calmo en el post partido, tratando de expresar sus emociones. Luego, lleg\u00f3 el an\u00e1lisis. <\/p>\n<\/div>\n<div class=\"sc-e7b891c4-0 ifHnQL image-embed\"><img alt=\"Armani se abraza con Enzo P\u00e9rez (De la Orden). \" loading=\"lazy\" width=\"720\" height=\"100\" decoding=\"async\" data-nimg=\"1\" src=\"http:\/\/hoycordobaweb.com\/wp-content\/uploads\/2025\/08\/armani-el-gran-desahogo-y-los-abrazos-con-gallardo-y-enzo-perez-tras-los-penales-vs-libertad-2.jpg\"><span class=\"epigraphe\">Armani se abraza con Enzo P\u00e9rez (De la Orden). <\/span><\/div>\n<div class=\"custom-text \" readability=\"41\">\n<p><strong>\u00bfQu\u00e9 dijo de esta serie infartante? <\/strong>\u00abUn partido muy sufrido. Despu\u00e9s del gol bajamos. Le dimos chance al rival. Enfrentamos a un equipo luchador, aguerrido. Sab\u00edamos que iba a ser un partido igual que en Paraguay, con pelotas largas, cabezazos. Es el alma de ellos, se hacen fuertes de esa manera. Con uno menos se nos hizo m\u00e1s dif\u00edcil. Aguantamos y los chicos dejaron todo. Hay cosas por mejorar, vamos por ese camino. Lo importante es que pasamos\u00bb, respondi\u00f3 el oriundo de Casilda. <\/p>\n<\/div>\n<div class=\"sc-3c5a76cc-1 idjLTd\">\n<div class=\"sc-e8b2828-0 fBmEJc\" type=\"embed\">\n<div class=\"sc-e8b2828-1 iPLbWT videoText\" id=\"contentTitleembedQpKFNutG\" type=\"embed\"><svg fill=\"#ffffff\"><symbol id=\"play\" viewBox=\"0 0 512 512\"><path d=\"M512 256C512 397.4 397.4 512 256 512C114.6 512 0 397.4 0 256C0 114.6 114.6 0 256 0C397.4 0 512 114.6 512 256zM176 168V344C176 352.7 180.7 360.7 188.3 364.9C195.8 369.2 205.1 369 212.5 364.5L356.5 276.5C363.6 272.1 368 264.4 368 256C368 247.6 363.6 239.9 356.5 235.5L212.5 147.5C205.1 142.1 195.8 142.8 188.3 147.1C180.7 151.3 176 159.3 176 168V168z\" \/><\/symbol><use xlink:href=\"#play\" \/><\/svg><\/p>\n<div class=\"right\">\n<p>Franco Armani<!-- --> &#8211; <span>&nbsp;<\/span><\/p>\n<h2 class=\"title-vid\">Las l\u00e1grimas de Armani y el abrazo con sus compa\u00f1eros<\/h2>\n<\/div>\n<\/div>\n<p><span class=\"back\" id=\"spanBackembedQpKFNutG\"><\/span><\/div>\n<div class=\"JWvideoNota_title\">\n<p>FOX Sports.<\/p>\n<\/div>\n<\/div>\n<div class=\"custom-text \" readability=\"37\">\n<p><strong>Sobre este \u00faltimo punto, insisti\u00f3: <\/strong>\u00abTenemos que mejorar. La Libertadores es muy complicada. Son detalles. Tenemos que aceitar muchas cosas. Tenemos partidos por delante que nos van a hacer llegar mejor\u00bb. Por lo pronto, CARP ya se encuentra entre los ocho mejores de Am\u00e9rica por segundo a\u00f1o consecutivo. <\/p>\n<\/div>\n<p><h2><strong>La tanda de los penales<\/strong><\/h2>\n<\/p>\n<div class=\"sc-3c5a76cc-1 idjLTd\">\n<div class=\"sc-e8b2828-0 fBmEJc\" type=\"embed\">\n<div class=\"sc-e8b2828-1 iPLbWT videoText\" id=\"contentTitleembedCJooqwiC\" type=\"embed\"><svg fill=\"#ffffff\"><symbol id=\"play\" viewBox=\"0 0 512 512\"><path d=\"M512 256C512 397.4 397.4 512 256 512C114.6 512 0 397.4 0 256C0 114.6 114.6 0 256 0C397.4 0 512 114.6 512 256zM176 168V344C176 352.7 180.7 360.7 188.3 364.9C195.8 369.2 205.1 369 212.5 364.5L356.5 276.5C363.6 272.1 368 264.4 368 256C368 247.6 363.6 239.9 356.5 235.5L212.5 147.5C205.1 142.1 195.8 142.8 188.3 147.1C180.7 151.3 176 159.3 176 168V168z\" \/><\/symbol><use xlink:href=\"#play\" \/><\/svg><\/p>\n<div class=\"right\">\n<p>River Plate<!-- --> &#8211; <span>&nbsp;<\/span><\/p>\n<h2 class=\"title-vid\">La tanda completa de penales entre River y Libertad<\/h2>\n<\/div>\n<\/div>\n<p><span class=\"back\" id=\"spanBackembedCJooqwiC\"><\/span><\/div>\n<div class=\"JWvideoNota_title\">\n<p>FOX Sports.<\/p>\n<\/div>\n<\/div>\n<p><h2><strong>Los n\u00fameros de Armani en penales<\/strong><\/h2>\n<\/p>\n<div class=\"custom-text \" readability=\"35\">\n<p>Le patearon <strong>178 penales, 133 terminaron en gol, 31 ataj\u00f3 (17,42%) y 14 fueron desviados. <\/strong><\/p>\n<\/div>\n<div class=\"sc-a7166897-0 eoLsBE\" readability=\"6\">\n<section readability=\"2\"><picture><img alt=\"Video: los penales que le dieron el pase a River a cuartos de final\" loading=\"lazy\" width=\"290\" height=\"290\" decoding=\"async\" data-nimg=\"1\" src=\"http:\/\/hoycordobaweb.com\/wp-content\/uploads\/2025\/08\/armani-el-gran-desahogo-y-los-abrazos-con-gallardo-y-enzo-perez-tras-los-penales-vs-libertad-3.jpg\"><\/picture>\n<p><span>Mir\u00e1 tambi\u00e9n<\/span><\/p>\n<hr>\n<h3>Video: los penales que le dieron el pase a River a cuartos de final<\/h3>\n<\/p>\n<\/section>\n<\/div>\n<div class=\"sc-a7166897-0 eoLsBE\" readability=\"6\">\n<section readability=\"2\"><picture><img alt=\"River a cuartos de final: cu\u00e1ndo juega contra Palmeiras y d\u00f3nde se define la serie\" loading=\"lazy\" width=\"290\" height=\"290\" decoding=\"async\" data-nimg=\"1\" src=\"http:\/\/hoycordobaweb.com\/wp-content\/uploads\/2025\/08\/armani-el-gran-desahogo-y-los-abrazos-con-gallardo-y-enzo-perez-tras-los-penales-vs-libertad-4.jpg\"><\/picture>\n<p><span>Mir\u00e1 tambi\u00e9n<\/span><\/p>\n<hr>\n<h3>River a cuartos de final: cu\u00e1ndo juega contra Palmeiras y d\u00f3nde se define la serie<\/h3>\n<\/p>\n<\/section>\n<\/div>\n<div class=\"sc-a7166897-0 eoLsBE\" readability=\"6.5\">\n<section readability=\"3\"><picture><img alt=\"River sufri\u00f3 con Libertad, pas\u00f3 por penales y est\u00e1 en cuartos de la Libertadores\" loading=\"lazy\" width=\"290\" height=\"290\" decoding=\"async\" data-nimg=\"1\" src=\"http:\/\/hoycordobaweb.com\/wp-content\/uploads\/2025\/08\/armani-el-gran-desahogo-y-los-abrazos-con-gallardo-y-enzo-perez-tras-los-penales-vs-libertad-5.jpg\"><\/picture>\n<p><span>Mir\u00e1 tambi\u00e9n<\/span><\/p>\n<hr>\n<h3>River sufri\u00f3 con Libertad, pas\u00f3 por penales y est\u00e1 en cuartos de la Libertadores<\/h3>\n<\/p>\n<\/section>\n<\/div>\n<div class=\"sc-a7166897-0 eoLsBE\" readability=\"8\">\n<section readability=\"6\"><picture><img alt=\"Copa Libertadores: con River, V\u00e9lez, Racing y Estudiantes, as\u00ed qued\u00f3 la llave de cuartos de final\" loading=\"lazy\" width=\"290\" height=\"290\" decoding=\"async\" data-nimg=\"1\" src=\"http:\/\/hoycordobaweb.com\/wp-content\/uploads\/2025\/08\/armani-el-gran-desahogo-y-los-abrazos-con-gallardo-y-enzo-perez-tras-los-penales-vs-libertad-6.jpg\"><\/picture>\n<p><span>Mir\u00e1 tambi\u00e9n<\/span><\/p>\n<hr>\n<h3>Copa Libertadores: con River, V\u00e9lez, Racing y Estudiantes, as\u00ed qued\u00f3 la llave de cuartos de final<\/h3>\n<\/p>\n<\/section>\n<\/div>\n<div class=\"sc-a7166897-0 eoLsBE\" readability=\"6\">\n<section readability=\"2\"><picture><img alt=\"Paulo D\u00edaz no jug\u00f3 el segundo tiempo ante Libertad por un golpe en un tobillo\" loading=\"lazy\" width=\"290\" height=\"290\" decoding=\"async\" data-nimg=\"1\" src=\"http:\/\/hoycordobaweb.com\/wp-content\/uploads\/2025\/08\/armani-el-gran-desahogo-y-los-abrazos-con-gallardo-y-enzo-perez-tras-los-penales-vs-libertad-7.jpg\"><\/picture>\n<p><span>Mir\u00e1 tambi\u00e9n<\/span><\/p>\n<hr>\n<h3>Paulo D\u00edaz no jug\u00f3 el segundo tiempo ante Libertad por un golpe en un tobillo<\/h3>\n<\/p>\n<\/section>\n<\/div>\n<\/div>\n","protected":false},"excerpt":{"rendered":"<p>22\/08\/2025 00:11hs. Actualizado al 22\/08\/2025 00:13hs. L\u00e1grimas. Gran desahogo. Porque pudo cortar la racha de River y la de \u00e9l a nivel personal. Seis a\u00f1os pasaron para que Franco Armani y el Millo pudieran volver a festejar en una tanda de penales. Se acab\u00f3 la mufa. Por eso el festejo final, el emotivo abrazo con [&hellip;]<\/p>\n","protected":false},"author":1,"featured_media":114670,"comment_status":"open","ping_status":"closed","sticky":false,"template":"","format":"standard","meta":[],"categories":[16],"tags":[],"_links":{"self":[{"href":"http:\/\/hoycordobaweb.com\/index.php\/wp-json\/wp\/v2\/posts\/114669"}],"collection":[{"href":"http:\/\/hoycordobaweb.com\/index.php\/wp-json\/wp\/v2\/posts"}],"about":[{"href":"http:\/\/hoycordobaweb.com\/index.php\/wp-json\/wp\/v2\/types\/post"}],"author":[{"embeddable":true,"href":"http:\/\/hoycordobaweb.com\/index.php\/wp-json\/wp\/v2\/users\/1"}],"replies":[{"embeddable":true,"href":"http:\/\/hoycordobaweb.com\/index.php\/wp-json\/wp\/v2\/comments?post=114669"}],"version-history":[{"count":0,"href":"http:\/\/hoycordobaweb.com\/index.php\/wp-json\/wp\/v2\/posts\/114669\/revisions"}],"wp:featuredmedia":[{"embeddable":true,"href":"http:\/\/hoycordobaweb.com\/index.php\/wp-json\/wp\/v2\/media\/114670"}],"wp:attachment":[{"href":"http:\/\/hoycordobaweb.com\/index.php\/wp-json\/wp\/v2\/media?parent=114669"}],"wp:term":[{"taxonomy":"category","embeddable":true,"href":"http:\/\/hoycordobaweb.com\/index.php\/wp-json\/wp\/v2\/categories?post=114669"},{"taxonomy":"post_tag","embeddable":true,"href":"http:\/\/hoycordobaweb.com\/index.php\/wp-json\/wp\/v2\/tags?post=114669"}],"curies":[{"name":"wp","href":"https:\/\/api.w.org\/{rel}","templated":true}]}}